{"id":37193,"date":"2021-01-15T15:00:45","date_gmt":"2021-01-15T14:00:45","guid":{"rendered":"https:\/\/chartedefontevraultprovidentialisme.wordpress.com\/?p=37193"},"modified":"2021-01-15T15:00:45","modified_gmt":"2021-01-15T14:00:45","slug":"louis-chiren-maitre-imagier-de-la-flotte-providentialiste-offre-aux-royalistes-le-mont-tombe","status":"publish","type":"post","link":"https:\/\/charte-fontevrault-providentialisme.fr\/index.php\/2021\/01\/15\/louis-chiren-maitre-imagier-de-la-flotte-providentialiste-offre-aux-royalistes-le-mont-tombe\/","title":{"rendered":"Louis Chiren, Ma\u00eetre imagier de la \u00ab flotte providentialiste\u201d offre aux royalistes &#8220;le Mont Tombe&#8221;."},"content":{"rendered":"\n\n\n<h4><strong>AVIS IMPORTANT DE LOUIS\u00a0 CHIREN,<\/strong>\u00a0\u00a0<a href=\"https:\/\/lafrancechretienne.wordpress.com\/2016\/02\/17\/louis-chiren-artiste-et-poete-inspire-doeuvres-catholiques-et-royales\/\">Artiste et po\u00e8te inspir\u00e9, d\u2019oeuvres catholiques et royales<\/a><\/h4>\n<h4><a href=\"https:\/\/lafrancechretienne.wordpress.com\/2016\/02\/17\/louis-chiren-artiste-et-poete-inspire-doeuvres-catholiques-et-royales\/\">https:\/\/louischiren6.wixsite.com\/peintreetpoete<\/a><\/h4>\n<h4>\u00a0\u00a0\u00a0\u00a0\u00a0<em>\u201cLa Charte de Fontevrault\u00a0\u00bb\u00a0<strong>*<\/strong>\u00a0fond\u00e9e par Monsieur Alain Texier le 25 ao\u00fbt 1988 en l\u2019abbaye royale homonyme, a l\u2019autorisation de reproduire les textes ainsi que les oeuvres picturales de Louis Chiren pour l\u2019ensemble de ses oeuvres.<\/em><\/h4>\n<div id=\"post-33693\" class=\"post-33693 post type-post status-publish format-standard hentry category-blogs-et-sites-catholiques category-blogs-et-sites-providentialistes tag-abbaye-royale-de-fontevraud-45590 tag-alain-texier-cja-president-fondateur-de-la-charte-de-fontevrault tag-cathedrale-des-sacres tag-cathedrale-notre-dame-de-reims tag-charles-vii-le-victorieux-de-france tag-christ-roi tag-commune-damiens-80000 tag-commune-de-chartres-28000 tag-commune-de-domremy-la-pucelle-88630 tag-commune-de-reims-51000 tag-https-louischiren6-wixsite-com tag-jehanne-la-pucelle-dorleans tag-louis-chiren-le-labyrinthe-de-reims tag-louis-chiren-maitre-imagier-de-la-flotte-providentialiste tag-n-d-de-la-sainte-esperance tag-neuvaine-de-preparation-spirituelle-aux-rencontres tag-ravenne-emilie-romagne-italie tag-rois-de-france tag-sainte-therese-de-lenfant-jesus tag-st-francois-de-sales tag-ste-jeanne-francoise-fremiot-de-chantal\">\n<div class=\"entry-content\">\n<h5><strong>(*)<\/strong>\u00a0LETTRE DE VENISE (3 mai 2009) ; le confessionnal de Sainte-Marie-des-Fran\u00e7ais.\u00a0<a href=\"http:\/\/charte.de.fontevrault.over-blog.com\/article-31726284.htm\" rel=\"nofollow\">http:\/\/charte.de.fontevrault.over-blog.com\/article-31726284.htm<\/a>l<\/h5>\n<\/div>\n<\/div>\n<div id=\"attachment_37195\" style=\"width: 564px\" class=\"wp-caption alignleft\"><a href=\"https:\/\/charte-fontevrault-providentialisme.fr\/wp-content\/uploads\/2021\/01\/le-mont-tombe.jpg\"><img loading=\"lazy\" decoding=\"async\" aria-describedby=\"caption-attachment-37195\" class=\"wp-image-37195\" src=\"https:\/\/charte-fontevrault-providentialisme.fr\/wp-content\/uploads\/2021\/01\/le-mont-tombe.jpg?w=300\" alt=\"\" width=\"554\" height=\"406\" srcset=\"https:\/\/charte-fontevrault-providentialisme.fr\/wp-content\/uploads\/2021\/01\/le-mont-tombe.jpg 1981w, https:\/\/charte-fontevrault-providentialisme.fr\/wp-content\/uploads\/2021\/01\/le-mont-tombe-300x220.jpg 300w, https:\/\/charte-fontevrault-providentialisme.fr\/wp-content\/uploads\/2021\/01\/le-mont-tombe-1024x752.jpg 1024w, https:\/\/charte-fontevrault-providentialisme.fr\/wp-content\/uploads\/2021\/01\/le-mont-tombe-768x564.jpg 768w, https:\/\/charte-fontevrault-providentialisme.fr\/wp-content\/uploads\/2021\/01\/le-mont-tombe-1536x1127.jpg 1536w, https:\/\/charte-fontevrault-providentialisme.fr\/wp-content\/uploads\/2021\/01\/le-mont-tombe-624x458.jpg 624w\" sizes=\"auto, (max-width: 554px) 100vw, 554px\" \/><\/a><p id=\"caption-attachment-37195\" class=\"wp-caption-text\">nhttps:\/\/louischiren6.wixsite.com\/esperance\/le-mont-tombe<\/p><\/div>\n<p>LE MONT TOMBE<strong> (1)<\/strong><\/p>\n\n\n\n\n\n\n\n<p>\u00a0 \u00a0 Cette petite peinture a pris naissance les 7, 8 et 9 janvier pour s\u2019achever le 10 janvier 2021. Le 7 janvier nous pouvions entendre cette \u00c9pitre d\u2019Isa\u00efe 60,1-6 :<br \/>\u00a0 \u00a0 \u00a0 &#8220;<em>L\u00e8ve-toi, resplendis, J\u00e9rusalem ! Car elle est venue, ta lumi\u00e8re, et la gloire du Seigneur s\u2019est lev\u00e9e sur toi. Voici que les t\u00e9n\u00e8bres couvrent la terre, et une sombre obscurit\u00e9 les peuples ; mais sur toi Yahweh se l\u00e8ve, et sa gloire se manifeste sur toi. Les nations marchent vers ta lumi\u00e8re, et les rois vers la clart\u00e9 de ton lever. L\u00e8ve tes regards autour de toi, et vois : tous se rassemblent, ils viennent \u00e0 toi ; tes fils viennent de loin, et tes filles sont port\u00e9es sur les bras. Tu le verras alors, et tu seras radieuse ; ton c\u0153ur tressaillira et se dilatera ; car les richesses de la mer se dirigeront vers toi, les tr\u00e9sors des nations viendront \u00e0 toi. Des multitudes de chameaux te couvriront, les dromadaires de Madian et d\u2019Epha ; tous ceux de Saba viendront, ils apporteront de l\u2019or et de l\u2019encens, et publieront les louanges de Yahweh<\/em> &#8220;.<\/p>\n<p>\u00a0 \u00a0 \u00a0 Le 10 janvier nous f\u00eations la solennit\u00e9 de l\u2019\u00c9piphanie de Notre Seigneur ainsi que saint Guillaume, archev\u00eaque de Bourges en 1209.<\/p>\n\n\n\n<p>\u00a0 \u00a0 \u00a0Admiratif des cr\u00e9ations que nous ont l\u00e9gu\u00e9es d\u2019illustres peintres, je scrutais depuis longtemps la toile intitul\u00e9e la tour de Babel <strong>(2)<\/strong> que peignit <strong>(3)<\/strong> Bruegel l\u2019Ancien\u00a0 <strong>(4)<\/strong>\u00a0 en 1563. Pour \u00eatre pr\u00e9cis, il en fit deux comme ci l\u2019exercice n\u2019\u00e9tait pas assez difficile. <em>C\u2019est le plus grand format (114&#215;155 cm) <strong>(5)<\/strong> qui pour ma part a retenu mon attention.<\/em> Le peintre souhaitait illustrer la folie humaine. Sur cette toile, des constructions se superposent \u00e9pousant la forme d\u2019une colline, l\u2019ensemble architectural n\u2019est pas achev\u00e9 sur cette version. Des ouvriers s\u2019activent, l\u2019on voit des \u00e9chafaudages et des roues de carrier. En bas \u00e0 gauche un roi semble assister \u00e0 l\u2019avanc\u00e9e des travaux, un cours d\u2019eau arrive au pied des remparts sur la droite. L\u2019ensemble a \u00e9t\u00e9 r\u00e9alis\u00e9 avec une ma\u00eetrise des perspectives admirable ainsi qu\u2019un jeu des couleurs fort subtile. Cette construction imaginaire se loge dans une forme pyramidale la base \u00e9tant circulaire.\u00a0 \u00a0 \u00a0<\/p>\n<p>\u00a0 \u00a0Nous pourrions mettre en face de cette \u0153uvre d\u00e9di\u00e9e \u00e0 la folie humaine une autre cr\u00e9ation qui pourrait \u00eatre sa destin\u00e9e invers\u00e9e aussi bien du point de vue visuel que spirituel. Il s\u2019agit du c\u00f4ne spiral\u00e9 de l\u2019enfer, illustration r\u00e9alis\u00e9e par Botticelli <strong>(6)<\/strong> pour la divine com\u00e9die de Dante <strong>(7)<\/strong> . Ce manuscrit enlumin\u00e9 aurait \u00e9t\u00e9 r\u00e9alis\u00e9 \u00e0 la demande d\u2019un banquier Florentin, Lorenzo de M\u00e9dicis <strong>(8)\u00a0<\/strong> aux alentours de 1480. Cette repr\u00e9sentation ressemble \u00e0 une mine \u00e0 ciel ouvert repr\u00e9sentant la carte de l\u2019enfer. Elle est vue en coupe, une calotte de terre ferme le lieu. Sous la surface les \u00e9tages se d\u00e9clinent exposant des corps nus subissant des supplices \u00e9ternels comme nous l\u2019enseigne la tradition catholique. Le fond se termine par un puits o\u00f9 l\u2019on peut voir un dragon noir plac\u00e9 dans un demi-cercle.<\/p>\n<p><br \/>\u00a0 \u00a0 \u00a0Ces deux th\u00e8mes peuvent ais\u00e9ment convenir \u00e0 notre \u00e9poque. Nous vivons dans des tours de Babel, toutes les langues et nationalit\u00e9s se croisent au sein de m\u00e9gapoles cosmopolites. Ces tours rivalisant de technicit\u00e9, se toisent cherchant \u00e0 tutoyer les nuages comme l\u2019on parlerait aux \u00e9toiles. Nos constructions modernes ont \u00e9t\u00e9 faites en d\u00e9pit du bon sens, les \u00e9lites sont confront\u00e9es \u00e0 des courants contraires qui leur d\u00e9montrent preuves \u00e0 l\u2019appui les effets d\u00e9vastateurs de leur choix d\u00e9mesur\u00e9s.<\/p>\n<p>\u00a0 \u00a0 Nous sommes face \u00e0 une philosophie transhumaniste<strong> (9)<\/strong> , l\u2019homme s\u2019est vu envahi par la technique et ses rep\u00e8res ancestraux remplac\u00e9s par une \u00e8re robotis\u00e9e. Il n\u2019en reste pas moins que nous sommes toujours mortels. Le plan des enfers dessin\u00e9 par Botticelli est toujours d\u2019actualit\u00e9. Ce qui a chang\u00e9 est qu\u2019une partie de nos contemporains n\u2019y croit plus, pourtant les similitudes des formes g\u00e9om\u00e9triques devraient les interpeller.<\/p>\n<p>\u00a0 \u00a0Elles peuvent varier, s\u2019\u00e9tendre ou se distendre mais l\u2019enfer de Botticelli r\u00e9pond en \u00e9cho \u00e0 la tour de Babel de Bruegel, comme aux pyramides d\u2019\u00c9gypte <strong>(10)<\/strong> ou du Louvre<strong> (11)<\/strong>\u00a0 (qui poss\u00e8de aussi la forme invers\u00e9e de l\u2019enfer de Dante). Elle trouve m\u00eame une variante \u00e9tir\u00e9e dans la Tour Eiffel <strong>(12)<\/strong> qui a cet \u00e9tagement pyramidal et se termine par un entonnoir.<\/p>\n<p>\u00a0 \u00a0 \u00a0Plus proche de nous, \u00e0 l\u2019\u00e9tat de projet controvers\u00e9, la Tour Pyramide ou triangle <strong>(13)<\/strong> qui devrait atteindre cent quatre vingt m\u00e8tres de haut sur quarante deux \u00e9tages dans le XV\u00e8me arrondissement de Paris. Sa construction a \u00e9t\u00e9 report\u00e9e mais l\u2019objectif \u00e9tait de la commencer en 2020 puis\u2026 2021, verra-t-elle le jour ? <strong>(14)\u00a0<\/strong> Le symbole est on ne peut plus \u00e9loquent. Ne faut-il pas voir au travers de ces formes g\u00e9om\u00e9triques opposant une large base \u00e0 un passage \u00e9troit, la parabole de Notre Seigneur : &#8220;<em>car il y a beaucoup d\u2019appel\u00e9s mais peu d\u2019\u00e9lus<\/em>&#8221; Matthieu 22, 14.<\/p>\n<p><br \/>\u00a0 \u00a0 \u00a0 Le choix de cette illustration s\u2019est impos\u00e9 (une seconde fois) prenant le contre-pied de ces forces oppos\u00e9es. Il se trouve que le mont Tombe qui accueillera l\u2019admirable construction <strong>(15)<\/strong> d\u00e9di\u00e9e \u00e0 l\u2019Archange Saint Michel <strong>(16)<\/strong> a aussi une base circulaire. Le cercle \u00e9voque l\u2019infini du Cr\u00e9ateur, la perfection. Il peut prendre la forme d\u2019une couronne, symbole de la royaut\u00e9 ou de l\u2019immortalit\u00e9.<\/p>\n<p><br \/>\u00a0 \u00a0 \u00a0 Si l\u2019Archange a impos\u00e9 aux hommes la construction de cette abbaye, son choix n\u2019est probablement pas le fruit du hasard. La mer environnante peut \u00e9voquer l\u2019\u00c9glise comme dans la tradition. Celle-ci subit des attaques r\u00e9p\u00e9t\u00e9es, n\u2019oublions pas que la b\u00eate de l\u2019apocalypse sort de la mer. La cit\u00e9 de Saint Michel est visiblement fortifi\u00e9e, les b\u00e2timents \u00e9pousent comme dans l\u2019\u0153uvre de Bruegel l\u2019Ancien, les flancs rocheux. Le tout se loge dans une forme pyramidale, symbole ancestral du Cr\u00e9ateur dans l\u2019\u00c9glise d\u2019origine, indiquant la Sainte Trinit\u00e9 par ses pointes. J\u2019ai repr\u00e9sent\u00e9 la face arri\u00e8re car une v\u00e9g\u00e9tation g\u00e9n\u00e9reuse est en harmonie avec les constructions humaines, comme une \u00e9vocation du paradis terrestre.<\/p>\n<p>\u00a0 \u00a0 \u00a0 \u00a0Enfin, si dans la repr\u00e9sentation de l\u2019enfer de Dante la fin de l\u2019entonnoir m\u00e8ne \u00e0 l\u2019antichambre du d\u00e9mon, au Mont-Saint-Michel, le point culminant de cette pyramide est la fl\u00e8che de l\u2019\u00e9glise abbatiale que couronne la statue de l\u2019Archange terrassant le dragon <strong>(17)<\/strong> . Elle tr\u00f4ne \u00e0 cent soixante m\u00e8tres au-dessus de la baie <strong>(18)<\/strong> . Celui qui p\u00e8sera les \u00e2mes au jugement dernier semble ouvrir la porte du Ciel.<\/p>\n<p>\u00a0 \u00a0Ce roc continue d\u2019incarner la protection surnaturelle de l\u2019Archange sur la France. Nos rois y \u00e9taient attach\u00e9s faisant p\u00e8lerinage et cr\u00e9ant un Ordre de chevalerie <strong>(19)<\/strong> . Son nom d\u2019origine \u00e9voque aussi bien la fin de nos vies que la chute des ennemis du Saint Nom de J\u00e9sus car &#8220;<em>Quis ut Deus<\/em>&#8220;<strong>(19)<\/strong> .<\/p>\n<p>\u00a0 \u00a0 \u00a0 \u00a0 L\u2019inversion pyramidale depuis l\u2019origine n\u2019a eu de cesse de s\u00e9duire les hommes jusqu\u2019\u00e0 s\u2019imposer par les lumi\u00e8res. Pyramide invers\u00e9e qui a atteint son apog\u00e9e devenant la marque affich\u00e9e de son dernier monarc <strong>(20)<\/strong> . Cette France Babylonienne qui est l\u2019ennemie politique, historique et spirituelle de la monarchie Tr\u00e8s Chr\u00e9tienne.<\/p>\n<p>\u00a0 \u00a0Ce combat c\u00e9leste nous d\u00e9passe, nous ne pouvons que prier et esp\u00e9rer en l\u2019intervention du g\u00e9n\u00e9ral des Arm\u00e9es C\u00e9leste pour que renaisse la France royale dont-on dira un jour prochain: &#8220;\u2026<em>tous se rassemblent, ils viennent \u00e0 toi ; tes fils viennent de loin, et tes filles sont port\u00e9es sur les bras. Tu le verras alors, et tu seras radieuse ; ton c\u0153ur tressaillira et se dilatera ; car les richesses de la mer se dirigeront vers toi, les tr\u00e9sors des nations viendront \u00e0 toi\u2026<\/em> &#8220;<strong>(21)<\/strong> .<\/p>\n<h4><strong><a href=\"https:\/\/louischiren6.wixsite.com\/peintreetpoete\/au-service-du-roi\" rel=\"nofollow\">https:\/\/louischiren6.wixsite.com\/peintreetpoete\/au-service-du-roi<\/a>\u00a0<\/strong><\/h4>\n<h4><strong><a href=\"https:\/\/louischiren6.wixsite.com\/esperance\" rel=\"nofollow\">https:\/\/louischiren6.wixsite.com\/esperance<\/a><\/strong>\/<\/h4>\n<p><strong>\u00a0 \u00a0 \u00a0 \u00a0 \u00a0 \u00a0 \u00a0 \u00a0 \u00a0 \u00a0 \u00a0 \u00a0 \u00a0 \u00a0 \u00a0 \u00a0 \u00a0 \u00a0 \u00a0 \u00a0 \u00a0 \u00a0 \u00a0 \u00a0 \u00a0 \u00a0 \u00a0 \u00a0 \u00a0 \u00a0INDEX<\/strong><\/p>\n<p><strong>(1)<\/strong> &#8211; https:\/\/fr.wikipedia.org\/wiki\/Mont_Tombe<\/p>\n<p><strong>(2)<\/strong> &#8211; https:\/\/fr.wikipedia.org\/wiki\/Tour_de_Babel<\/p>\n<p><strong>(3)<\/strong>&#8211; https:\/\/fr.wikipedia.org\/wiki\/La_Tour_de_Babel_(Brueghel)<\/p>\n<p><strong>(4)<\/strong>-https:\/\/fr.wikipedia.org\/wiki\/Pieter_Brueghel_l%27Ancien<\/p>\n<p>\u00a0<strong>(5)<\/strong> &#8211; <em>La Tour de Babel est le titre de plusieurs tableaux de Pieter Brueghel l&#8217;Ancien peints d&#8217;apr\u00e8s l&#8217;\u00e9pisode biblique de la tour de Babel. Le plus c\u00e9l\u00e8bre, surnomm\u00e9 <strong>La \u00ab Grande \u00bb Tour de Babel, a \u00e9t\u00e9 peint vers 1563 et est actuellement conserv\u00e9 au Kunsthistorisches Museum de Vienne<\/strong>. La \u00ab Petite \u00bb Tour de Babel, peinte vers 1568 et de dimension plus modeste, se trouve au mus\u00e9e Boijmans Van Beuningen \u00e0 Rotterdam.<\/em> https:\/\/fr.wikipedia.org\/wiki\/La_Tour_de_Babel_(Brueghel)<\/p>\n<p><strong>(6)<\/strong> https:\/\/fr.wikipedia.org\/wiki\/Sandro_Botticelli<\/p>\n<p><strong>(7)<\/strong> -https:\/\/fr.wikipedia.org\/wiki\/Divine_Com\u00e9die<\/p>\n<p><strong>(8)<\/strong> -https:\/\/fr.wikipedia.org\/wiki\/Laurent_de_M\u00e9dicis<\/p>\n<p><strong>(9)<\/strong>&#8211; https:\/\/fr.wikipedia.org\/wiki\/Transhumanisme<\/p>\n<p>(<strong>10)-<\/strong> https:\/\/fr.wikipedia.org\/wiki\/Pyramides_d%27\u00c9gypte<\/p>\n<p><strong>(11)-<\/strong> https:\/\/fr.wikipedia.org\/wiki\/Pyramide_du_Louvre<\/p>\n<p><strong>(12)<\/strong>-https:\/\/fr.wikipedia.org\/wiki\/Tour_Eiffel<\/p>\n<p><strong>(13)<\/strong> -https:\/\/fr.wikipedia.org\/wiki\/Tour_Triangle<\/p>\n<p><strong>(14)-<\/strong> https:\/\/www.batiactu.com\/edito\/tour-triangle-mairie-paris-visee-par-plainte-corruption-60568.php<\/p>\n<p><strong>(15)<\/strong>-https:\/\/www.youtube.com\/watch?v=EKEZffJxkyE<\/p>\n<p><iframe loading=\"lazy\" title=\"L&#039;INCROYABLE CONFINEMENT (Lockdown) au MONT SAINT-MICHEL - Avril 2020\" width=\"625\" height=\"352\" src=\"https:\/\/www.youtube.com\/embed\/fOWLfb1AasA?feature=oembed\" frameborder=\"0\" allow=\"accelerometer; autoplay; clipboard-write; encrypted-media; gyroscope; picture-in-picture; web-share\" referrerpolicy=\"strict-origin-when-cross-origin\" allowfullscreen><\/iframe><\/p>\n<h4>https:\/\/chartedefontevraultprovidentialisme.wordpress.com\/2020\/05\/08\/30742\/ \u00a0\u00a0 \u00a0\u00a0 <a href=\"https:\/\/chartedefontevraultprovidentialisme.wordpress.com\/2020\/05\/08\/30742\/\" rel=\"bookmark\">La Normandie ducale avait trois MONT-SAINT-MICHEL et c\u2019est un fait historique indubitable\u00a0.<\/a><\/h4>\n<p><strong>(16)<\/strong> &#8211; https:\/\/fr.wikipedia.org\/wiki\/Michel_(archange) https:\/\/www.holyart.fr\/blog\/saints-et-bienheureux\/culte-de-saint-michel-archange\/<\/p>\n<p><strong>(17)-<\/strong>http:\/\/www.abbaye-mont-saint-michel.fr\/Actualites\/Restauration-de-la-statue-de-l-archange-saint-Michel<\/p>\n<p><strong>(18)<\/strong>-Baie du Mont Saint Michel. https:\/\/fr.wikipedia.org\/wiki\/Baie_du_Mont-Saint-Michel<\/p>\n<p><strong>(19)<\/strong>-http:\/\/www.france-phaleristique.com\/ordre_saint_michel.htm\u00a0 \u00a0 \u00a0 \u00a0 \u00a0 \u00a0 \u00a0 \u00a0&#8211; https:\/\/fr.wikipedia.org\/wiki\/Ordre_de_Saint-Michel. Faute de pouvoir r\u00e9former l&#8217;ordre, Henri III en cr\u00e9e donc un nouveau 1578 : l&#8217;ordre du Saint-Esprit. Il ne supprime pas l&#8217;ordre de Saint Michel, qui continue \u00e0 exister. Les cent chevaliers du Saint Esprit devaient pr\u00e9alablement \u00eatre membres de Saint-Michel ,&#8230;\u00a0 \u00a0 \u00a0 \u00a0 \u00a0 \u00a0 \u00a0 \u00a0 \u00a0 \u00a0 \u00a0 \u00a0 \u00a0 \u00a0 \u00a0 \u00a0 \u00a0 \u00a0 \u00a0 \u00a0 \u00a0 \u00a0 \u00a0 \u00a0 \u00a0 \u00a0 \u00a0 \u00a0 \u00a0 \u00a0 \u00a0 \u00a0 \u00a0 \u00a0 \u00a0 \u00a0 \u00a0 \u00a0 \u00a0 \u00a0 \u00a0 \u00a0 \u00a0 \u00a0 \u00a0 \u00a0 \u00a0 \u00a0 \u00a0 \u00a0 \u00a0 \u00a0 \u00a0 \u00a0 \u00a0 \u00a0 \u00a0 \u00a0&#8211;\u00a0 https:\/\/www.universalis.fr\/encyclopedie\/ordre-de-saint-michel\/\u00a0 \u00a0 \u00a0 \u00a0 \u00a0 \u00a0 \u00a0 \u00a0 \u00a0 \u00a0 &#8211; https:\/\/www.legiondhonneur.fr\/sites\/default\/files\/ordre_de_saint-michel.pdf<\/p>\n<p><strong>(19)-<\/strong> http:\/\/www.lesportesdutemps.com\/archives\/2018\/01\/21\/36066774.html<\/p>\n<p><strong>(20<\/strong>)Les \u00e9tranges rapports entre le President Macron et le Grand Monarque. R\u00e9flexions de Chouan de Coeur. https:\/\/chartedefontevraultprovidentialisme.wordpress.com\/2017\/06\/19\/les-etranges-rapports-entre-le-president-macron-et-le-grand-monarque-reflexions-de-francois-xavier-pachot\/<\/p>\n<p><strong>(21)<\/strong>&#8211; https:\/\/saintebible.com\/isaiah\/60-4.htm<\/p>\n","protected":false},"excerpt":{"rendered":"<p>AVIS IMPORTANT DE LOUIS\u00a0 CHIREN,\u00a0\u00a0Artiste et po\u00e8te inspir\u00e9, d\u2019oeuvres catholiques et royales https:\/\/louischiren6.wixsite.com\/peintreetpoete \u00a0\u00a0\u00a0\u00a0\u00a0\u201cLa Charte de Fontevrault\u00a0\u00bb\u00a0*\u00a0fond\u00e9e par Monsieur Alain Texier le 25 ao\u00fbt 1988 en l\u2019abbaye royale homonyme, a&#8230; <a href=\"https:\/\/charte-fontevrault-providentialisme.fr\/index.php\/2021\/01\/15\/louis-chiren-maitre-imagier-de-la-flotte-providentialiste-offre-aux-royalistes-le-mont-tombe\/\">Cliquez pour lire davantage &raquo;<\/a><\/p>\n","protected":false},"author":5,"featured_media":0,"comment_status":"open","ping_status":"open","sticky":false,"template":"","format":"standard","meta":{"footnotes":""},"categories":[7,12],"tags":[683,1407,1994,3149,4658,6487,7465,10034,10680,10781,14531,14646,15119,16800,17360,20185,20218,21287,27475,29845,30110],"class_list":["post-37193","post","type-post","status-publish","format-standard","hentry","category-blogs-et-sites-catholiques","category-blogs-et-sites-providentialistes","tag-alain-texier-cja-h-president-fondateur-de-la-charte-de-fontevrault","tag-baie-du-mont-saint-michel","tag-bruegel-lancien","tag-chouan-de-coeur","tag-confinement","tag-encyclopedie-wikipedia","tag-francois-xavier-pachot-cja-h","tag-http-www-lesportesdutemps-com","tag-https-louischiren6-wixsite-com","tag-https-saintebible-com","tag-louis-chiren-le-mont-tombe","tag-louis-chiren-maitre-imagier-de-la-flotte-providentialiste","tag-macron-monarc","tag-mont-saint-michel-50170","tag-normandie-ducale","tag-president","tag-president-emmanuel-macron","tag-quis-ut-deus","tag-tableau-la-tour-de-babel","tag-vienne-republique-dautriche","tag-virus-corona-covid-19"],"_links":{"self":[{"href":"https:\/\/charte-fontevrault-providentialisme.fr\/index.php\/wp-json\/wp\/v2\/posts\/37193","targetHints":{"allow":["GET"]}}],"collection":[{"href":"https:\/\/charte-fontevrault-providentialisme.fr\/index.php\/wp-json\/wp\/v2\/posts"}],"about":[{"href":"https:\/\/charte-fontevrault-providentialisme.fr\/index.php\/wp-json\/wp\/v2\/types\/post"}],"author":[{"embeddable":true,"href":"https:\/\/charte-fontevrault-providentialisme.fr\/index.php\/wp-json\/wp\/v2\/users\/5"}],"replies":[{"embeddable":true,"href":"https:\/\/charte-fontevrault-providentialisme.fr\/index.php\/wp-json\/wp\/v2\/comments?post=37193"}],"version-history":[{"count":0,"href":"https:\/\/charte-fontevrault-providentialisme.fr\/index.php\/wp-json\/wp\/v2\/posts\/37193\/revisions"}],"wp:attachment":[{"href":"https:\/\/charte-fontevrault-providentialisme.fr\/index.php\/wp-json\/wp\/v2\/media?parent=37193"}],"wp:term":[{"taxonomy":"category","embeddable":true,"href":"https:\/\/charte-fontevrault-providentialisme.fr\/index.php\/wp-json\/wp\/v2\/categories?post=37193"},{"taxonomy":"post_tag","embeddable":true,"href":"https:\/\/charte-fontevrault-providentialisme.fr\/index.php\/wp-json\/wp\/v2\/tags?post=37193"}],"curies":[{"name":"wp","href":"https:\/\/api.w.org\/{rel}","templated":true}]}}