{"id":37470,"date":"2021-01-23T10:30:20","date_gmt":"2021-01-23T09:30:20","guid":{"rendered":"https:\/\/chartedefontevraultprovidentialisme.wordpress.com\/?p=37470"},"modified":"2021-01-23T10:30:20","modified_gmt":"2021-01-23T09:30:20","slug":"herve-volto-saint-padre-pio-et-le-testament-de-louis-xvi-seconde-mise-en-ligne-que-jespere-correcte","status":"publish","type":"post","link":"https:\/\/charte-fontevrault-providentialisme.fr\/index.php\/2021\/01\/23\/herve-volto-saint-padre-pio-et-le-testament-de-louis-xvi-seconde-mise-en-ligne-que-jespere-correcte\/","title":{"rendered":"Herv\u00e9 Volto. Saint Padre Pio et Le  testament  de Louis XVI.( Seconde mise en ligne que j\u2019esp\u00e8re correcte)."},"content":{"rendered":"<h5><em>\u00a0 \u00a0 \u00a0 Votre serviteur a voulu \u00e9crire cet article \u00e0 l&#8217;attention de nos amis transalpins. Les Royalistes Fran\u00e7ais d&#8217;un certain \u00e2ge seront heureux de se voir conforter dans leurs traditions et dans leur Foi. Les plus jeunes apprendront peut \u00eatre quelque chose..<\/em>.<\/h5>\n<p>Le saviez-vous ? A Ga\u00e8te,\u00a0 <strong>https:\/\/fr.wikipedia.org\/wiki\/Ga\u00e8te\u00a0<\/strong> tous les ans pour le 21 Janvier, les Bourbons-Siciles font dire une messe en l&#8217;honneur de la m\u00e9moire de Louis XVI au Sanctuaire de la Tr\u00e8s sainte Trinit\u00e9\u00a0de la Montagne Cass\u00e9e<\/p>\n<h4><strong>http:\/\/www.nostraitalia.it\/fr\/la-montagna-spaccata-e-il-santuario-della-ss-trinita\/ : la Montagne Cass\u00e9e en images<\/strong>\u00a0 \u00a0 \u00a0 \u00a0 \u00a0 \u00a0 \u00a0 \u00a0 \u00a0 \u00a0 \u00a0 \u00a0 \u00a0 \u00a0 \u00a0 \u00a0 \u00a0 \u00a0 <strong>https:\/\/www.tripadvisor.fr\/Attraction_Review-g187790-d1382953-Reviews-Santuario_della_Santissima_Trinita_Della_Montagna_Spaccata-Gaeta_Province_of_Lati.html<\/strong><\/h4>\n<p>Les Bourbons Siciles <strong>https:\/\/fr.wikipedia.org\/wiki\/Maison_de_Bourbon-Siciles<\/strong> descendent de Marie-Caroline d&#8217;Autriche, soeur de Marie-Antoinette, qui \u00e9pousa le Roi Ferdinand I\u00b0 de Naples et lui donna des enfants, dont le Roi Fran\u00e7ois I\u00b0, grand-p\u00e8re de tous les Bourbons-Siciles actuels.<\/p>\n<p>La Divine providence permit qu\u2019il soit montr\u00e9 au Marquis de la Franquerie, le 18 d\u00e9cembre 1978, plusieurs lettres adress\u00e9es par\u00a0 le Docteur Luigi Gaspari \u00e0 un pieux religieux\u00a0 (*) de ses amis, Mrg Marcel Sorel, de Sainte-Foix la Grande, et publi\u00e9es dans Ascendances Davidiques des Rois de France :<\/p>\n<p><strong>Lettre du 25 f\u00e9vrier 1972\u00a0:<\/strong><\/p>\n<p>\u00ab Tr\u00e8s cher P\u00e8re, Padre Pio me disait : &#8221; <em>Sans le soutien du pouvoir Royal de David, l&#8217;\u00c9glise tombe en d\u00e9cadence sous le pouvoir de l&#8217;esprit du serpent qui rel\u00e8ve sa t\u00eate orgueilleuse sur le chef de l&#8217;\u00c9glise<\/em>&#8220;. Le Padre Pio disait que &#8221; <em>le pouvoir Royal est un pouvoir divin qui abaisse les serpents. Les r\u00e9publiques par contre rel\u00e8vent de terre les esprits-serpents lesquels sacrifient le peuple de Dieu, l&#8217;emp\u00eachant de s&#8217;\u00e9lever vers le Dieu du Ciel. C&#8217;est aujourd&#8217;hui le mal de l&#8217;Europe sous les r\u00e9gimes des r\u00e9publiques &#8221; disait le Padre Pio&#8230; \u00bb<\/em><\/p>\n<div id=\"attachment_37423\" style=\"width: 248px\" class=\"wp-caption alignleft\"><a href=\"https:\/\/chartedefontevraultprovidentialisme.files.wordpress.com\/2021\/01\/1280px-caminade_-_duchesse_dangouleme.jpg\"><img loading=\"lazy\" decoding=\"async\" aria-describedby=\"caption-attachment-37423\" class=\"wp-image-37423 size-medium\" src=\"https:\/\/chartedefontevraultprovidentialisme.files.wordpress.com\/2021\/01\/1280px-caminade_-_duchesse_dangouleme.jpg?w=238\" alt=\"\" width=\"238\" height=\"300\" srcset=\"https:\/\/charte-fontevrault-providentialisme.fr\/wp-content\/uploads\/2021\/01\/1280px-caminade_-_duchesse_dangouleme.jpg 1280w, https:\/\/charte-fontevrault-providentialisme.fr\/wp-content\/uploads\/2021\/01\/1280px-caminade_-_duchesse_dangouleme-238x300.jpg 238w, https:\/\/charte-fontevrault-providentialisme.fr\/wp-content\/uploads\/2021\/01\/1280px-caminade_-_duchesse_dangouleme-814x1024.jpg 814w, https:\/\/charte-fontevrault-providentialisme.fr\/wp-content\/uploads\/2021\/01\/1280px-caminade_-_duchesse_dangouleme-768x967.jpg 768w, https:\/\/charte-fontevrault-providentialisme.fr\/wp-content\/uploads\/2021\/01\/1280px-caminade_-_duchesse_dangouleme-1220x1536.jpg 1220w, https:\/\/charte-fontevrault-providentialisme.fr\/wp-content\/uploads\/2021\/01\/1280px-caminade_-_duchesse_dangouleme-624x785.jpg 624w\" sizes=\"auto, (max-width: 238px) 100vw, 238px\" \/><\/a><p id=\"caption-attachment-37423\" class=\"wp-caption-text\">Marie-Th\u00e9r\u00e8se Charlotte de France, portrait par Alexandre-Fran\u00e7ois Caminade en 1827. https:\/\/upload.wikimedia.org\/wikipedia\/commons\/f\/f9\/Caminade_-_Duchesse_d%27Angouleme.jpg<\/p><\/div>\n<p><strong>Lettre du 5 mai 1972\u00a0:<\/strong><\/p>\n<p><em>\u00a0 \u00a0\u00ab Un jour Padre Pio me parla d\u2019un importantissime testament cach\u00e9 au Vatican. Il s\u2019agit du testament de la Duchesse d\u2019Angoul\u00eame\u2026Ce testament aurait r\u00e9v\u00e9l\u00e9 non seulement le myst\u00e8re du Dauphin, mais encore le sien\u2026Pour le bien de la France, de l\u2019Italie et du monde, un tel testament ne peut rester secret\u2026<\/em> \u00bb<\/p>\n<p><strong>Lettre du 6 novembre 1972\u00a0:<\/strong><\/p>\n<p>\u00ab Padre Pio savait que la France cache un pouvoir qui se r\u00e9v\u00e9lerait \u00e0 l&#8217;heure \u00e9tablie (c&#8217;est-\u00e0-dire : \u00e0 l&#8217;heure de Dieu)&#8230; Dans le monde manque le pouvoir royal que Dieu a cach\u00e9 en ces temps de folie. Le pouvoir royal seulement, celui que Dieu donna \u00e0 David, est capable de r\u00e9gir le gouvernement des peuples. Sans le pouvoir Royal de David, reconnu et mis \u00e0 sa juste place, me disait le Padre Pio, la religion chr\u00e9tienne n&#8217;a pas le soutien indispensable sur lequel appuyer la V\u00e9rit\u00e9 de la parole de Dieu. La folie des hommes a \u00e9t\u00e9 de tenter de tuer la royaut\u00e9 ; le monde le paye encore aujourd&#8217;hui, car sans le v\u00e9ritable Roi promis par Dieu parmi les descendants de David, le pouvoir de Dieu ne r\u00e9side plus dans le c\u0153ur des chefs d&#8217;Etat et des ministres. Mais Satan tire avantage \u00e0 remplacer le pouvoir royal du David vivant. Que le malheur du monde sera grand avant que les hommes puissent comprendre cette v\u00e9rit\u00e9. La v\u00e9rit\u00e9 est aujourd&#8217;hui dans le c\u0153ur de peu d&#8217;hommes \u00e9lus et cach\u00e9s, mais, dans ces hommes, il y a tous les pouvoirs du Dieu vivant qui veut et peut d\u00e9truire tous les usurpateurs des pouvoirs v\u00e9ritables&#8230; \u00bb<\/p>\n<p><strong>Lettre du 20 novembre 1972\u00a0:<\/strong><\/p>\n<div id=\"attachment_37476\" style=\"width: 310px\" class=\"wp-caption alignright\"><a href=\"https:\/\/chartedefontevraultprovidentialisme.files.wordpress.com\/2021\/01\/capture-decc81cran-2021-01-23-acc80-11.11.55.png\"><img loading=\"lazy\" decoding=\"async\" aria-describedby=\"caption-attachment-37476\" class=\"wp-image-37476 size-medium\" src=\"https:\/\/chartedefontevraultprovidentialisme.files.wordpress.com\/2021\/01\/capture-decc81cran-2021-01-23-acc80-11.11.55.png?w=300\" alt=\"\" width=\"300\" height=\"287\" srcset=\"https:\/\/charte-fontevrault-providentialisme.fr\/wp-content\/uploads\/2021\/01\/capture-decc81cran-2021-01-23-acc80-11.11.55.png 1002w, https:\/\/charte-fontevrault-providentialisme.fr\/wp-content\/uploads\/2021\/01\/capture-decc81cran-2021-01-23-acc80-11.11.55-300x287.png 300w, https:\/\/charte-fontevrault-providentialisme.fr\/wp-content\/uploads\/2021\/01\/capture-decc81cran-2021-01-23-acc80-11.11.55-768x736.png 768w, https:\/\/charte-fontevrault-providentialisme.fr\/wp-content\/uploads\/2021\/01\/capture-decc81cran-2021-01-23-acc80-11.11.55-624x598.png 624w\" sizes=\"auto, (max-width: 300px) 100vw, 300px\" \/><\/a><p id=\"caption-attachment-37476\" class=\"wp-caption-text\">Le Padre Pio stigmatis\u00e9. http:\/\/www.seraphim-marc-elie.fr\/2018\/01\/photos-du-padre-pio.html<\/p><\/div>\n<p>\u00ab <em>L&#8217;amour du c\u0153ur de la France Royale, patrie de la royaut\u00e9 sortie de la descendance de David, ressort ressuscit\u00e9 en ses h\u00e9ritiers&#8230; Le pouvoir de Royaut\u00e9 de David doit r\u00e9veiller dans les c\u0153urs des Fran\u00e7ais l&#8217;amour de la Royaut\u00e9 de Dieu qui a en France son berceau. La vraie grandeur de la France est le pouvoir royal de David qui fut en terre de France, dans le sang du<\/em> <em>Roi Louis XVI et de Marie-Antoinette (en effet, Marie Antoinette descendait par son p\u00e8re, Fran\u00e7ois de Lorraine, du Bon Roi Ren\u00e9, qui lui, descendait de la Maison d&#8217;Anjou issue du fr\u00e8re de Saint Louis et qui r\u00e9gna sur la Royaume de Naples et sur les Royaumes de Hongrie, de Slovaquie et de Boh\u00e8me).La France fut pardonn\u00e9e par le grand c\u0153ur du Roi Louis XVI et de Marie-Antoinette, morts victimes pour le Christ par la brutalit\u00e9 de la b\u00eate (la r\u00e9volution diabolique).Le pardon du Roi Louis XVI (depuis la prison du Temple) a maintenu \u00e0 la France le droit \u00e0 la grandeur de la royaut\u00e9 de David, qui est Amour et Humilit\u00e9, celui de reconna\u00eetre, dans le monarque, le pouvoir de l&#8217;amour divin&#8230;Dans le silence et la pri\u00e8re, Dieu choisira ses \u00e9lus pour le bien de la France et du monde, &#8230; pouvoir divin et humain du grand monarque du sang royal de France.<\/em> \u00bb<\/p>\n<p>Inutile de dire l&#8217;\u00e9motion intense que l\u2019on ressent \u00e0 la lecture de ces documents relatant la pens\u00e9e inspir\u00e9e et proph\u00e9tique du Saint Padre Pio ! <strong>https:\/\/chartedefontevraultprovidentialisme.wordpress.com\/2020\/02\/01\/padre-pio-et-la-royaute\/<\/strong><\/p>\n<p style=\"text-align:center;\">&#8212;&#8212;-<\/p>\n<p>\u00a0 \u00a0 LE PARDON DE LOUIS XVI A CEUX QUI LE FAISAIENT MOURRIR, INSCRIT DANS SON TESTAMENT, A CONSERVE A LA FRANCE LE DROIT A LA GRANDEUR DE LA ROYAUTE QUI REVIENDRA A TRAVERS LE GRAND MONARQUE DES PROPHETIES.<\/p>\n<h4>\u00a0 \u00a0<strong>Le TESTAMENT DE LOUIS XVI est un t\u00e9moignage de Charit\u00e9 Chr\u00e9tienne et d&#8217;abn\u00e9gation :<\/strong> <em>\u00a0 <\/em><\/h4>\n<h4><em>\u00a0 \u201cAu nom de la Tr\u00e8s Sainte Trinit\u00e9, du P\u00e8re, du Fils et du Saint Esprit. Aujourd&#8217;hui, vingt cinqui\u00e8me jour de D\u00e9cembre, moi, Louis XVIe du nom, Roy de France, \u00e9tant depuis plus de quatre mois enferm\u00e9 avec ma famille dans la Tour du Temple \u00e0 Paris par ceux qui \u00e9taient mes sujets, et priv\u00e9 de toute communication quelconque, m\u00eame depuis le onze du courant avec ma famille, de plus impliqu\u00e9 dans un Proc\u00e8s dont il est impossible de pr\u00e9voir l&#8217;issue \u00e0 cause des passions des hommes, et dont on ne trouve aucun pr\u00e9texte ni moyen dans aucune loi existante, n&#8217;ayant que Dieu pour t\u00e9moin de mes pens\u00e9es, et auquel je puisse m&#8217;adresser, je d\u00e9clare ici en sa pr\u00e9sence mes derni\u00e8res volont\u00e9s et mes sentiments.<\/em><\/h4>\n<h4><em>\u00a0 \u00a0Je laisse mon \u00e2me \u00e0 Dieu, mon cr\u00e9ateur, je le prie de la recevoir en sa mis\u00e9ricorde, de ne pas la juger d&#8217;apr\u00e8s ses m\u00e9rites, mais par ceux de Notre Seigneur J\u00e9sus-Christ, qui s&#8217;est offert en sacrifice \u00e0 Dieu, son P\u00e8re, pour nous autres hommes, quelqu&#8217;indignes que nous en fussions, et moi le premier. Je meurs dans l&#8217;union de notre sainte M\u00e8re l&#8217;Eglise Catholique Apostolique et Romaine qui tient ses pouvoirs par une succession non interrompue de St Pierre auquel J\u00e9sus Christ les avait confi\u00e9s. Je crois fermement et je confesse tout ce qui est contenu dans le Symbole et les commandements de Dieu et de l&#8217;Eglise, les Sacrements et les Myst\u00e8res tels que l&#8217;Eglise Catholique les enseigne et les a toujours enseign\u00e9s.<\/em><\/h4>\n<h4>\u00a0 <em>\u00a0 \u00a0 Je n&#8217;ai jamais pr\u00e9tendu me rendre juge dans les diff\u00e9rentes mani\u00e8res d&#8217;expliquer les dogmes qui d\u00e9chirent l&#8217;Eglise de J\u00e9sus Christ mais je m&#8217;en suis rapport\u00e9 et rapporterai toujours si Dieu m&#8217;accorde vie, aux d\u00e9cisions que les sup\u00e9rieurs Eccl\u00e9siastiques unis \u00e0 la Saint Eglise Catholique donnent et donn\u00e8rent conform\u00e9ment \u00e0 la discipline de l&#8217;Eglise suivie depuis J\u00e9sus Christ. Je plains de tout mon coeur nos fr\u00e8res qui peuvent \u00eatre dans l&#8217;erreur, mais je ne pr\u00e9tends pas les juger, et je ne les aime pas moins tous en J\u00e9sus Christ suivant ce que la charit\u00e9 Chr\u00e9tienne nous l&#8217;enseigne<\/em>.<\/h4>\n<h4><em>\u00a0 \u00a0Je prie Dieu de me pardonner tous mes p\u00e9ch\u00e9s. J&#8217;ai cherch\u00e9 \u00e0 les conna\u00eetre scrupuleusement, \u00e0 les d\u00e9tester, \u00e0 m&#8217;humilier en sa pr\u00e9sence. Ne pouvant me servir du Minist\u00e8re d&#8217;un Pr\u00eatre Catholique, je prie Dieu de recevoir la confession que je lui en ai faite, et surtout le repentir profond que j&#8217;ai d&#8217;avoir mis mon nom (quoique cela fut contre ma volont\u00e9) \u00e0 des actes qui peuvent \u00eatre contraires \u00e0 la discipline et \u00e0 la croyance de l&#8217;Eglise Catholique \u00e0 laquelle je suis toujours rest\u00e9 sinc\u00e8rement uni de c\u0153ur. Je prie Dieu de recevoir la ferme r\u00e9solution o\u00f9 je suis, s&#8217;il m&#8217;accorde vie, de me servir aussit\u00f4t que je le pourrai du Minist\u00e8re d&#8217;un Pr\u00eatre Catholique, pour m&#8217;accuser de tous mes p\u00e9ch\u00e9s, et recevoir le Sacrement de P\u00e9nitence.<\/em><\/h4>\n<h4><em>\u00a0 \u00a0 \u00a0 Je prie tous ceux que je pourrais avoir offens\u00e9s par inadvertance (car je ne me rappelle pas d&#8217;avoir fait sciemment aucune offense \u00e0 personne) ou ceux \u00e0 qui j&#8217;aurais pu donner de mauvais exemples ou des scandales de me pardonner le mal qu&#8217;ils croient que je peux leur avoir fait. Je prie tous ceux qui ont de la Charit\u00e9 d&#8217;unir leurs pri\u00e8res aux miennes, pour obtenir de Dieu le pardon de mes p\u00e9ch\u00e9s.<\/em><\/h4>\n<h4><em>\u00a0 \u00a0 Je pardonne de tout mon coeur, \u00e0 ceux qui se sont fait mes ennemis sans que je leur en ai donn\u00e9 aucun sujet, et je prie Dieu de leur pardonner, de m\u00eame que ceux qui par un faux z\u00e8le, ou par un z\u00e8le malentendu, m&#8217;ont fait beaucoup de mal.<\/em><\/h4>\n<h4><em>\u00a0 \u00a0 Je recommande \u00e0 Dieu, ma femme, mes enfants, ma s\u0153ur, mes tantes, mes fr\u00e8res, et tous ceux qui me sont attach\u00e9s par les liens du sang ou par quelqu&#8217;autre mani\u00e8re que ce puisse \u00eatre. Je prie Dieu particuli\u00e8rement de jeter de yeux de mis\u00e9ricorde sur ma femme, mes enfants et ma s\u0153ur qui souffrent depuis longtemps avec moi, de les soutenir par sa Gr\u00e2ce s\u2019ils viennent \u00e0 me perdre, et tant qu&#8217;ils resteront dans ce monde p\u00e9rissable.<\/em><\/h4>\n<h4><em>\u00a0 \u00a0 Je recommande mes enfants \u00e0 ma femme, je n&#8217;ai jamais dout\u00e9 de sa tendresse maternelle pour eux, je lui recommande surtout d&#8217;en faire de bons chr\u00e9tiens et d&#8217;honn\u00eates hommes, de leur faire regarder les grandeurs de ce monde-ci (s&#8217;ils sont condamn\u00e9s \u00e0 les \u00e9prouver) que comme des biens dangereux et p\u00e9rissables, et de tourner leurs regards vers la seule gloire solide et durable de l&#8217;Eternit\u00e9. Je prie ma s\u0153ur de vouloir bien continuer sa tendresse \u00e0 mes enfants, et de leur tenir lieu de m\u00e8re, s&#8217;ils avaient le malheur de perdre la leur.<\/em><\/h4>\n<h4><em>\u00a0 \u00a0Je prie ma femme de me pardonner tous les maux qu&#8217;elle souffre pour moi, et les chagrins que je pourrais lui avoir donn\u00e9 dans le cours de notre union, comme elle peut \u00eatre s\u00fbre que je ne garde rien contre elle, si elle croyait avoir quelque chose \u00e0 se reprocher.<\/em><\/h4>\n<h4><em>\u00a0 Je recommande bien vivement \u00e0 mes enfants, apr\u00e8s ce qu&#8217;ils doivent \u00e0 Dieu qui doit marcher avant tout, de rester toujours unis entre eux, soumis et ob\u00e9issants \u00e0 leur m\u00e8re, et reconnaissant de tous les soins et peines qu&#8217;elle se donne pour eux, et en m\u00e9moire de moi je les prie de regarder ma s\u0153ur comme une seconde m\u00e8re.<\/em><\/h4>\n<h4><em>\u00a0 \u00a0 \u00a0 <strong>Je recommande \u00e0 mon fils s&#8217;il avait le malheur de devenir Roi<\/strong>, de songer qu&#8217;il se doit tout entier au bonheur de ses concitoyens, qu&#8217;il doit oublier toute haine et tout ressentiment et nomm\u00e9ment tout ce qui a rapport aux malheurs et aux chagrins que j&#8217;\u00e9prouve ; qu&#8217;il ne peut faire le bonheur des Peuples qu&#8217;en r\u00e9gnant suivant les Lois (les Lois Fondamentales du Royaume de France ), mais en m\u00eame temps qu&#8217;un Roi ne peut les faire respecter, et faire le bien qui est dans son c\u0153ur, qu&#8217;autant qu&#8217;il a l&#8217;autorit\u00e9 n\u00e9cessaire, et qu&#8217;autrement \u00e9tant li\u00e9 dans ses op\u00e9rations et n&#8217;inspirant point de respect, il est plus nuisible qu&#8217;utile.<\/em><\/h4>\n<h4>\u00a0 <em>\u00a0 \u00a0 \u00a0Je recommande \u00e0 mon fils d&#8217;avoir soin de toutes les personnes qui m&#8217;\u00e9taient attach\u00e9es autant que les circonstances o\u00f9 il se trouvera lui en donneront les facult\u00e9s, de songer que c&#8217;est une dette sacr\u00e9e que j&#8217;ai contract\u00e9e envers les enfants ou le parents de ceux qui ont p\u00e9ris pour moi et ensuite de ceux qui sont malheureux pour moi. Je sais qu&#8217;il y a plusieurs personnes de celles qui m&#8217;\u00e9taient attach\u00e9es qui ne se sont pas conduites envers moi comme elles le devaient, et qui ont m\u00eame montr\u00e9 de l&#8217;ingratitude, mais je leur pardonne (souvent dans les moments de troubles et d\u2019effervescence on n&#8217;est pas le ma\u00eetre de soi) et je prie mon fils, s&#8217;il en trouve l\u2019occasion, de ne songer qu&#8217;\u00e0 leur malheur.<\/em><\/h4>\n<h4><em>\u00a0 \u00a0 Je voudrais pouvoir t\u00e9moigner ici ma reconnaissance \u00e0 ceux qui m&#8217;ont montr\u00e9 un v\u00e9ritable attachement et d\u00e9sint\u00e9ress\u00e9. D&#8217;un c\u00f4t\u00e9 si j&#8217;\u00e9tais seulement touch\u00e9 de l&#8217;ingratitude et de la d\u00e9loyaut\u00e9 des gens \u00e0 qui je n&#8217;avais jamais t\u00e9moign\u00e9 que des bont\u00e9s, \u00e0 eux ou \u00e0<\/em> <em>leurs parents ou amis, de l&#8217;autre j&#8217;ai eu de la consolation \u00e0 voir l&#8217;attachement et l&#8217;int\u00e9r\u00eat gratuit que beaucoup de personnes m&#8217;ont montr\u00e9s. Je les prie d&#8217;en recevoir tous mes remerciements. Dans la situation o\u00f9 sont encore les choses, je craindrais de les compromettre si je parlais plus explicitement, mais je recommande sp\u00e9cialement \u00e0 mon fils de chercher les occasions de pouvoir les reconna\u00eetre.<\/em><\/h4>\n<h4><em>\u00a0 \u00a0 \u00a0 Je croirais calomnier cependant les sentiments de la Nation si je ne recommandais ouvertement \u00e0 mon fils M. De Chamilly et Hue, que leur v\u00e9ritable attachement pour moi, avait port\u00e9 \u00e0 s&#8217;enfermer avec moi dans ce triste s\u00e9jour, et qui ont pens\u00e9 en \u00eatre les malheureuses victimes. Je lui recommande aussi Cl\u00e9ry des soins duquel j&#8217;ai eu tant lieu de me louer depuis qu&#8217;il est avec moi. Comme c&#8217;est lui qui est rest\u00e9 avec moi jusqu&#8217;\u00e0 la fin, je prie Messieurs de la Commune de lui remettre mes hardes, mes livres, ma montre, ma bourse, et les autres petits effets qui ont \u00e9t\u00e9 d\u00e9pos\u00e9es au Conseil de la Commune.<\/em><\/h4>\n<h4><em>\u00a0 Je pardonne encore tr\u00e8s volontiers \u00e0 ceux qui me gardaient, les mauvais traitements et les g\u00e8nes dont ils ont cru devoir user envers moi. J&#8217;ai trouv\u00e9 quelques \u00e2mes sensibles et compatissantes, que celles-l\u00e0 jouissent dans leur c\u0153ur de la tranquillit\u00e9 que doit leur donner leur fa\u00e7on de penser.<\/em><\/h4>\n<div id=\"attachment_37431\" style=\"width: 224px\" class=\"wp-caption alignleft\"><a href=\"https:\/\/charte-fontevrault-providentialisme.fr\/wp-content\/uploads\/2021\/01\/unknown-1-1.jpeg\"><img loading=\"lazy\" decoding=\"async\" aria-describedby=\"caption-attachment-37431\" class=\"wp-image-37431 size-full\" src=\"https:\/\/charte-fontevrault-providentialisme.fr\/wp-content\/uploads\/2021\/01\/unknown-1-1.jpeg\" alt=\"\" width=\"214\" height=\"235\" \/><\/a><p id=\"caption-attachment-37431\" class=\"wp-caption-text\">https:\/\/conseildansesperanceduroi.wordpress.com\/2015\/09\/18\/armoiries-de-raymond-de-seze-avocat-de-louis-xvi\/<\/p><\/div>\n<h4><em>Je prie Messieurs de Malesherbes, Tronchet et de S\u00e8ze, de recevoir ici tous mes remerciements et l&#8217;expression de ma sensibilit\u00e9, pour tous les soins et les peines qu&#8217;ils se sont donn\u00e9s pour moi.<\/em><\/h4>\n<h4><em>Je finis en d\u00e9clarant devant Dieu et pr\u00eat \u00e0 para\u00eetre devant lui que je ne me reproche aucun des crimes qui sont avanc\u00e9es contre moi.<\/em><\/h4>\n<h4><em>Fait en double \u00e0 la Tour du Temple le vingt cinq d\u00e9cembre mil sept cent quatre vingt douze (25 d\u00e9cembre 1792).<\/em><\/h4>\n<h4><em>Louis\u201d<\/em>.<\/h4>\n<p>&nbsp;<\/p>\n<p>L&#8217;amour du c\u0153ur de la France Royale, patrie de la Royaut\u00e9 sortie de la descendance de David, ressort ressuscit\u00e9 en ses h\u00e9ritiers actuels&#8230; LES BOURBONS, (<em> Branche a\u00een\u00e9e visible et invisible<\/em>)\u00a0 descendants actuels du VI\u00b0 fils de Saint-Louis.<\/p>\n<p>Redisons-le : le pouvoir de Royaut\u00e9 Cap\u00e9tienne doit r\u00e9veiller dans les c\u0153urs des Fran\u00e7ais l&#8217;amour de la Royaut\u00e9 de Dieu qui a EN FRANCE SON BERCEAU. La vraie grandeur de la France est le pouvoir Royal de Saint-Louis qui fut en terre de France, dans le Sang du Roi Louis XVI et de Marie Antoinette. La France fut pardonn\u00e9e par le grand c\u0153ur du Roi Louis XVI, mort victime pour le Christ par la brutalit\u00e9 de la la r\u00e9volution diabolique. Le pardon du Roi Louis XVI, EXPRIME DANS SON TESTAMENT, a maintenu \u00e0 la France le droit \u00e0 la grandeur de la Royaut\u00e9 de Saint-Louis, qui est Amour et Humilit\u00e9, celui de reconna\u00eetre, dans le Roi de France, le pouvoir de l&#8217;Amour Divin&#8230;<\/p>\n<p>NOUS POUVONS AVOIR A NOUVEAU\u00a0 LE ROI. Dans le silence et la pri\u00e8re, Dieu choisira Son Elu pour le bien de la France et du monde, Grand Monarque du Sang Royal de France.<\/p>\n<p><strong>Herv\u00e9 J. VOLTO, CJA, Pr\u00e9sident Honoraire de la Charte de Fontevrault (Pr\u00e9sident 1991-1994), membre du Chapitre G\u00e9n\u00e9ral et D\u00e9l\u00e9gu\u00e9 Officiel pour l&#8217;Italie.<\/strong><\/p>\n<h4>\u00a0 \u00a0 \u00a0* Le pieux religieux, dont parle le Marquis n\u2019est autre que Monseigneur Marcel Sorel de Sainte-Foy-la Grande (proche Bergerac : 33220)\u00a0 connu par le Docteur d\u2019une mani\u00e8re miraculeuse au Sanctuaire de San Damiano \u00e0 la fin de 1969, comme le dit le Docteur lui-m\u00eame \u00e0 Nice en 1991, \u00e0 l\u2019occasion de la deuxi\u00e8me conf\u00e9rence tenue dans cette ville, et qui , entre autres,\u00a0 fut organis\u00e9e par la Charte de Fontevrault: \u201c <em>Je veux vous aider \u00e0 pr\u00e9sent \u00e0 mieux comprendre que ce que je dis n\u2019est pas un fanatisme monarchique \u00e0 moi, mais seulement la V\u00e9rit\u00e9 r\u00e9affirm\u00e9e par Marie dans chacune des ses r\u00e9v\u00e9lations importan<\/em>tes\u2019.<\/h4>\n<h4><strong>https:\/\/chartedefontevraultprovidentialisme.wordpress.com\/2019\/05\/05\/antonella-pigati-volto-expose-sur-le-cahier-de-lamour-du-dr-luigi-gaspari-fontevraud\/<\/strong><\/h4>\n","protected":false},"excerpt":{"rendered":"<p>\u00a0 \u00a0 \u00a0 Votre serviteur a voulu \u00e9crire cet article \u00e0 l&#8217;attention de nos amis transalpins. Les Royalistes Fran\u00e7ais d&#8217;un certain \u00e2ge seront heureux de se voir conforter dans leurs&#8230; <a href=\"https:\/\/charte-fontevrault-providentialisme.fr\/index.php\/2021\/01\/23\/herve-volto-saint-padre-pio-et-le-testament-de-louis-xvi-seconde-mise-en-ligne-que-jespere-correcte\/\">Cliquez pour lire davantage &raquo;<\/a><\/p>\n","protected":false},"author":5,"featured_media":0,"comment_status":"open","ping_status":"open","sticky":false,"template":"","format":"standard","meta":{"footnotes":""},"categories":[7,12],"tags":[945,1056,1346,1923,3164,4339,5728,6088,7446,7765,9036,9341,10123,10395,11488,12440,15773,16352,21966,21984,22853,23159,23396,24653,25517,25659,27809],"class_list":["post-37470","post","type-post","status-publish","format-standard","hentry","category-blogs-et-sites-catholiques","category-blogs-et-sites-providentialistes","tag-antonella-pigati-volto","tag-archives-secretes-du-vatican","tag-avocats-de-louis-xvi","tag-bourbons-siciles","tag-chretien-guillaume-de-lamoignon-de-malesherbes","tag-commune-de-sainte-foy-la-grande-33220","tag-dr-luigi-gasapari","tag-eglise-catholique","tag-francois-denis-tronchet","tag-gaete-italie","tag-herve-volto-cja-h-president-1991-1994-de-la-charte-de-f","tag-http-fr-wikipedia-org","tag-http-www-nostraitalia-it","tag-https-conseildansesperanceduroi-wordpress-com","tag-https-www-tripadvisor-fr","tag-jean-baptiste-clery","tag-marquis-de-la-franquerie","tag-mgr-marcel-sorel","tag-reine-marie-antoinette-de-france","tag-reines-de-france-et-de-navarre","tag-roi-de-france-et-de-navarre","tag-roi-louis-xvi-de-france","tag-romain-de-seze","tag-saint-padre-pio","tag-sanctuaire-san-damiano-italie","tag-sar-marie-therese-duchesse-dangouleme-soeur-de-louis-xvii","tag-testament-du-roi-louis-xvi"],"_links":{"self":[{"href":"https:\/\/charte-fontevrault-providentialisme.fr\/index.php\/wp-json\/wp\/v2\/posts\/37470","targetHints":{"allow":["GET"]}}],"collection":[{"href":"https:\/\/charte-fontevrault-providentialisme.fr\/index.php\/wp-json\/wp\/v2\/posts"}],"about":[{"href":"https:\/\/charte-fontevrault-providentialisme.fr\/index.php\/wp-json\/wp\/v2\/types\/post"}],"author":[{"embeddable":true,"href":"https:\/\/charte-fontevrault-providentialisme.fr\/index.php\/wp-json\/wp\/v2\/users\/5"}],"replies":[{"embeddable":true,"href":"https:\/\/charte-fontevrault-providentialisme.fr\/index.php\/wp-json\/wp\/v2\/comments?post=37470"}],"version-history":[{"count":0,"href":"https:\/\/charte-fontevrault-providentialisme.fr\/index.php\/wp-json\/wp\/v2\/posts\/37470\/revisions"}],"wp:attachment":[{"href":"https:\/\/charte-fontevrault-providentialisme.fr\/index.php\/wp-json\/wp\/v2\/media?parent=37470"}],"wp:term":[{"taxonomy":"category","embeddable":true,"href":"https:\/\/charte-fontevrault-providentialisme.fr\/index.php\/wp-json\/wp\/v2\/categories?post=37470"},{"taxonomy":"post_tag","embeddable":true,"href":"https:\/\/charte-fontevrault-providentialisme.fr\/index.php\/wp-json\/wp\/v2\/tags?post=37470"}],"curies":[{"name":"wp","href":"https:\/\/api.w.org\/{rel}","templated":true}]}}