{"id":39501,"date":"2019-03-04T11:05:37","date_gmt":"2019-03-04T10:05:37","guid":{"rendered":"https:\/\/chartedefontevraultprovidentialisme.wordpress.com\/?p=22436"},"modified":"2019-03-04T11:05:37","modified_gmt":"2019-03-04T10:05:37","slug":"passe-present-2019-et-avenir-des-lois-fondamentales-du-royaume-lfr","status":"publish","type":"post","link":"https:\/\/charte-fontevrault-providentialisme.fr\/index.php\/2019\/03\/04\/passe-present-2019-et-avenir-des-lois-fondamentales-du-royaume-lfr\/","title":{"rendered":"Pass\u00e9, pr\u00e9sent (2019) et avenir des Lois fondamentales du Royaume (LFR)."},"content":{"rendered":"<p><span style=\"color:#ff6600;\">\u00a0 \u00a0 \u00a0Les lois fondamentales (LFR)\u00a0 sont\u00a0 souvent\u00a0 mises en avant\u00a0 par les royalistes de fa\u00e7on \u00e0 tenter d&#8217;appuyer les droits de leur champion. Et nombreuses\u00a0 sont les analyses\u00a0 en traitant\u00a0 de fa\u00e7on \u00e0 appuyer tel prince tout en disqualifiant tel autre.<\/span><\/p>\n<p><span style=\"color:#ff6600;\">\u00a0 \u00a0 Si vous\u00a0 vous \u00eates\u00a0 d\u00e9j\u00e0 heurt\u00e9s\u00a0 \u00e0 l&#8217;inefficacit\u00e9 de ces lois pour d\u00e9signer\u00a0 qui doit \u00eatre le roi de France , vous pouvez sauter les lignes en petits caract\u00e8res qui suivent<\/span><\/p>\n<h5><span style=\"color:#ff6600;\"><span style=\"color:#800080;\">\u00a0 \u00a0 \u00a0Nous\u00a0 vous\u00a0 donnons\u00a0 ci-apr\u00e8s\u00a0 quelques\u00a0 grands Principes ou lois fondamentales du Royaume de France\u00a0<\/span> :<\/span><\/h5>\n<h5><img loading=\"lazy\" decoding=\"async\" class=\"puce\" src=\"http:\/\/jesuschristenfrance.fr\/squelettes-dist\/puce.gif\" alt=\"-\" width=\"8\" height=\"11\" \/><span style=\"color:#008000;\">\u00a0le caract\u00e8re h\u00e9r\u00e9ditaire de la fonction royale, selon un rang de primog\u00e9niture et l\u2019acceptation de la r\u00e8gle de collat\u00e9ralit\u00e9<\/span><\/h5>\n<h5><span style=\"color:#008000;\"><img loading=\"lazy\" decoding=\"async\" class=\"puce\" src=\"http:\/\/jesuschristenfrance.fr\/squelettes-dist\/puce.gif\" alt=\"-\" width=\"8\" height=\"11\" \/>\u00a0le caract\u00e8re sacr\u00e9 de la fonction royale, impliquant la c\u00e9r\u00e9monie du Sacre<\/span><\/h5>\n<h5><span style=\"color:#008000;\"><img loading=\"lazy\" decoding=\"async\" class=\"puce\" src=\"http:\/\/jesuschristenfrance.fr\/squelettes-dist\/puce.gif\" alt=\"-\" width=\"8\" height=\"11\" \/>\u00a0le principe de masculinit\u00e9<\/span><\/h5>\n<h5><span style=\"color:#008000;\"><img loading=\"lazy\" decoding=\"async\" class=\"puce\" src=\"http:\/\/jesuschristenfrance.fr\/squelettes-dist\/puce.gif\" alt=\"-\" width=\"8\" height=\"11\" \/>\u00a0la distinction du Roi et de la Couronne, impliquant l\u2019indisponibilit\u00e9 de la Couronne, l\u2019inali\u00e9nabilit\u00e9 du domaine de la Couronne et le principe de continuit\u00e9<\/span><\/h5>\n<h5><span style=\"color:#008000;\"><img loading=\"lazy\" decoding=\"async\" class=\"puce\" src=\"http:\/\/jesuschristenfrance.fr\/squelettes-dist\/puce.gif\" alt=\"-\" width=\"8\" height=\"11\" \/>\u00a0le principe de catholicit\u00e9, impliquant que le Roi doit \u00eatre de confession catholique<\/span>.<\/h5>\n<h4><span style=\"color:#800080;\">\u00a0 \u00a0Et voici maintenant quelques analyses traitant des LFR<\/span><\/h4>\n<h4><a href=\"https:\/\/chartedefontevraultprovidentialisme.wordpress.com\/2013\/09\/23\/les-lois-fondamentales-du-royaume-de-france-constitution-de-lancienne-france\/\">https:\/\/chartedefontevraultprovidentialisme.wordpress.com\/2013\/09\/23\/les-lois-fondamentales-du-royaume-de-france-constitution-de-lancienne-france\/<\/a><\/h4>\n<h4><a href=\"http:\/\/charte.de.fontevrault.over-blog.com\/article-point-de-vue-du-cafe-royal-sur-les-lfr-lois-fondamentales-du-royaume-et-le-royalisme-contemporain-41620527.html\">http:\/\/charte.de.fontevrault.over-blog.com\/article-point-de-vue-du-cafe-royal-sur-les-lfr-lois-fondamentales-du-royaume-et-le-royalisme-contemporain-41620527.html<\/a><\/h4>\n<h4><a href=\"https:\/\/chartedefontevraultprovidentialisme.wordpress.com\/2017\/11\/20\/notre-ami-g-et-les-lfr-des-lois-fondamentales-du-royaume-utiles-aux-lois-fondamentales-nuisibles\/\">https:\/\/chartedefontevraultprovidentialisme.wordpress.com\/2017\/11\/20\/notre-ami-g-et-les-lfr-des-lois-fondamentales-du-royaume-utiles-aux-lois-fondamentales-nuisibles\/<\/a><\/h4>\n<h4><a href=\"http:\/\/dictionnaire.sensagent.leparisien.fr\/Lois%20fondamentales%20du%20royaume%20de%20France\/fr-fr\/\"><span style=\"color:#0000ff;\">http:\/\/dictionnaire.sensagent.leparisien.fr\/Lois%20fondamentales%20du%20royaume%20de%20France\/fr-fr\/<\/span><\/a><\/h4>\n<h4><span style=\"color:#0000ff;\">http:\/\/jesuschristenfrance.fr\/royaute-francaise-au-service-du\/article\/les-lois-fondamentales-du-royaume<\/span><\/h4>\n<h4><a href=\"http:\/\/vexilla-regis.com\/textevr\/Les%20lois%20fondamentales%20du%20Royaume%20de%20France.htm\">http:\/\/vexilla-regis.com\/textevr\/Les%20lois%20fondamentales%20du%20Royaume%20de%20France.htm<\/a><\/h4>\n<h4><span style=\"color:#0000ff;\">http:\/\/www.viveleroy.fr\/Les-lois-fondamentales-du-Royaume-de-France<\/span><\/h4>\n<h4><span style=\"color:#008000;\">Enfin si vous voulez une analyse synth\u00e9tique de la question .<\/span> <a href=\"https:\/\/fr.wikipedia.org\/wiki\/Querelles_dynastiques_fran%C3%A7aises\">https:\/\/fr.wikipedia.org\/wiki\/Querelles_dynastiques_fran%C3%A7aises<\/a><\/h4>\n<p><span style=\"color:#ff00ff;\">\u00a0 \u00a0 Les lignes qui pr\u00e9c\u00e9dent -et que\u00a0 vous avez sans\u00a0 doute saut\u00e9es \u00e0 bon droit &#8211; n&#8217;ont\u00a0 probablement pas r\u00e9pondu \u00e0 la question pos\u00e9e dans le titre de ce post. Alors la r\u00e9ponse, la\u00a0 voici .\u00a0<\/span><\/p>\n<p><strong><span style=\"color:#008000;\"> Dans le pass\u00e9, <\/span><\/strong><span style=\"color:#008000;\">c&#8217;est \u00e0 dire jusqu&#8217;au 14 juillet 1789, <span style=\"color:#ff6600;\">les LFR ont permis une transmission <\/span>sinon harmonieuse , du moins <span style=\"color:#ff6600;\">efficace de la Couronne de France<\/span> puisqu&#8217;\u00e0 cette date, la France avait toujours un ro<\/span>i.<\/p>\n<p><strong><span style=\"color:#008000;\">A l&#8217;\u00e9poque actuelle, <\/span><\/strong><span style=\"color:#008000;\">la France n&#8217;a plus de roi et\u00a0 ni\u00a0 Charles\u00a0 XIII ( Naudorffistes), Ni Louis XX\u00a0 ( L\u00e9gitimistes), ni Jean IV ( Orl\u00e9anistes) ne sont\u00a0 Rois de France ne serait\u00a0 ce\u00a0 que parce qu&#8217;aucun d&#8217;entre eux n&#8217;a \u00e9t\u00e9 sacr\u00e9 \u00e0 Reims, m\u00eame si il est\u00a0 vrai le sacre ne fait pas le roi.<\/span><\/p>\n<p><span style=\"color:#008000;\">\u00a0 <\/span><a href=\"https:\/\/www.ladissertation.com\/Politique-et-International\/Droit\/Le-sacre-fait-il-le-roi-237664.html\">https:\/\/www.ladissertation.com\/Politique-et-International\/Droit\/Le-sacre-fait-il-le-roi-237664.html <\/a><\/p>\n<p><a href=\"https:\/\/fr.wikipedia.org\/wiki\/Sacre_des_rois_de_France\">\u00a0 https:\/\/fr.wikipedia.org\/wiki\/Sacre_des_rois_de_France<\/a><\/p>\n<p><span style=\"color:#008000;\">Pour autant une distinction doit \u00eatre faite entre les \u00e9poques <\/span><\/p>\n<ul>\n<li><span style=\"color:#008000;\">o\u00f9 le &#8220;roi&#8221; , plus m\u00e9diatis\u00e9\u00a0 qu&#8217;un autre\u00a0 citoyen assur\u00e9ment,\u00a0 est priv\u00e9 de tout moyen de\u00a0 gouvernement (\u00e9poque actuelle)\u00a0<\/span><\/li>\n<li><span style=\"color:#008000;\">o\u00f9 le &#8220;roi&#8221; l&#8217;est\u00a0 vraiment\u00a0 dirigeant l&#8217;Etat attendant\u00a0 ou non &#8211; Louis XVIII-\u00a0 son sacre et plus \u00e9tonnant encore , sacr\u00e9\u00a0 alors\u00a0 qu&#8217;il n&#8217;\u00e9tait pas le roi l\u00e9gitime tel Henri VI \u00a0roi d&#8217;Angleterre est sacr\u00e9 &#8220;roi de France&#8221; dans la\u00a0 cath\u00e9drale Notre-Dame de Paris le <time class=\"nowrap\" datetime=\"1431-12-25\">16 d\u00e9cembre 1431<\/time><\/span><\/li>\n<\/ul>\n<p><span style=\"color:#008000;\">\u00a0 \u00a0Il se trouve un grand nombre de l\u00e9gitimistes pour affirmer\u00a0 que Louis XX \u00e9tant\u00a0 l&#8217;a\u00een\u00e9, au moins\u00a0 visible,\u00a0 des descendants de Louis XIV , la France\u00a0 vit\u00a0 bien en monarchie avec un roi \u00e0 sa t\u00eate alors qu&#8217;\u00e0 l&#8217;\u00e9vidence\u00a0 nous\u00a0 vivons la premi\u00e8re des situations ci-dessus.<\/span><\/p>\n<h4>L<span style=\"color:#008000;\">ouis XX est &#8220;roi&#8221;, mais un roi sans\u00a0 Sacre, sans couronne , sans\u00a0 palais, sans\u00a0 serviteurs et sans moyens d\u2019action.<\/span><\/h4>\n<h4><span style=\"color:#008000;\">Louis XX est &#8220;roi&#8221; mais il n\u2019 a pas emp\u00each\u00e9 le mariage entre personnes du m\u00eame sexe, et il n\u2019emp\u00eachera\u00a0 pas la l\u00e9galisation de l\u2019euthanasie.<\/span><\/h4>\n<h4><span style=\"color:#008000;\">Louis XX est &#8220;roi&#8221; mais\u00a0 le monde ne se rev\u00eat plus d\u2019une \u00ab <em>blanche robe d\u2019\u00e9glise<\/em>\u00bb\u00a0Raoul Glaber, <em>Histoires<\/em>, texte tir\u00e9 de G. Duby, <em>L\u2019An Mil<\/em>, 1980, p. 169-170)\u00a0\u00a0mais d\u2019un voile de mosqu\u00e9es aux minarets conqu\u00e9rants<\/span><\/h4>\n<h4><a href=\"https:\/\/chartedefontevraultprovidentialisme.wordpress.com\/2018\/04\/19\/l-de-l-versus-la-volonte-de-dieu\/\">https:\/\/chartedefontevraultprovidentialisme.wordpress.com\/2018\/04\/19\/l-de-l-versus-la-volonte-de-dieu\/<\/a><\/h4>\n<p><span style=\"color:#008000;\">\u00a0<span style=\"color:#ff6600;\">Les lois\u00a0 fondamentales ne jouent\u00a0 donc\u00a0 pas d&#8217;autre\u00a0 r\u00f4le\u00a0 que protocolaire chez nos amis l\u00e9gitimistes aujourd&#8217;hui puisque celui qu&#8217;elles &#8221; d\u00e9signent&#8221;\u00a0 n&#8217;est qu&#8217;un citoyen lambda.<\/span><\/span><\/p>\n<p><strong><span style=\"color:#008000;\">Dans le futur, <\/span><\/strong><span style=\"color:#008000;\">on ne voit pa<\/span><span style=\"color:#008000;\">s comment\u00a0 , sans intervention divine , la situation pourrait\u00a0 changer car \u00e0 moins d&#8217;un miracle\u00a0 comment\u00a0 le roi de facto ( Louis XX, en l&#8217;occurence\u00a0 pour un petit nombre de Fran\u00e7ais) pourrait-il prendre la t\u00eate de l&#8217;\u00e9tat et\u00a0 voir\u00a0 arm\u00e9e, police, fonctionnaires et le peuple entier lui ob\u00e9ir &#8230; peuple entier\u00a0 dont\u00a0 seul une minuscule fraction le connait aujourd&#8217;hui ?<\/span><\/p>\n<p><span style=\"color:#008000;\">\u00a0 \u00a0La soumission \u00e0 la volont\u00e9\u00a0 divine\u00a0 s&#8217;agissant\u00a0 de\u00a0 qui\u00a0 doit \u00eatre le Lieutenant de Dieu en notre terre de France peut \u00eatre le facteur d\u00e9clenchant de cette restauration d&#8217;un roi tr\u00e9s chr\u00e9tien , c&#8217;est\u00a0 ce que la\u00a0<span style=\"color:#ff6600;\"> Supplique \u00e0 Dieu pour le retour du roi de France<\/span> demande mois apr\u00e8s mois depuis 2011\u00a0 <\/span><a href=\"http:\/\/www.pontmain-pourleretourduroi.com\/telegramme-n14-janvier-2019-pontmain-souverainete-christ-nations\/\"><span style=\"color:#0000ff;\">http:\/\/www.pontmain-pourleretourduroi.com\/telegramme-n14-janvier-2019-pontmain-souverainete-christ-nations\/\u00a0<\/span><\/a><\/p>\n<p><span style=\"color:#008000;\">C&#8217;est ce que demande aussi depuis le\u00a0 jeudi 25 aout 1988\u00a0 la<\/span> <span style=\"color:#ff6600;\">Charte de Fontevrault<\/span> <a href=\"https:\/\/www.sylmpedia.fr\/index.php\/Charte_de_Fontevrault\"><span style=\"color:#0000ff;\">https:\/\/www.sylmpedia.fr\/index.php\/Charte_de_Fontevrault \u00a0<\/span><\/a><span style=\"color:#008000;\">qui s&#8217;efforce d&#8217;\u00eatre p\u00e9trie de l\u2019id\u00e9al chr\u00e9tien en g\u00e9n\u00e9ral et de <span style=\"color:#ff6600;\">deux des commandements du Pater Noster<\/span> en particulier tel que l\u2019a mis en \u0153uvre l\u2019Ordre monastique de Fontevraud,<\/span> <span style=\"color:#0000ff;\">https:\/\/fr.wikipedia.org\/wiki\/Ordre_de_Fontevraud,<\/span> <span style=\"color:#008000;\">ordre fond\u00e9 en 1101 aux confins de la Touraine, de l\u2019Anjou et du Poitou par le bienheureux Robert d&#8217;Arbrissel ,\u00a0 ordre auquel la Charte de Fontevrault a\u00a0emprunt\u00e9\u00a0 son intitul\u00e9<\/span><\/p>\n<p><span style=\"color:#ff6600;\">a) Soumission \u00e0 la Volont\u00e9 divine y compris s&#8217;agissant de qui doit \u00eatre Le Lieutenant de Dieu sur le tr\u00f4ne de France en application du commandement &#8221; Que Votre volont\u00e9 soit faite sur la terre comme au Ciel&#8221;&#8230; or le tr\u00f4ne c&#8217;est aussi la terre.<\/span><br \/>\n<span style=\"color:#ff6600;\">Nous ne pouvons donc pas prier le Notre P\u00e8re en disant <em>Que Votre volont\u00e9 soit faite sur la terre comme au Ciel sauf pour le tr\u00f4ne de France o\u00f9 l\u00e0 , Seigneur, il en ira selon ma volont\u00e9 et non selon la V\u00f4tre.<\/em><\/span><\/p>\n<p><span style=\"color:#ff6600;\">b) Pardon des offenses commises par des militants servant un autre prince que le sien en application du commandement : &#8220;<em>Pardonnez nous nos offenses comme nous pardonnons \u00e0 ceux qui nous ont offens\u00e9s<\/em> &#8220;<\/span><br \/>\n<span style=\"color:#ff6600;\">Il ne nous est donc pas possible de qualifier un prince de descendant de r\u00e9gicide ou un autre de prince \u00e9tranger.<\/span><\/p>\n<p><span style=\"color:#008000;\">Les demandes\u00a0 adress\u00e9es \u00e0\u00a0 <span style=\"color:#ff6600;\">Notre P\u00e8re<\/span> qui nous ont\u00a0 \u00e9t\u00e9 enseign\u00e9es par le Christ lui-m\u00eame<\/span> <a href=\"https:\/\/saintebible.com\/luke\/11-2.htm\">https:\/\/saintebible.com\/luke\/11-2.htm\u00a0 \u00a0<\/a><span style=\"color:#008000;\">constituent\u00a0 donc les <span style=\"color:#ff6600;\">nouvelles lois fondamentales du royaume (LFR)<\/span><\/span><\/p>\n<p><span style=\"color:#ff6600;\">\u00a0 Une\u00a0 fois le roi restaur\u00e9 &#8211; et\u00a0 s&#8217;il plait \u00e0 Dieu- peut-\u00eatre les anciennes\u00a0 LFR reprendront-elles leur empire de fa\u00e7on \u00e0 assurer \u00e0 nouveau la transmission de la\u00a0 couronne de roi \u00e0 roi ? Mais pour l&#8217;heure ces LFR sont un carcan dont le diable pourrait avoir la tentation de se servir pour continuer \u00e0 diviser les royalistes et \u00e0 les dresser les uns\u00a0 contre les autres ainsi qu&#8217;en t\u00e9moignent les liges suivantes\u00a0 \u00e9manant d&#8217;un de nos amis l\u00e9gitimistes \u00e9manant de la page\u00a0 Facebook &#8220;Un roi, mais lequel &#8220;?<\/span><\/p>\n<p><span style=\"color:#800080;\"><em>\u00a0 \u00a0 \u00a0Votre ignorance des Lois Fondamentale du Royaume de France, donc de ces Lois qui furent institu\u00e9es par Dieu, est si flagrante et si honteusement manifeste, que vous prouvez bien par l\u00e0 toute l&#8217;absurdit\u00e9 du providentialisme, cette superstition antiroyaliste, blasph\u00e9matoire et puant l&#8217;hybris (NDLRB. Sentiment\u00a0 violent\u00a0 inspir\u00e9 par des passions, particuli\u00e8rement de l&#8217;orgueil)\u00a0 d&#8217;hommes qui contestent la loi divin<\/em>e<\/span>.<\/p>\n<p><strong>Alain Texier, <\/strong><\/p>\n<p><strong>Docteur d&#8217;Etat en Droit<\/strong><\/p>\n<p><strong>Dipl\u00f4m\u00e9 de de Science politiqu<\/strong>e<\/p>\n<p>&nbsp;<\/p>\n","protected":false},"excerpt":{"rendered":"<p>\u00a0 \u00a0 \u00a0Les lois fondamentales (LFR)\u00a0 sont\u00a0 souvent\u00a0 mises en avant\u00a0 par les royalistes de fa\u00e7on \u00e0 tenter d&#8217;appuyer les droits de leur champion. Et nombreuses\u00a0 sont les analyses\u00a0 en&#8230; <a href=\"https:\/\/charte-fontevrault-providentialisme.fr\/index.php\/2019\/03\/04\/passe-present-2019-et-avenir-des-lois-fondamentales-du-royaume-lfr\/\">Cliquez pour lire davantage &raquo;<\/a><\/p>\n","protected":false},"author":2,"featured_media":0,"comment_status":"open","ping_status":"open","sticky":false,"template":"","format":"standard","meta":{"footnotes":""},"categories":[2,3,21],"tags":[1381,687,2937,10170,10781,11460,11566,12353,14439,14801,17406,18766,22933],"class_list":["post-39501","post","type-post","status-publish","format-standard","hentry","category-action-legitimiste","category-action-orleaniste","category-limites-de-la-republique","tag-a-pontmain-supplique-a-dieu-pour-le-retour-du-roi","tag-alain-texier-president-fondateur-de-la-charte-de-fontevrault","tag-charles-xiii-bourbon-naudorff-duc-de-normandie","tag-http-www-pontmain-pourleretourduroi-com","tag-https-saintebible-com","tag-https-www-sylmpedia-fr","tag-hybris","tag-jean-iv-orleans-comte-de-paris","tag-lois-fondamentales-du-royaume-lfr","tag-louis-xx-bourbon-duc-danjou","tag-notre-seigneur-jesus-christ","tag-pater-noster","tag-roi-de-france-louis-xiv"],"_links":{"self":[{"href":"https:\/\/charte-fontevrault-providentialisme.fr\/index.php\/wp-json\/wp\/v2\/posts\/39501","targetHints":{"allow":["GET"]}}],"collection":[{"href":"https:\/\/charte-fontevrault-providentialisme.fr\/index.php\/wp-json\/wp\/v2\/posts"}],"about":[{"href":"https:\/\/charte-fontevrault-providentialisme.fr\/index.php\/wp-json\/wp\/v2\/types\/post"}],"author":[{"embeddable":true,"href":"https:\/\/charte-fontevrault-providentialisme.fr\/index.php\/wp-json\/wp\/v2\/users\/2"}],"replies":[{"embeddable":true,"href":"https:\/\/charte-fontevrault-providentialisme.fr\/index.php\/wp-json\/wp\/v2\/comments?post=39501"}],"version-history":[{"count":0,"href":"https:\/\/charte-fontevrault-providentialisme.fr\/index.php\/wp-json\/wp\/v2\/posts\/39501\/revisions"}],"wp:attachment":[{"href":"https:\/\/charte-fontevrault-providentialisme.fr\/index.php\/wp-json\/wp\/v2\/media?parent=39501"}],"wp:term":[{"taxonomy":"category","embeddable":true,"href":"https:\/\/charte-fontevrault-providentialisme.fr\/index.php\/wp-json\/wp\/v2\/categories?post=39501"},{"taxonomy":"post_tag","embeddable":true,"href":"https:\/\/charte-fontevrault-providentialisme.fr\/index.php\/wp-json\/wp\/v2\/tags?post=39501"}],"curies":[{"name":"wp","href":"https:\/\/api.w.org\/{rel}","templated":true}]}}