{"id":39502,"date":"2019-03-05T15:00:19","date_gmt":"2019-03-05T14:00:19","guid":{"rendered":"https:\/\/chartedefontevraultprovidentialisme.wordpress.com\/?p=22478"},"modified":"2019-03-05T15:00:19","modified_gmt":"2019-03-05T14:00:19","slug":"les-generaux-turreau-et-amey-criminels-de-la-guerre-de-vendee-honores-sous-larc-de-triomphe","status":"publish","type":"post","link":"https:\/\/charte-fontevrault-providentialisme.fr\/index.php\/2019\/03\/05\/les-generaux-turreau-et-amey-criminels-de-la-guerre-de-vendee-honores-sous-larc-de-triomphe\/","title":{"rendered":"Les g\u00e9n\u00e9raux Turreau et Amey criminels de la guerre de Vend\u00e9e &#8220;honor\u00e9s&#8221; sous l&#8217;arc de triomphe"},"content":{"rendered":"<div class=\"dateheader\">08 septembre 2010<a name=\"19012020\"><\/a><\/div>\n<h2 class=\"articletitle\" style=\"text-align:center;\"><span style=\"color:#ff6600;\"><a style=\"color:#ff6600;\" title=\"Deux criminels de guerre sur l'Arc de Triomphe\" href=\"http:\/\/www.vendeensetchouans.com\/archives\/2010\/09\/08\/19012020.html\" rel=\"bookmark\">Deux criminels de guerre sur l&#8217;Arc de Triomphe<\/a><\/span><\/h2>\n<div class=\"articlebody\">\n<p><strong>Parmi les 660 personnalit\u00e9s dont l&#8217;Arc de Triomphe honore les noms figurent deux g\u00e9n\u00e9raux, qui firent certes carri\u00e8re sous l&#8217;Empire, mais qui restent surtout tristement c\u00e9l\u00e8bres pour avoir ordonn\u00e9 ou commis les pires atrocit\u00e9s en Vend\u00e9e.<\/strong><\/p>\n<p><a href=\"http:\/\/arc-de-triomphe.monuments-nationaux.fr\/\"><img loading=\"lazy\" decoding=\"async\" class=\"aligncenter\" src=\"https:\/\/p1.storage.canalblog.com\/28\/69\/773923\/56842710_p.png\" alt=\"Image_2\" width=\"300\" height=\"221\" border=\"0\" \/><\/a><\/p>\n<p><span style=\"color:#008000;\">\u00a0 Le premier porte le nom honni de Turreau. Nomm\u00e9 commandant en chef de l&#8217;Arm\u00e9e de l&#8217;Ouest \u00e0 la fin de l&#8217;ann\u00e9e 1793, peu de temps avant que les Vend\u00e9ens soient \u00e9cras\u00e9s dans les marais de Savenay, ce g\u00e9n\u00e9ral promu par la R\u00e9volution est charg\u00e9 de mettre en application sur le terrain les d\u00e9crets d&#8217;extermination du pays insurg\u00e9, vot\u00e9s par la Convention en ao\u00fbt 1793.<\/span><\/p>\n<p><span style=\"color:#008000;\">Il \u00e9labore ainsi un plan d&#8217;action au moyen de colonnes mobiles formant deux arm\u00e9es qui progresseront en \u00e9tau vers le centre de la Vend\u00e9e. Les ordres qu&#8217;il a re\u00e7us sont clairs. Il les relaie aux commandants de ses colonnes :<\/span><br \/>\n<a href=\"http:\/\/www.ville-cholet.fr\/Xdossiers\/dossier_55_le+musee+art+histoire.html\"><img loading=\"lazy\" decoding=\"async\" class=\"aligncenter\" src=\"https:\/\/p6.storage.canalblog.com\/65\/18\/773923\/56842798_p.png\" alt=\"Image_3\" width=\"399\" height=\"291\" border=\"0\" \/><\/a><span style=\"color:#008000;\">\u00ab <em>Tous les brigands [nom donn\u00e9 aux insurg\u00e9s] qui seront trouv\u00e9s les armes \u00e0 la main, ou convaincus de les avoir prises pour se r\u00e9volter contre leur patrie, seront pass\u00e9s au fil de la ba\u00efonnette. On agira de m\u00eame avec les filles, femmes et enfants qui seront dans ce cas. Les personnes, seulement suspectes, ne seront pas plus \u00e9pargn\u00e9es\u2026 Tous les villages, m\u00e9tairies, bois, gen\u00eats, et g\u00e9n\u00e9ralement tout ce qui peut \u00eatre br\u00fbl\u00e9 sera livr\u00e9 aux flammes<\/em>\u2026 \u00bb (Instruction relative \u00e0 l&#8217;ex\u00e9cution des ordres, donn\u00e9e le 19 janvier 1794)<\/span><\/p>\n<p><span style=\"color:#008000;\">Les colonnes se mettent en marche le 21 janvier suivant. L&#8217;horreur de leurs exactions, incendies et massacres de masse, qui se prolongeront jusqu&#8217;\u00e0 l&#8217;\u00e9t\u00e9, leur vaudront le nom de <em>Colonnes infernales<\/em>.<\/span><\/p>\n<p><a class=\"cboxElement\" href=\"https:\/\/p1.storage.canalblog.com\/10\/05\/773923\/56842874.png\" target=\"_blank\" rel=\"noopener noreferrer\"><img loading=\"lazy\" decoding=\"async\" class=\"aligncenter\" src=\"https:\/\/p1.storage.canalblog.com\/10\/05\/773923\/56842874_p.png\" alt=\"Image_4\" width=\"300\" height=\"199\" border=\"0\" \/><\/a><\/p>\n<p><span style=\"color:#008000;\">\u00a0 \u00a0Turreau est d\u00e9mis de son commandement en mai 1794. Non pas pour sanctionner ses crimes (il ne sera jamais condamn\u00e9), mais parce Robespierre, qui a \u00e9limin\u00e9 ses derniers opposants, n&#8217;a plus besoin de la Vend\u00e9e pour entretenir la Terreur.<\/span><br \/>\n<span style=\"color:#008000;\">R\u00e9habilit\u00e9 en 1795 et blanchi de toute faute, le g\u00e9n\u00e9ral poursuivra sa carri\u00e8re sous le Consulat et l&#8217;Empire, et sera m\u00eame nomm\u00e9 ambassadeur de France aux Etats-Unis. Il s&#8217;\u00e9teindra paisiblement en 1816, sans savoir que sa m\u00e9moire sera honor\u00e9e sur le monument de nos gloires militaires, alors m\u00eame que son principal fait d&#8217;armes aurait d\u00fb \u00e0 jamais frapper son nom d&#8217;indignit\u00e9.<\/span><\/p>\n<p><span style=\"color:#008000;\">Le second nom est celui du g\u00e9n\u00e9ral Amey, connu pour avoir incendier la ville des Herbiers et br\u00fbler des femmes dans des fours. Mais pour lui aussi, les guerres napol\u00e9oniennes semblent avoir effac\u00e9 les crimes\u2026<\/span><\/p>\n<p><span style=\"color:#ff6600;\">Illustrations : L&#8217;Arc de Triomphe \u00e0 Paris, portrait du g\u00e9n\u00e9ral Turreau (<a style=\"color:#ff6600;\" href=\"http:\/\/www.ville-cholet.fr\/Xdossiers\/dossier_55_le+musee+art+histoire.html\">Mus\u00e9e d&#8217;Art et d&#8217;Histoire de Cholet<\/a>), d\u00e9tail du nom de Turreau sur l&#8217;Arc de Triomphe<\/span><\/p>\n<\/div>\n<p><span style=\"color:#0000ff;\"><a style=\"color:#0000ff;\" href=\"http:\/\/www.vendeensetchouans.com\/archives\/2010\/09\/08\/19012020.html\">http:\/\/www.vendeensetchouans.com\/archives\/2010\/09\/08\/19012020.html<\/a><\/span><\/p>\n","protected":false},"excerpt":{"rendered":"<p>08 septembre 2010 Deux criminels de guerre sur l&#8217;Arc de Triomphe Parmi les 660 personnalit\u00e9s dont l&#8217;Arc de Triomphe honore les noms figurent deux g\u00e9n\u00e9raux, qui firent certes carri\u00e8re sous&#8230; <a href=\"https:\/\/charte-fontevrault-providentialisme.fr\/index.php\/2019\/03\/05\/les-generaux-turreau-et-amey-criminels-de-la-guerre-de-vendee-honores-sous-larc-de-triomphe\/\">Cliquez pour lire davantage &raquo;<\/a><\/p>\n","protected":false},"author":2,"featured_media":0,"comment_status":"open","ping_status":"open","sticky":false,"template":"","format":"standard","meta":{"footnotes":""},"categories":[21],"tags":[1014,7889,7960,8531,10303],"class_list":["post-39502","post","type-post","status-publish","format-standard","hentry","category-limites-de-la-republique","tag-arc-de-triomphe-75008-paris","tag-general-amey","tag-general-turreau","tag-guerres-de-vendee","tag-http-www-vendeensetchouans-com"],"_links":{"self":[{"href":"https:\/\/charte-fontevrault-providentialisme.fr\/index.php\/wp-json\/wp\/v2\/posts\/39502","targetHints":{"allow":["GET"]}}],"collection":[{"href":"https:\/\/charte-fontevrault-providentialisme.fr\/index.php\/wp-json\/wp\/v2\/posts"}],"about":[{"href":"https:\/\/charte-fontevrault-providentialisme.fr\/index.php\/wp-json\/wp\/v2\/types\/post"}],"author":[{"embeddable":true,"href":"https:\/\/charte-fontevrault-providentialisme.fr\/index.php\/wp-json\/wp\/v2\/users\/2"}],"replies":[{"embeddable":true,"href":"https:\/\/charte-fontevrault-providentialisme.fr\/index.php\/wp-json\/wp\/v2\/comments?post=39502"}],"version-history":[{"count":0,"href":"https:\/\/charte-fontevrault-providentialisme.fr\/index.php\/wp-json\/wp\/v2\/posts\/39502\/revisions"}],"wp:attachment":[{"href":"https:\/\/charte-fontevrault-providentialisme.fr\/index.php\/wp-json\/wp\/v2\/media?parent=39502"}],"wp:term":[{"taxonomy":"category","embeddable":true,"href":"https:\/\/charte-fontevrault-providentialisme.fr\/index.php\/wp-json\/wp\/v2\/categories?post=39502"},{"taxonomy":"post_tag","embeddable":true,"href":"https:\/\/charte-fontevrault-providentialisme.fr\/index.php\/wp-json\/wp\/v2\/tags?post=39502"}],"curies":[{"name":"wp","href":"https:\/\/api.w.org\/{rel}","templated":true}]}}