{"id":39575,"date":"2019-05-08T10:00:36","date_gmt":"2019-05-08T08:00:36","guid":{"rendered":"https:\/\/chartedefontevraultprovidentialisme.wordpress.com\/?p=23459"},"modified":"2019-05-08T10:00:36","modified_gmt":"2019-05-08T08:00:36","slug":"irene-pincemaille-dans-la-lignee-du-texte-de-m-labbe-de-durat-nous-redit-son-admiration-pour-jeanne-darc-2","status":"publish","type":"post","link":"https:\/\/charte-fontevrault-providentialisme.fr\/index.php\/2019\/05\/08\/irene-pincemaille-dans-la-lignee-du-texte-de-m-labbe-de-durat-nous-redit-son-admiration-pour-jeanne-darc-2\/","title":{"rendered":"Ir\u00e9ne Pincemaille , dans la lign\u00e9e  du texte de M. l&#8217;abb\u00e9 de Durat * nous redit son admiration pour jeanne d&#8217;Arc."},"content":{"rendered":"<ul>\n<li><span style=\"color:#0000ff;\"><a style=\"color:#0000ff;\" href=\"https:\/\/chartedefontevraultprovidentialisme.wordpress.com\/2019\/05\/05\/abbe-de-durat-aumonier-general-de-la-charte-de-fontevrault-jeanne-darc-une-fille-qui-ose-dire-que-le-christ-est-le-roi-de-france\/\">https:\/\/chartedefontevraultprovidentialisme.wordpress.com\/2019\/05\/05\/abbe-de-durat-aumonier-general-de-la-charte-de-fontevrault-jeanne-darc-une-fille-qui-ose-dire-que-le-christ-est-le-roi-de-france\/\u00a0<\/a><\/span> \u00a0 \u00a0 \u00a0 \u00a0 \u00a0 \u00a0 \u00a0 \u00a0 \u00a0 \u00a0 \u00a0 \u00a0 \u00a0 \u00a0 \u00a0 \u00a0 \u00a0 \u00a0 \u00a0 \u00a0 \u00a0 \u00a0 \u00a0 \u00a0 \u00a0 \u00a0 \u00a0 \u00a0 \u00a0 \u00a0 \u00a0 \u00a0 \u00a0 \u00a0 \u00a0 \u00a0 \u00a0 \u00a0 \u00a0 \u00a0 \u00a0 \u00a0 \u00a0 \u00a0 \u00a0 \u00a0 \u00a0 \u00a0 \u00a0 \u00a0 \u00a0 \u00a0 \u00a0 \u00a0 \u00a0 \u00a0 \u00a0 \u00a0 \u00a0 \u00a0 \u00a0 \u00a0 \u00a0 \u00a0 \u00a0 \u00a0 \u00a0 \u00a0 \u00a0 \u00a0 \u00a0\u00a0\u00a0\u00a0\u00a0\u00a0\u00a0\u00a0\u00a0\u00a0\u00a0\u00a0\u00a0\u00a0\u00a0\u00a0\u00a0\u00a0\u00a0\u00a0\u00a0\u00a0\u00a0\u00a0\u00a0\u00a0\u00a0\u00a0\u00a0\u00a0\u00a0\u00a0\u00a0\u00a0\u00a0\u00a0\u00a0\u00a0\u00a0\u00a0\u00a0\u00a0\u00a0\u00a0\u00a0\u00a0\u00a0\u00a0\u00a0\u00a0\u00a0\u00a0\u00a0\u00a0\u00a0\u00a0\u00a0\u00a0\u00a0\u00a0\u00a0\u00a0\u00a0\u00a0\u00a0\u00a0\u00a0\u00a0\u00a0\u00a0\u00a0\u00a0\u00a0\u00a0\u00a0\u00a0\u00a0\u00a0\u00a0\u00a0\u00a0\u00a0\u00a0\u00a0\u00a0\u00a0\u00a0\u00a0\u00a0\u00a0\u00a0\u00a0\u00a0\u00a0\u00a0\u00a0\u00a0\u00a0\u00a0\u00a0\u00a0 <span style=\"color:#ff6600;\">L&#8217;ANNEAU DE FRANCE<\/span><br \/>\n<span style=\"color:#ff6600;\">(Puy du Fou \u2013 20 Mars 2016)<\/span><\/li>\n<\/ul>\n<p><span style=\"color:#008000;\"><strong>Le lieu\u00a0:<\/strong><\/span><\/p>\n<p><span style=\"color:#008000;\">Il \u00e9tait une fois, en la Vend\u00e9e royale,<\/span><br \/>\n<span style=\"color:#008000;\">Un ch\u00e2teau survivant des combats oubli\u00e9s.<\/span><br \/>\n<span style=\"color:#008000;\">Aventure de folie, o\u00f9, pour un id\u00e9al<\/span><br \/>\n<span style=\"color:#008000;\">Le simple paysan se faisait chevalier\u00a0!<\/span><\/p>\n<p><span style=\"color:#008000;\">\u00c1 l&#8217;ombre de ces murs, le pays alentour<\/span><br \/>\n<span style=\"color:#008000;\">Se voyait d\u00e9cim\u00e9, massacr\u00e9, sans espoir.<\/span><br \/>\n<span style=\"color:#008000;\">Le ch\u00e2teau se dressait, impuissant, d\u00e9risoire,<\/span><br \/>\n<span style=\"color:#008000;\">Sans d\u00e9fense, inutile, \u00e9cras\u00e9 sans retour\u00a0!<\/span><\/p>\n<p><span style=\"color:#008000;\">Il \u00e9tait une fois, cach\u00e9e sous les grands drames,<\/span><br \/>\n<span style=\"color:#008000;\">Une \u00e9tincelle br\u00fblante, pointue comme une lame.<\/span><br \/>\n<span style=\"color:#008000;\">Elle couvait sous les ruines, insufflant dans les c\u0153urs<\/span><br \/>\n<span style=\"color:#008000;\">L&#8217;amour de l&#8217;esp\u00e9rance et de l&#8217;esprit vainqueur.<\/span><\/p>\n<p><span style=\"color:#008000;\"><strong>L&#8217;objet\u00a0:<\/strong><\/span><\/p>\n<p><span style=\"color:#008000;\">Il \u00e9tait une fois un anneau de vaillance,<\/span><br \/>\n<span style=\"color:#008000;\">Un anneau d&#8217;une cha\u00eene, un mariage, une alliance.<\/span><br \/>\n<span style=\"color:#008000;\">Bien longtemps prisonnier en la terre \u00e9trang\u00e8re,<\/span><br \/>\n<span style=\"color:#008000;\">L&#8217;union semblait bris\u00e9e, comme en un adult\u00e8re.<\/span><\/p>\n<p><span style=\"color:#008000;\">Ce cha\u00eenon oubli\u00e9 en des mains inconnues<\/span><br \/>\n<span style=\"color:#008000;\">Jamais au ciel de France ne serait revenu<\/span><br \/>\n<span style=\"color:#008000;\">Sans divine Providence pench\u00e9e sur nos destins<\/span><br \/>\n<span style=\"color:#008000;\">Opposant sa vertu aux coupables instincts.<\/span><\/p>\n<p><span style=\"color:#008000;\">Il \u00e9tait une fois un anneau d&#8217;\u00e9pousailles,<\/span><br \/>\n<span style=\"color:#008000;\">La France \u00e9tait rebelle, son bapt\u00eame effac\u00e9\u00a0:<\/span><br \/>\n<span style=\"color:#008000;\">Au Saint jour des Rameaux, loin de toutes les batailles,<\/span><br \/>\n<span style=\"color:#008000;\">\u00c1 son doigt cette alliance fut \u00e0 nouveau gliss\u00e9e\u00a0!<\/span><\/p>\n<p><strong>La personne\u00a0:<\/strong><\/p>\n<p><span style=\"color:#008000;\">Il \u00e9tait une fois une simple pucelle<\/span><br \/>\n<span style=\"color:#008000;\">Au pays de Lorraine, n\u00e9e en un jour d&#8217;hiver.<\/span><br \/>\n<span style=\"color:#008000;\">La terre y \u00e9tait nue et l&#8217;anxi\u00e9t\u00e9 s\u00e9v\u00e8re,<\/span><br \/>\n<span style=\"color:#008000;\">Guerre, d\u00e9sespoir et mort y semblaient \u00e9ternels.<\/span><\/p>\n<p><span style=\"color:#008000;\">Intr\u00e9pide fut-elle, commandant aux soldats<\/span><br \/>\n<span style=\"color:#008000;\">Et sans peur, et hardie au milieu des combats.<\/span><br \/>\n<span style=\"color:#008000;\">Simple fille de France, de sa Foi rev\u00eatue<\/span><br \/>\n<span style=\"color:#008000;\">Imposant ses conseils au Nom du Roi J\u00e9sus.<\/span><\/p>\n<p><span style=\"color:#008000;\">Il \u00e9tait une fois un b\u00fbcher rougeoyant.<\/span><br \/>\n<span style=\"color:#008000;\">An\u00e9antie, br\u00fbl\u00e9e, mais au c\u0153ur si vaillant\u00a0!<\/span><br \/>\n<span style=\"color:#008000;\">Ses doigts priv\u00e9s d&#8217;anneau se serrant sur la Croix,<\/span><br \/>\n<span style=\"color:#008000;\">Jeanne nous dit de prier pour le retour du Roy\u00a0<\/span>!<\/p>\n<p><span style=\"color:#ff6600;\">I. Pincemaille, Past Gouverneur\u00a0 de la Charte de Fontevrault. \u2013 5 Avril (jour de ma f\u00eate) 2016<\/span><\/p>\n","protected":false},"excerpt":{"rendered":"<p>https:\/\/chartedefontevraultprovidentialisme.wordpress.com\/2019\/05\/05\/abbe-de-durat-aumonier-general-de-la-charte-de-fontevrault-jeanne-darc-une-fille-qui-ose-dire-que-le-christ-est-le-roi-de-france\/\u00a0 \u00a0 \u00a0 \u00a0 \u00a0 \u00a0 \u00a0 \u00a0 \u00a0 \u00a0 \u00a0 \u00a0 \u00a0 \u00a0 \u00a0 \u00a0 \u00a0 \u00a0 \u00a0 \u00a0 \u00a0 \u00a0 \u00a0 \u00a0 \u00a0 \u00a0 \u00a0 \u00a0 \u00a0 \u00a0&#8230; <a href=\"https:\/\/charte-fontevrault-providentialisme.fr\/index.php\/2019\/05\/08\/irene-pincemaille-dans-la-lignee-du-texte-de-m-labbe-de-durat-nous-redit-son-admiration-pour-jeanne-darc-2\/\">Cliquez pour lire davantage &raquo;<\/a><\/p>\n","protected":false},"author":5,"featured_media":0,"comment_status":"open","ping_status":"open","sticky":false,"template":"","format":"standard","meta":{"footnotes":""},"categories":[7,19],"tags":[454,908,8290,12698],"class_list":["post-39575","post","type-post","status-publish","format-standard","hentry","category-blogs-et-sites-catholiques","category-fetes-catholiques","tag-abbe-jehan-de-durat-aumonier-general-de-la-charte-de-fontevrault","tag-anneau-de-jeanne-darc","tag-gouverneur-irene-pincemaille-h","tag-jeanne-darc-ste"],"_links":{"self":[{"href":"https:\/\/charte-fontevrault-providentialisme.fr\/index.php\/wp-json\/wp\/v2\/posts\/39575","targetHints":{"allow":["GET"]}}],"collection":[{"href":"https:\/\/charte-fontevrault-providentialisme.fr\/index.php\/wp-json\/wp\/v2\/posts"}],"about":[{"href":"https:\/\/charte-fontevrault-providentialisme.fr\/index.php\/wp-json\/wp\/v2\/types\/post"}],"author":[{"embeddable":true,"href":"https:\/\/charte-fontevrault-providentialisme.fr\/index.php\/wp-json\/wp\/v2\/users\/5"}],"replies":[{"embeddable":true,"href":"https:\/\/charte-fontevrault-providentialisme.fr\/index.php\/wp-json\/wp\/v2\/comments?post=39575"}],"version-history":[{"count":0,"href":"https:\/\/charte-fontevrault-providentialisme.fr\/index.php\/wp-json\/wp\/v2\/posts\/39575\/revisions"}],"wp:attachment":[{"href":"https:\/\/charte-fontevrault-providentialisme.fr\/index.php\/wp-json\/wp\/v2\/media?parent=39575"}],"wp:term":[{"taxonomy":"category","embeddable":true,"href":"https:\/\/charte-fontevrault-providentialisme.fr\/index.php\/wp-json\/wp\/v2\/categories?post=39575"},{"taxonomy":"post_tag","embeddable":true,"href":"https:\/\/charte-fontevrault-providentialisme.fr\/index.php\/wp-json\/wp\/v2\/tags?post=39575"}],"curies":[{"name":"wp","href":"https:\/\/api.w.org\/{rel}","templated":true}]}}