{"id":39579,"date":"2019-05-10T15:22:36","date_gmt":"2019-05-10T13:22:36","guid":{"rendered":"https:\/\/chartedefontevraultprovidentialisme.wordpress.com\/?p=23501"},"modified":"2019-05-10T15:22:36","modified_gmt":"2019-05-10T13:22:36","slug":"notre-ami-marc-hedelin-sest-un-peu-emmele-les-pinceaux-dans-son-desir-detre-drole-a-nos-depens-2","status":"publish","type":"post","link":"https:\/\/charte-fontevrault-providentialisme.fr\/index.php\/2019\/05\/10\/notre-ami-marc-hedelin-sest-un-peu-emmele-les-pinceaux-dans-son-desir-detre-drole-a-nos-depens-2\/","title":{"rendered":"Notre ami Marc Hedelin s&#8217;est un peu emm\u00eal\u00e9 les pinceaux dans son d\u00e9sir  d&#8217;\u00eatre dr\u00f4le \u00e0 nos d\u00e9pens."},"content":{"rendered":"<div class=\"_1dwg _1w_m _q7o\">\n<div class=\"s_10aj863e9t t_10aj868_7s clearfix\">\n<div class=\"clearfix o_10aj863da2\">\n<div class=\"clearfix _42ef\">\n<div class=\"s_10aj863da5\">\n<div class=\"_6a _5u5j\">\n<div class=\"_6a _6b\"><a role=\"button\" href=\"https:\/\/www.facebook.com\/marc.hedelin?fref=gs&amp;__tn__=%2CdC-R-R&amp;eid=ARB28tCUOMQdgLxSgXDho2M0UbHBxR-RMEcRerX5ipI4JCI2M68os5iY74P5ym7NPwna7-UP71rxJLWj&amp;hc_ref=ARSMqWSPEbqr3rZQXYFUFaLnaP-KTB8vZuJ2C5LDxJwrn-6xKhaFaMmN-uAUoh0pUaQ&amp;dti=683732621715501&amp;hc_location=group\" rel=\"dialog\">Marc Hedelin<\/a><\/div>\n<div class=\"_6a _5u5j _6b\">\n<div id=\"feed_subtitle_2193738700714878:6:0\" class=\"_5pcp _5lel _2jyu _232_\"><span class=\"a_10aj8649r0\"><span class=\"fsm fwn fcg\"><a class=\"_5pcq\" href=\"https:\/\/www.facebook.com\/groups\/683732621715501\/permalink\/2193738700714878\/\" target=\"\" rel=\"noopener\"><abbr class=\"_5ptz timestamp livetimestamp\" title=\"10\/05\/2019 14:07\"><span id=\"js_5f\" class=\"timestampContent\">1 h<\/span><\/abbr><\/a><\/span><\/span><\/div>\n<\/div>\n<\/div>\n<\/div>\n<\/div>\n<\/div>\n<\/div>\n<div id=\"js_5g\" class=\"_5pbx userContent _3576\">\n<p>Limoges, r\u00e9union de la secte providentialiste du gourou <a class=\"profileLink\" role=\"button\" href=\"https:\/\/www.facebook.com\/alain.texier.79?fref=gs&amp;__tn__=%2CdK-R-R&amp;eid=ARCZAq_5sWyth9nKpLUucPCybIjozSCfldE5up9Cf0fEk1EDSH4EKgF1pbj8tGf1ftCeJSlucBX83D4u&amp;dti=683732621715501&amp;hc_location=group\" rel=\"dialog\">Alain Texier<\/a> assist\u00e9 de la totalit\u00e9 de la Charte de Fontrevaud et du comit\u00e9 directeur de l&#8217;AROM <span class=\"_5mfr\"><span class=\"_6qdm\">\ud83e\udd23<\/span><\/span><span class=\"_5mfr\"><span class=\"_6qdm\">\ud83e\udd23<\/span><\/span><span class=\"_5mfr\"><span class=\"_6qdm\">\ud83e\udd23<\/span><\/span><\/p>\n<p><em>Page FB &#8221; Un roi mais lequel&#8221;?<\/em><\/p>\n<p>&nbsp;<\/p>\n<\/div>\n<div class=\"_3x-2\">\n<div>\n<div class=\"mtm\">\n<div>\n<div class=\"_5cq3 _1ktf\">\n<div id=\"u_jsonp_2_1b\" class=\"uiScaledImageContainer _4-ep\"><img loading=\"lazy\" decoding=\"async\" class=\"scaledImageFitWidth img\" src=\"https:\/\/scontent-cdg2-1.xx.fbcdn.net\/v\/t1.0-9\/60022656_10218709792685794_2423785568530857984_n.jpg?_nc_cat=103&amp;_nc_ht=scontent-cdg2-1.xx&amp;oh=8d75ab9c37c555de83872eca1194d89a&amp;oe=5D713208\" alt=\"Aucune description de photo disponible.\" width=\"500\" height=\"218\" \/><\/div>\n<\/div>\n<\/div>\n<\/div>\n<\/div>\n<\/div>\n<div>\n<\/div>\n<\/div>\n<div>\n<div class=\"_4299\">\n<div class=\"_5vsi\"><\/div>\n<div class=\"_78bu\">\n<div class=\"_68wo\">\n<div class=\"_3vum\">\n<div class=\"_4vn1 _4jlh\">Marc Hedelin s&#8217;est emm\u00eal\u00e9 les pinceaux dans l&#8217;orthographe de son post.<\/div>\n<div><\/div>\n<div>\u00a0 \u00a0 Deux orthographes sont admises.<\/div>\n<div><\/div>\n<div>* la Charte de Fontevr<strong>ault\u00a0<\/strong> que\u00a0 vous connaissez bien\u00a0 https:\/\/www.sylmpedia.fr\/index.php\/Charte_de_Fontevrault<\/div>\n<div><\/div>\n<\/div>\n<div>* le\u00a0<span style=\"color:var(--color-text);\">R\u00e9seau International Paysages Viticoles Charte de Fontevr<strong>aud<\/strong> &#8230;<\/span><\/div>\n<div>http:\/\/www.vignevin.com\/recherche\/territoires\/paysages-viticoles\/reseau-international-paysages-viticoles.html<\/div>\n<div><\/div>\n<\/div>\n<div>Quant \u00e0 la Charte de<strong> Fontrevaud , <\/strong>elle est inconnue au bataillon m\u00eame au 2 \u00e9me\u00a0 r\u00e9giment de dragons NBC. https:\/\/dictionnaireordremonastiquedefontevraud.wordpress.com\/2012\/04\/28\/d-camp-militaire-de-fontevraud-2e-regiment-de-dragons-nucleaire-biologique-et-chimique\/<\/div>\n<\/div>\n<\/div>\n<\/div>\n","protected":false},"excerpt":{"rendered":"<p>Marc Hedelin 1 h Limoges, r\u00e9union de la secte providentialiste du gourou Alain Texier assist\u00e9 de la totalit\u00e9 de la Charte de Fontrevaud et du comit\u00e9 directeur de l&#8217;AROM \ud83e\udd23\ud83e\udd23\ud83e\udd23&#8230; <a href=\"https:\/\/charte-fontevrault-providentialisme.fr\/index.php\/2019\/05\/10\/notre-ami-marc-hedelin-sest-un-peu-emmele-les-pinceaux-dans-son-desir-detre-drole-a-nos-depens-2\/\">Cliquez pour lire davantage &raquo;<\/a><\/p>\n","protected":false},"author":2,"featured_media":0,"comment_status":"open","ping_status":"open","sticky":false,"template":"","format":"standard","meta":{"footnotes":""},"categories":[12,29],"tags":[264,687,1155,2985,2987,15458,18305],"class_list":["post-39579","post","type-post","status-publish","format-standard","hentry","category-blogs-et-sites-providentialistes","category-uncategorized","tag-2-eme-regiment-de-dragons-nbc","tag-alain-texier-president-fondateur-de-la-charte-de-fontevrault","tag-arom","tag-charte-de-fontevraud","tag-charte-de-fontevrault","tag-marc-hedelin","tag-page-fb-un-roi-mais-lequel"],"_links":{"self":[{"href":"https:\/\/charte-fontevrault-providentialisme.fr\/index.php\/wp-json\/wp\/v2\/posts\/39579","targetHints":{"allow":["GET"]}}],"collection":[{"href":"https:\/\/charte-fontevrault-providentialisme.fr\/index.php\/wp-json\/wp\/v2\/posts"}],"about":[{"href":"https:\/\/charte-fontevrault-providentialisme.fr\/index.php\/wp-json\/wp\/v2\/types\/post"}],"author":[{"embeddable":true,"href":"https:\/\/charte-fontevrault-providentialisme.fr\/index.php\/wp-json\/wp\/v2\/users\/2"}],"replies":[{"embeddable":true,"href":"https:\/\/charte-fontevrault-providentialisme.fr\/index.php\/wp-json\/wp\/v2\/comments?post=39579"}],"version-history":[{"count":0,"href":"https:\/\/charte-fontevrault-providentialisme.fr\/index.php\/wp-json\/wp\/v2\/posts\/39579\/revisions"}],"wp:attachment":[{"href":"https:\/\/charte-fontevrault-providentialisme.fr\/index.php\/wp-json\/wp\/v2\/media?parent=39579"}],"wp:term":[{"taxonomy":"category","embeddable":true,"href":"https:\/\/charte-fontevrault-providentialisme.fr\/index.php\/wp-json\/wp\/v2\/categories?post=39579"},{"taxonomy":"post_tag","embeddable":true,"href":"https:\/\/charte-fontevrault-providentialisme.fr\/index.php\/wp-json\/wp\/v2\/tags?post=39579"}],"curies":[{"name":"wp","href":"https:\/\/api.w.org\/{rel}","templated":true}]}}