{"id":39811,"date":"2021-04-18T12:00:00","date_gmt":"2021-04-18T10:00:00","guid":{"rendered":"https:\/\/chartedefontevraultprovidentialisme.wordpress.com\/?p=39788"},"modified":"2021-04-18T12:00:00","modified_gmt":"2021-04-18T10:00:00","slug":"evian-conseille-de-boire-de-leau-minerale-en-periode-de-ramadan-voici-qui-est-un-peu-fort-de-cafe","status":"publish","type":"post","link":"https:\/\/charte-fontevrault-providentialisme.fr\/index.php\/2021\/04\/18\/evian-conseille-de-boire-de-leau-minerale-en-periode-de-ramadan-voici-qui-est-un-peu-fort-de-cafe\/","title":{"rendered":"Evian  conseille de  boire de son eau min\u00e9rale en p\u00e9riode de Ramadan &#8230; Voici qui est un peu fort de caf\u00e9 !"},"content":{"rendered":"\n<figure class=\"wp-block-embed is-type-wp-embed is-provider-embed wp-block-embed-embed\">\n<div class=\"wp-block-embed__wrapper\">On aurait donc d\u00fb en rester l\u00e0, laissant les furieux mariner dans leur soif jusqu\u2019\u00e0 la rupture du je\u00fbne. H\u00e9las, trois fois h\u00e9las, \u00c9vian s\u2019est cru oblig\u00e9e de pr\u00e9senter des excuses. Dans cette nation de carpettes que nous sommes devenus, il faut se coucher s\u00e9ance tenante devant les ayatollahs, s\u2019autoflageller histoire \u00a0d\u2019alimenter encore un peu plus leur haine et leur m\u00e9pris. Nouveau tweet, donc, mardi soir\u00a0:\u00a0<em>\u00ab\u00a0Bonsoir, ici la team \u00c9vian, d\u00e9sol\u00e9e pour la maladresse de ce tweet qui n\u2019appelle \u00e0 aucune provocation\u00a0!<\/em><\/div>\n<div>\u00a0<\/div>\n<div class=\"wp-block-embed__wrapper\"><strong>https:\/\/www.bvoltaire.fr\/evian-conseille-de-boire-de-leau-une-offense-en-periode-de-ramadan\/<\/strong><\/div>\n<\/figure>\n","protected":false},"excerpt":{"rendered":"","protected":false},"author":5,"featured_media":0,"comment_status":"open","ping_status":"open","sticky":false,"template":"","format":"standard","meta":{"footnotes":""},"categories":[21],"tags":[5895,10902,11943,21407],"class_list":["post-39811","post","type-post","status-publish","format-standard","hentry","category-limites-de-la-republique","tag-eau-devian","tag-https-www-bvoltaire-fr","tag-islamisme","tag-ramadan"],"_links":{"self":[{"href":"https:\/\/charte-fontevrault-providentialisme.fr\/index.php\/wp-json\/wp\/v2\/posts\/39811","targetHints":{"allow":["GET"]}}],"collection":[{"href":"https:\/\/charte-fontevrault-providentialisme.fr\/index.php\/wp-json\/wp\/v2\/posts"}],"about":[{"href":"https:\/\/charte-fontevrault-providentialisme.fr\/index.php\/wp-json\/wp\/v2\/types\/post"}],"author":[{"embeddable":true,"href":"https:\/\/charte-fontevrault-providentialisme.fr\/index.php\/wp-json\/wp\/v2\/users\/5"}],"replies":[{"embeddable":true,"href":"https:\/\/charte-fontevrault-providentialisme.fr\/index.php\/wp-json\/wp\/v2\/comments?post=39811"}],"version-history":[{"count":0,"href":"https:\/\/charte-fontevrault-providentialisme.fr\/index.php\/wp-json\/wp\/v2\/posts\/39811\/revisions"}],"wp:attachment":[{"href":"https:\/\/charte-fontevrault-providentialisme.fr\/index.php\/wp-json\/wp\/v2\/media?parent=39811"}],"wp:term":[{"taxonomy":"category","embeddable":true,"href":"https:\/\/charte-fontevrault-providentialisme.fr\/index.php\/wp-json\/wp\/v2\/categories?post=39811"},{"taxonomy":"post_tag","embeddable":true,"href":"https:\/\/charte-fontevrault-providentialisme.fr\/index.php\/wp-json\/wp\/v2\/tags?post=39811"}],"curies":[{"name":"wp","href":"https:\/\/api.w.org\/{rel}","templated":true}]}}