{"id":40085,"date":"2021-05-02T10:30:00","date_gmt":"2021-05-02T08:30:00","guid":{"rendered":"https:\/\/chartedefontevraultprovidentialisme.wordpress.com\/?p=40085"},"modified":"2021-05-02T10:30:00","modified_gmt":"2021-05-02T08:30:00","slug":"ecologie-royaliste-royaliste-artillerie-prenant-appui-sur-les-travaux-de-francois-xavier-pachot-gouverneur-nomme-2021-2024-de-la-charte-de-fontevrault-se-penche-sur-la-disparition-des-da","status":"publish","type":"post","link":"https:\/\/charte-fontevrault-providentialisme.fr\/index.php\/2021\/05\/02\/ecologie-royaliste-royaliste-artillerie-prenant-appui-sur-les-travaux-de-francois-xavier-pachot-gouverneur-nomme-2021-2024-de-la-charte-de-fontevrault-se-penche-sur-la-disparition-des-da\/","title":{"rendered":"Ecologie royaliste. &#8221; Royaliste artillerie&#8221;, prenant appui sur  les travaux de Fran\u00e7ois-Xavier Pachot, Gouverneur nomm\u00e9 (2021-2024)  de la Charte de Fontevrault, se penche sur la disparition des Dauphins."},"content":{"rendered":"\n<p><em>\u00a0 \u00a0 \u00a0 DE LA DISPARITION DES DAUPHINS<\/em> tel est le titre des copieuses r\u00e9flexions\u00a0 de l&#8217;ami de la Charte de Fontevrault,\u00a0 Kardaillac qui, prenant appui sur la fort\u00a0 document\u00e9e analyse de Chouandecoeur &#8221; <em>Anton, Ivan, Boris et moi<\/em>&#8220;&#8216;, mise en ligne le 19 mars 2021 <strong>https:\/\/chartedefontevraultprovidentialisme.wordpress.com\/2021\/03\/19\/anton-ivan-boris-et-moi\/<\/strong>, se penche sur <em>les &#8220;dauphins&#8221; de la troisi\u00e8me race qui sont morts avant de r\u00e9gner et ont ainsi laiss\u00e9 leur place aux trente-trois rois cap\u00e9tiens de droit divin<\/em>.<\/p>\n\n\n\n<p>Pour nous , royalistes providentialistes, l&#8217;int\u00e9r\u00eat d&#8217;un tel relais d&#8217;info est certain ainsi que l&#8217;on se rendra compte en lisant les lignes suivantes :<\/p>\n\n\n\n<p><em>\u00a0 \u00a0 \u00a0La th\u00e8se providentialiste est que ces disparitions r\u00e9sultent d&#8217;une volont\u00e9 divine d\u00e9cidant parmi les lieutenants du Christ qui est m\u00e9diocre, bon ou meilleur pour Son projet, sans oublier que la Providence ne se met pas en \u00e9quations.<\/em><\/p>\n\n\n\n<p>\u00a0 \u00a0La simple reprise des titres des paragraphes structurant l&#8217;\u00e9tude de Royal Artillerie<\/p>\n\n\n\n<p><em>Quel est donc le but de ce darwinisme divin ?<\/em><\/p>\n\n\n\n<p><em>Mise en cause de la loi salique<\/em><\/p>\n\n\n\n\n\n<p>\u00a0 \u00a0 \u00a0 devrait suffire \u00e0 vous donner envie de lire in extenso l&#8217;analyse de Royal Artillerie l\u00e0 o\u00f9 nous nous contentons de picorer.<\/p>\n\n\n\n<p>\u00a0 \u00a0 D\u00e9cid\u00e9ment, plac\u00e9 sous de tels auspices, voil\u00e0 un Gouvernorat qui commencera (bien) le mercredi 25 ao\u00fbt 2021 , jour des XXX III \u00e9mes Rencontres fontevristes \u00e0 Fontevraud l&#8217;Abbaye.<\/p>\n\n\n\n\n\n<p><strong>Alain TEXIER<\/strong><\/p>\n\n\n\n<p><strong>Pr\u00e9sident fondateur de la Charte de Fontevrault le jeudi 25 ao\u00fbt 1988. <\/strong><strong>en l&#8217;Abbaye royale de Fontevraud.<\/strong><\/p>\n","protected":false},"excerpt":{"rendered":"<p>\u00a0 \u00a0 \u00a0 DE LA DISPARITION DES DAUPHINS tel est le titre des copieuses r\u00e9flexions\u00a0 de l&#8217;ami de la Charte de Fontevrault,\u00a0 Kardaillac qui, prenant appui sur la fort\u00a0 document\u00e9e&#8230; <a href=\"https:\/\/charte-fontevrault-providentialisme.fr\/index.php\/2021\/05\/02\/ecologie-royaliste-royaliste-artillerie-prenant-appui-sur-les-travaux-de-francois-xavier-pachot-gouverneur-nomme-2021-2024-de-la-charte-de-fontevrault-se-penche-sur-la-disparition-des-da\/\">Cliquez pour lire davantage &raquo;<\/a><\/p>\n","protected":false},"author":5,"featured_media":0,"comment_status":"open","ping_status":"open","sticky":false,"template":"","format":"standard","meta":{"footnotes":""},"categories":[12],"tags":[392,683,3151,8274,13044,23527],"class_list":["post-40085","post","type-post","status-publish","format-standard","hentry","category-blogs-et-sites-providentialistes","tag-abbaye-royale-de-fontevraud-45590","tag-alain-texier-cja-h-president-fondateur-de-la-charte-de-fontevrault","tag-chouandecoeur","tag-gouverneur-francois-xavier-pachot-2021-2024-cja-h","tag-kardaillac","tag-royal-artillerie"],"_links":{"self":[{"href":"https:\/\/charte-fontevrault-providentialisme.fr\/index.php\/wp-json\/wp\/v2\/posts\/40085","targetHints":{"allow":["GET"]}}],"collection":[{"href":"https:\/\/charte-fontevrault-providentialisme.fr\/index.php\/wp-json\/wp\/v2\/posts"}],"about":[{"href":"https:\/\/charte-fontevrault-providentialisme.fr\/index.php\/wp-json\/wp\/v2\/types\/post"}],"author":[{"embeddable":true,"href":"https:\/\/charte-fontevrault-providentialisme.fr\/index.php\/wp-json\/wp\/v2\/users\/5"}],"replies":[{"embeddable":true,"href":"https:\/\/charte-fontevrault-providentialisme.fr\/index.php\/wp-json\/wp\/v2\/comments?post=40085"}],"version-history":[{"count":0,"href":"https:\/\/charte-fontevrault-providentialisme.fr\/index.php\/wp-json\/wp\/v2\/posts\/40085\/revisions"}],"wp:attachment":[{"href":"https:\/\/charte-fontevrault-providentialisme.fr\/index.php\/wp-json\/wp\/v2\/media?parent=40085"}],"wp:term":[{"taxonomy":"category","embeddable":true,"href":"https:\/\/charte-fontevrault-providentialisme.fr\/index.php\/wp-json\/wp\/v2\/categories?post=40085"},{"taxonomy":"post_tag","embeddable":true,"href":"https:\/\/charte-fontevrault-providentialisme.fr\/index.php\/wp-json\/wp\/v2\/tags?post=40085"}],"curies":[{"name":"wp","href":"https:\/\/api.w.org\/{rel}","templated":true}]}}