{"id":40906,"date":"2021-06-08T15:44:00","date_gmt":"2021-06-08T13:44:00","guid":{"rendered":"https:\/\/chartedefontevraultprovidentialisme.wordpress.com\/?p=40906"},"modified":"2021-06-08T15:44:00","modified_gmt":"2021-06-08T13:44:00","slug":"hommage-au-pere-lecareux-fondateur-de-la-communaute-de-la-transfiguration-rappele-a-dieu-le-22-fevrier-2021-lectures-francaises-n-768-avril-2021","status":"publish","type":"post","link":"https:\/\/charte-fontevrault-providentialisme.fr\/index.php\/2021\/06\/08\/hommage-au-pere-lecareux-fondateur-de-la-communaute-de-la-transfiguration-rappele-a-dieu-le-22-fevrier-2021-lectures-francaises-n-768-avril-2021\/","title":{"rendered":"Hommage au P\u00e8re Lecareux, fondateur de la Communaut\u00e9 de la Transfiguration rappel\u00e9 \u00e0 Dieu le 22 f\u00e9vrier 2021. Lectures fran\u00e7aises . N\u00b0 768. Avril  2021."},"content":{"rendered":"\n<p>Hommage au P\u00e8re Lecareux, fondateur de la Communaut\u00e9 dela Transfiguration rappel\u00e9 \u00e0 Dieu le 22 f\u00e9vrier 2021. Lectures fran\u00e7aises . N\u00b0 768. Avril 2021.<\/p>\n\n\n\n<p>Il n&#8217;a &#8216;pas fallu moins de 15 pages \u00e0 J\u00e9r\u00f4me S\u00e9guin pour rendre au R.P. Bernard Lecareux (1933-2021) l&#8217;hommage qu&#8217;une telle fid\u00e9lit\u00e9 m\u00e9ritait. j&#8217;ai eu l&#8217;honneur de conna\u00eetre le R. P. Lecareux dans diverses circonstances que je garderai pr\u00e9cieusement dans ma m\u00e9moire.<\/p>\n\n\n\n<ul class=\"wp-block-list\">\n<li>Le R.P. comme directeur de de conscience lors des confessions que j&#8217;ai ai eu la gr\u00e2ce de lui faire dans le confessionnal de &#8221; tradition&#8221; de la chapelle Saint Martial de Limoges, oratoire que je fr\u00e9quentais alors avec bonheur.<\/li>\n<li>le R.P. orateur de qualit\u00e9 lors de ses pr\u00f4nes au m\u00eame lieu. o\u00f9 certaine critiques un peu vives envers ce que lui paraissait \u00eatre devenu l&#8217;Eglise du Christ entra\u00eenait immanquablement le d\u00e9part d&#8217;un des assistants que ne s&#8217;est jamais habitu\u00e9 \u00e0 ses saillies.<\/li>\n<li>Ses critiques r\u00e9currentes envers &#8220;<em>la Croix<\/em>&#8221; ou plus probablement &#8220;<em>la Vie<\/em>&#8221; ( ex catholique) qu&#8217;il disait s&#8217;astreindre \u00e0 lire r\u00e9guli\u00e8rement pour l&#8217;expiation de ses fautes\n<ul>\n<li>Sa r\u00e9ponse digne de Marcel Pagnol \u00e0 Michelle Devert Gouverneur ( C&#8217;est-\u00e0 dire Pr\u00e9sidente) de la Charte (1997-2000) de v\u00e9n\u00e9r\u00e9e m\u00e9moire qui, revenue d&#8217;un messe &#8220;\u00e0 grand couvert&#8221; de Strasbourg, regrettait am\u00e8rement- entre autres-le d\u00e9corum du Saint Sacrifice de la messe dans le lieu bien humble o\u00f9 nous c\u00e9l\u00e9brions alors &#8221; <em>Mais Madame, nous avons la m\u00eame messe ici<\/em>&#8220;.<\/li>\n<li>Le R.P nous offrant un verre lors d&#8217;une kermesse tenus au bois \u00e0 M\u00e9rigny (36220) \u00e0 l&#8217;ombre d&#8217;une ancienne bergerie je crois transform\u00e9 en une belle \u00e9glise &#8221; Notre-Dame du Rosaire&#8221;dont nos e\u00fbmes la gr\u00e2ce de voire successivement construire les deux bras du transept.<\/li>\n<\/ul>\n<\/li>\n<\/ul>\n\n\n\n<p>Trop de souvenirs seraient \u00e0 \u00e9voquer en ces lignes , je pr\u00e9f\u00e8re vous renvoyer aux pages 50 \u00e0 62 de<em> Lectures fran\u00e7aises<\/em> et aux r\u00e9f\u00e9rences qu&#8217;elles contiennent.<\/p>\n\n\n\n<p><em>&#8221; Entre bon et fid\u00e8le serviteur dans la joie de ton ma\u00eetre<\/em>&#8220;.<\/p>\n\n\n\n<p><strong>http:\/\/www.chire.fr\/A-225370-n-768-avril-2021-feue-la-liberte-d-expression.aspx<\/strong><\/p>\n\n\n\n\n\n<p><strong>Alain TEXIER.<\/strong><\/p>\n","protected":false},"excerpt":{"rendered":"<p>Hommage au P\u00e8re Lecareux, fondateur de la Communaut\u00e9 dela Transfiguration rappel\u00e9 \u00e0 Dieu le 22 f\u00e9vrier 2021. Lectures fran\u00e7aises . N\u00b0 768. Avril 2021. Il n&#8217;a &#8216;pas fallu moins de&#8230; <a href=\"https:\/\/charte-fontevrault-providentialisme.fr\/index.php\/2021\/06\/08\/hommage-au-pere-lecareux-fondateur-de-la-communaute-de-la-transfiguration-rappele-a-dieu-le-22-fevrier-2021-lectures-francaises-n-768-avril-2021\/\">Cliquez pour lire davantage &raquo;<\/a><\/p>\n","protected":false},"author":5,"featured_media":0,"comment_status":"open","ping_status":"open","sticky":false,"template":"","format":"standard","meta":{"footnotes":""},"categories":[20,26],"tags":[683,5699,6131,13663,15490,18936,20291,22388,22453],"class_list":["post-40906","post","type-post","status-publish","format-standard","hentry","category-histoire-dune-vie-alain-texier","category-societe-traditionnelle","tag-alain-texier-cja-h-president-fondateur-de-la-charte-de-fontevrault","tag-dpf-editions-de-chire-b-p-1-86190-chire-en-montreuil","tag-eglise-notre-dame-du-rosaire-le-bois-36220-merigny","tag-le-bois-36220-merigny","tag-marcel-pagnol-1895-1974","tag-pere-bernard-lecareux","tag-presidente-de-la-charte-de-fontevraud-1997-2000-michelle-devert","tag-revue-lecture-et-tradition","tag-revue-lectures-francaises"],"_links":{"self":[{"href":"https:\/\/charte-fontevrault-providentialisme.fr\/index.php\/wp-json\/wp\/v2\/posts\/40906","targetHints":{"allow":["GET"]}}],"collection":[{"href":"https:\/\/charte-fontevrault-providentialisme.fr\/index.php\/wp-json\/wp\/v2\/posts"}],"about":[{"href":"https:\/\/charte-fontevrault-providentialisme.fr\/index.php\/wp-json\/wp\/v2\/types\/post"}],"author":[{"embeddable":true,"href":"https:\/\/charte-fontevrault-providentialisme.fr\/index.php\/wp-json\/wp\/v2\/users\/5"}],"replies":[{"embeddable":true,"href":"https:\/\/charte-fontevrault-providentialisme.fr\/index.php\/wp-json\/wp\/v2\/comments?post=40906"}],"version-history":[{"count":0,"href":"https:\/\/charte-fontevrault-providentialisme.fr\/index.php\/wp-json\/wp\/v2\/posts\/40906\/revisions"}],"wp:attachment":[{"href":"https:\/\/charte-fontevrault-providentialisme.fr\/index.php\/wp-json\/wp\/v2\/media?parent=40906"}],"wp:term":[{"taxonomy":"category","embeddable":true,"href":"https:\/\/charte-fontevrault-providentialisme.fr\/index.php\/wp-json\/wp\/v2\/categories?post=40906"},{"taxonomy":"post_tag","embeddable":true,"href":"https:\/\/charte-fontevrault-providentialisme.fr\/index.php\/wp-json\/wp\/v2\/tags?post=40906"}],"curies":[{"name":"wp","href":"https:\/\/api.w.org\/{rel}","templated":true}]}}