{"id":42738,"date":"2021-09-07T10:00:00","date_gmt":"2021-09-07T08:00:00","guid":{"rendered":"https:\/\/chartedefontevraultprovidentialisme.wordpress.com\/?p=42738"},"modified":"2021-09-07T10:00:00","modified_gmt":"2021-09-07T08:00:00","slug":"libre-propos-de-christian-class-sur-la-reforme-territoriale-en-france","status":"publish","type":"post","link":"https:\/\/charte-fontevrault-providentialisme.fr\/index.php\/2021\/09\/07\/libre-propos-de-christian-class-sur-la-reforme-territoriale-en-france\/","title":{"rendered":"Libre propos de Christian Class sur la r\u00e9forme territoriale en France."},"content":{"rendered":"\n<figure class=\"wp-block-image size-large\"><a href=\"https:\/\/chartedefontevraultprovidentialisme.files.wordpress.com\/2021\/09\/capture-decc81cran-2021-09-07-acc80-09.19.01.png\"><img decoding=\"async\" src=\"https:\/\/chartedefontevraultprovidentialisme.files.wordpress.com\/2021\/09\/capture-decc81cran-2021-09-07-acc80-09.19.01.png?w=1004\" alt=\"\" class=\"wp-image-42740\" \/><\/a><figcaption><strong>https:\/\/lecourrierdesstrateges.fr\/2021\/06\/18\/et-si-les-anciennes-provinces-de-france-etaient-lavenir-des-nouvelles-regions-francaise\/<\/strong><\/figcaption><\/figure>\n\n\n\n<p>Si encore les socialistes avaient \u00e9vit\u00e9 cette appellation ridicule de \u00ab\u00a0Nouvelle Aquitaine\u00a0\u00bb , qui ne sera plus nouvelle dans 5 ou 10 ans ( pourquoi pas plut\u00f4t : \u00ab\u00a0Grande Aquitaine\u00a0\u00bb , comme pour le \u00ab\u00a0Grand Est\u00a0\u00bb ? ) , et celle de \u00ab\u00a0Hauts de France\u00a0\u00bb pour la r\u00e9gion de France o\u00f9 les altitudes sont les plus basses \u2026 alors que par exemple \u00ab\u00a0Nord-Picardie\u00a0\u00bb aurait fait l\u2019 affaire . Et ne parlons m\u00eame pas des cantons parfois redessin\u00e9s n\u2019 importe comment , ni bien s\u00fbr de ces ridicules bin\u00f4mes pour imposer la parit\u00e9 \u00e0 tout prix . Dommage , certes une r\u00e9forme territoriale s\u2019 imposait , mais surtout pour les communes dont il faudrait totalement redessiner la carte en divisant leur nombre par 6 ou par 8 ( on n\u2019 est plus au 19\u00e8me si\u00e8cle , quand vous avez des communes qui ne comptent que 50 habitants voire moins , comment voulez-vous entretenir infrastructures et patrimoine avec 50 habitants , \u00e0 moins qu\u2019 ils soient milliardaires ? ) . Quant aux r\u00e9gions et aux d\u00e9partements , pourquoi ne pas plut\u00f4t restaurer les provinces traditionnelles supprim\u00e9es par la r\u00e9volution de 1789 ? Quand par exemple le d\u00e9partement d\u2019 Indre-et-Loire va-t-il tout simplement redevenir la province de Touraine , le d\u00e9partement de l\u2019 Indre la province du Bas-Berry , etc. etc. ?<\/p>\n\n\n\n<p>Les gens finissent par \u00eatre tellement d\u00e9go\u00fbt\u00e9s de la politique que m\u00eame les \u00e9lus locaux ( conseillers d\u00e9partementaux , maires ) finissent par faire les frais d\u2019 une abstention de plus en plus massive , et c\u2019 est bien fait pour eux . Les journalistes nous racontent n\u2019 importe quoi : un jour ils nous expliquent que les \u00e9lus les plus populaires seraient pr\u00e9tendument les \u00e9lus locaux dont notamment les maires , mais une fois que l\u2019 abstention a fait se prendre \u00e0 ces derniers la taule qu\u2019 ils m\u00e9ritent , les m\u00eames journalistes nous disent qu\u2019 aux pr\u00e9sidentielles et aux l\u00e9gislatives il y aura moins d\u2019 abstention parce que l\u00e0 \u00e7\u00e0 va \u00eatre des \u00e9lections nationales \u2026 Il faudrait savoir si l\u2019 \u00e9lu le plus populaire c\u2019 est le maire ou si c\u2019 est le pr\u00e9sident de la r\u00e9publique . Moi \u00e7\u00e0 m\u2019 \u00e9tonnerait qu\u2019 au printemps 2022 l\u2019 abstention diminue , \u00e0 mon avis si \u00e7\u00e0 se trouve elle va encore augmenter par rapport aux r\u00e9centes municipales , d\u00e9partementales et r\u00e9gionales .<\/p>\n\n\n\n<p>&#8211; Raison de plus pour proposer entre autres une r\u00e9forme territoriale totale de la carte administrative , en balayant compl\u00e8tement le \u00ab mille-feuilles \u00bb : 1) la r\u00e9forme qui me semble la plus importante : la refonte totale de la carte des communes , en divisant leur nombre par 6 ou par 8 . On n\u2019 est plus au 19\u00e8me si\u00e8cle . Des communes enfin suffisamment grandes et qui tiendraient enfin compte des \u00e9volutions des 2 derniers si\u00e8cles ( urbanisation , industries , lignes de chemins de fer , routes et autoroutes , a\u00e9roports , zones commerciales etc. ) permettraient de supprimer compl\u00e8tement les intercommunalit\u00e9s ainsi que les cantons . 2) La suppression des r\u00e9gions et des d\u00e9partements ( sauf lorsqu\u2019 ils correspondent \u00e0 des provinces traditionnelles supprim\u00e9es par la r\u00e9volution de 1789 ) , et la restauration des anciennes provinces . Le d\u00e9partement d\u2019 Indre-et-Loire redevenant la province de Touraine , le d\u00e9partement du Maine-et-Loire la province d\u2019 Anjou , etc. . \u00c7\u00e0 m\u2019 \u00e9tonnerait qu\u2019 il y ait grand-monde pour regretter les r\u00e9gions , qui ne servent \u00e0 rien et qui ne sont qu\u2019 une imitation de ce qui se fait de plus stupide dans ce qui reste de cette pauvre Allemagne depuis la fin de la Deuxi\u00e8me guerre mondiale , comme la journ\u00e9e continue , les phares \u00e0 lumi\u00e8re blanche sur les bagnoles ( bonjour les yeux quand on conduit de nuit ) \u2026 ou le syst\u00e8me des \u00ab L\u00e4nder \u00bb qui a \u00e9t\u00e9 impos\u00e9 au peuple allemand en 1945 par les alli\u00e9s pour l\u2019 affaiblir et le neutraliser en le divisant .<\/p>\n\n\n\n<p>\u2013 Voici un exemple du r\u00e9sultat qu\u2019 une telle r\u00e9forme aurait sur le terrain : la r\u00e9gion parisienne . La ville de Paris serait \u00e9tendue jusqu\u2019 aux limites de l\u2019 agglom\u00e9ration parisienne , un peu sur le mod\u00e8le du Grand Londres et du Grand Berlin . \u00c0 l\u2019 int\u00e9rieur de ce nouveau p\u00e9rim\u00e8tre bien circonscrit , tous les \u00e9chelons actuellement existants seraient supprim\u00e9s ( communes , intercommunalit\u00e9s , cantons , d\u00e9partements , r\u00e9gion \u2026 ) et remplac\u00e9s par une collectivit\u00e9 unique , la province du Grand Paris qui cumulerait toutes les comp\u00e9tences de l\u2019 actuel mille-feuilles . Ensuite pour prot\u00e9ger la Grande Couronne de l\u2019 urbanisation parisienne , l\u2019 actuelle r\u00e9gion \u00cele-de-France serait supprim\u00e9e , sa partie nord int\u00e9gr\u00e9e \u00e0 la Picardie voisine , sa partie est ( grosso modo la majeure partie du d\u00e9partement de la Seine-et-Marne ) \u00e0 la Champagne , sa partie sud ( le sud de l\u2019 actuelle Seine-et-Marne et la majeure partie de l\u2019 Essonne et des Yvelines ) \u00e0 la province du Val-de-Loire ( ou d\u2019 Orl\u00e9anais , peu importe comment on l\u2019 appellera ) .<\/p>\n\n\n\n<p><strong>\u2013 Au final il n\u2019 y aurait donc plus que trois \u00e9chelons administratifs en France :<\/strong><\/p>\n\n\n\n<p><strong>1) les nouvelles communes<\/strong> ( 6 \u00e0 8 fois moins nombreuses et plus grandes que celles d\u2019 aujourd\u2019 hui ) ;<\/p>\n\n\n\n<p><strong>2) les provinces <\/strong>, de tailles variables car elles devront tenir compte des identit\u00e9s et des cultures auxquelles elles devront correspondre , le Grand Paris \u00e9tant une exception \u00e0 la fois commune et province en raison de son caract\u00e8re particulier ; et <\/p>\n\n\n\n<p><strong>3) l\u2019 \u00e9tat ou la nation .<\/strong> <\/p>\n\n\n\n<p>Fini donc tout le reste : adieu les r\u00e9gions , les d\u00e9partements , les communes microscopiques de 50 habitants d\u00e9pourvues de moyens , les machins du genre cantons et autres intercommunalit\u00e9s qui n\u2019 existent que parce qu\u2019 on refuse obstin\u00e9ment de redessiner correctement une carte des communes devenue totalement obsol\u00e8te depuis l\u2019 exode rural des ann\u00e9es 1950 et 60 .<\/p>\n","protected":false},"excerpt":{"rendered":"<p>Si encore les socialistes avaient \u00e9vit\u00e9 cette appellation ridicule de \u00ab\u00a0Nouvelle Aquitaine\u00a0\u00bb , qui ne sera plus nouvelle dans 5 ou 10 ans ( pourquoi pas plut\u00f4t : \u00ab\u00a0Grande Aquitaine\u00a0\u00bb&#8230; <a href=\"https:\/\/charte-fontevrault-providentialisme.fr\/index.php\/2021\/09\/07\/libre-propos-de-christian-class-sur-la-reforme-territoriale-en-france\/\">Cliquez pour lire davantage &raquo;<\/a><\/p>\n","protected":false},"author":2,"featured_media":0,"comment_status":"open","ping_status":"open","sticky":false,"template":"","format":"standard","meta":{"footnotes":""},"categories":[29],"tags":[],"class_list":["post-42738","post","type-post","status-publish","format-standard","hentry","category-uncategorized"],"_links":{"self":[{"href":"https:\/\/charte-fontevrault-providentialisme.fr\/index.php\/wp-json\/wp\/v2\/posts\/42738","targetHints":{"allow":["GET"]}}],"collection":[{"href":"https:\/\/charte-fontevrault-providentialisme.fr\/index.php\/wp-json\/wp\/v2\/posts"}],"about":[{"href":"https:\/\/charte-fontevrault-providentialisme.fr\/index.php\/wp-json\/wp\/v2\/types\/post"}],"author":[{"embeddable":true,"href":"https:\/\/charte-fontevrault-providentialisme.fr\/index.php\/wp-json\/wp\/v2\/users\/2"}],"replies":[{"embeddable":true,"href":"https:\/\/charte-fontevrault-providentialisme.fr\/index.php\/wp-json\/wp\/v2\/comments?post=42738"}],"version-history":[{"count":0,"href":"https:\/\/charte-fontevrault-providentialisme.fr\/index.php\/wp-json\/wp\/v2\/posts\/42738\/revisions"}],"wp:attachment":[{"href":"https:\/\/charte-fontevrault-providentialisme.fr\/index.php\/wp-json\/wp\/v2\/media?parent=42738"}],"wp:term":[{"taxonomy":"category","embeddable":true,"href":"https:\/\/charte-fontevrault-providentialisme.fr\/index.php\/wp-json\/wp\/v2\/categories?post=42738"},{"taxonomy":"post_tag","embeddable":true,"href":"https:\/\/charte-fontevrault-providentialisme.fr\/index.php\/wp-json\/wp\/v2\/tags?post=42738"}],"curies":[{"name":"wp","href":"https:\/\/api.w.org\/{rel}","templated":true}]}}