{"id":42746,"date":"2021-09-08T15:30:00","date_gmt":"2021-09-08T13:30:00","guid":{"rendered":"https:\/\/chartedefontevraultprovidentialisme.wordpress.com\/?p=42746"},"modified":"2021-09-08T15:30:00","modified_gmt":"2021-09-08T13:30:00","slug":"xxxiv-emes-rencontres-fontevristes-mercredi-25-aout-2021viii-le-pique-nique-tire-du-sac-dans-les-communs-grange-du-chateau-de-chavigny","status":"publish","type":"post","link":"https:\/\/charte-fontevrault-providentialisme.fr\/index.php\/2021\/09\/08\/xxxiv-emes-rencontres-fontevristes-mercredi-25-aout-2021viii-le-pique-nique-tire-du-sac-dans-les-communs-grange-du-chateau-de-chavigny\/","title":{"rendered":"XXXIV \u00e9mes rencontres fontevristes. Mercredi 25 ao\u00fbt 2021(VIII). Le pique Nique tir\u00e9 du sac dans les  communs ( grange ) du ch\u00e2teau de Chavigny"},"content":{"rendered":"\n<p>   Alain Hugon , mandat\u00e9 par  le Gouverneur &#8216;2018-2021) Annie Robert, avait  decid\u00e8ment  bien fait les choses en nous obtenant  de leurs accueillants prpri\u00e9taires la mise \u00e0 dispostion de cettee grange incroyable pour  que nous y tenions nos agapes.<\/p>\n\n\n\n<div class=\"wp-block-image\"><figure class=\"aligncenter size-large is-resized\"><a href=\"https:\/\/chartedefontevraultprovidentialisme.files.wordpress.com\/2021\/09\/p1070806.jpg\"><img loading=\"lazy\" decoding=\"async\" src=\"https:\/\/chartedefontevraultprovidentialisme.files.wordpress.com\/2021\/09\/p1070806.jpg?w=683\" alt=\"\" class=\"wp-image-42749\" width=\"384\" height=\"575\" \/><\/a><\/figure><\/div>\n\n\n\n<p>  Des notre arriv\u00e9e en ces lieux  , Alain Guillon, anticipant  quelque peu sur les  fonctions d&#8217;oranisateur materiel de nos Rencontres, fonctions  qui allaienty lui \u00eatre  confi\u00e9s un peu plus tard , avait d\u00e9ploy\u00e9 &#8211; dans tous les sens du terme- l&#8217;\u00e9tendart fontevriste. <\/p>\n\n\n\n<p>   Vous y reconnaitrez sans peine les \u00e9l\u00e9ments suivants:<\/p>\n\n\n\n<ul class=\"wp-block-list\"><li>Le semi d&#8217;azur  aux fleurs de lys d&#8217;or<\/li><li>Le Sacr\u00e9  coeur de J\u00e9sus conform\u00e9ment  aux  demandes adress\u00e9es  \u00e0 Marguerite-Marie Alacoque<\/li><li>La cravate blanche des  g\u00e9n\u00e9raux en chef de l&#8217;arm\u00e9e catholique et royale<\/li><li>La cravate noire portant le nom de la talentueuse &#8211; et inoubli\u00e9e-Michelle Devetr qui pr\u00e9sida \u00e0 nos destin\u00e9es pour la p\u00e9riode 1997-2000.  http:\/\/charte-de-fontevrault-arom.over-blog.com\/article-33536861.html<\/li><\/ul>\n\n\n\n<div class=\"wp-block-image\"><figure class=\"aligncenter size-large is-resized\"><a href=\"https:\/\/chartedefontevraultprovidentialisme.files.wordpress.com\/2021\/09\/img_6222-2.jpg\"><img loading=\"lazy\" decoding=\"async\" src=\"https:\/\/chartedefontevraultprovidentialisme.files.wordpress.com\/2021\/09\/img_6222-2.jpg?w=764\" alt=\"\" class=\"wp-image-42752\" width=\"482\" height=\"646\" \/><\/a><figcaption>Et c&#8217;est Claudine Valenti, Secr\u00e9taire G\u00e9n\u00e9rale de la Charte de Fontevrault , qui vous accueille en portant un toast \u00e0 la sant\u00e9 du roi et \u00e0 la v\u00f4tre.<\/figcaption><\/figure><\/div>\n\n\n\n<div class=\"wp-block-image\"><figure class=\"aligncenter size-large is-resized\"><a href=\"https:\/\/chartedefontevraultprovidentialisme.files.wordpress.com\/2021\/09\/img_6238.jpg\"><img loading=\"lazy\" decoding=\"async\" src=\"https:\/\/chartedefontevraultprovidentialisme.files.wordpress.com\/2021\/09\/img_6238.jpg?w=764\" alt=\"\" class=\"wp-image-42768\" width=\"319\" height=\"428\" \/><\/a><figcaption>Heureusement  qu&#8217;Alain Texier  avait amen\u00e9  sa  valise \u00e0 Pique-Nique  qui lui a permis de pr\u00eater  \u00e0 son voisin n\u00e9c\u00e9ssiteux  une cuilll\u00e8re pour manger le  contenu de  ses bo\u00eetes &#8230; LOL!<\/figcaption><\/figure><\/div>\n\n\n\n<div class=\"wp-block-image\"><figure class=\"aligncenter size-large is-resized\"><a href=\"https:\/\/chartedefontevraultprovidentialisme.files.wordpress.com\/2021\/09\/img_6220-1.jpg\"><img loading=\"lazy\" decoding=\"async\" src=\"https:\/\/chartedefontevraultprovidentialisme.files.wordpress.com\/2021\/09\/img_6220-1.jpg?w=764\" alt=\"\" class=\"wp-image-42755\" width=\"520\" height=\"696\" \/><\/a><figcaption>A droite de M. l&#8217;Abb\u00e9 Pohu, notre aum\u00f4nier g\u00e9n\u00e9ral, notre Gouverneur 2018-2021 Annie Robert, \u00e0 sa gauche jean-Pierre Robert  et de dos le Gouverneur nomm\u00e9 (2021-2024) Fran\u00e7ois-Xavier Pachot.<\/figcaption><\/figure><\/div>\n\n\n\n<div class=\"wp-block-image\"><figure class=\"aligncenter size-large is-resized\"><a href=\"https:\/\/chartedefontevraultprovidentialisme.files.wordpress.com\/2021\/09\/img_6218.jpeg\"><img loading=\"lazy\" decoding=\"async\" src=\"https:\/\/chartedefontevraultprovidentialisme.files.wordpress.com\/2021\/09\/img_6218.jpeg?w=532\" alt=\"\" class=\"wp-image-42763\" width=\"698\" height=\"621\" \/><\/a><\/figure><\/div>\n\n\n\n<p>            La  chemise mauve (2 \u00e9me \u00e0 gauche )est celle du Gouverneur (2015-2018 Claude Laballe.)A ses c\u00f4t\u00e9s son \u00e9pouse Ariane, Grande Orante de la Charte, puis Alain Hugon, bienfaiteur de la Charte et titulaire des Honneurs fontevrisres)<\/p>\n","protected":false},"excerpt":{"rendered":"<p>Alain Hugon , mandat\u00e9 par le Gouverneur &#8216;2018-2021) Annie Robert, avait decid\u00e8ment bien fait les choses en nous obtenant de leurs accueillants prpri\u00e9taires la mise \u00e0 dispostion de cettee grange&#8230; <a href=\"https:\/\/charte-fontevrault-providentialisme.fr\/index.php\/2021\/09\/08\/xxxiv-emes-rencontres-fontevristes-mercredi-25-aout-2021viii-le-pique-nique-tire-du-sac-dans-les-communs-grange-du-chateau-de-chavigny\/\">Cliquez pour lire davantage &raquo;<\/a><\/p>\n","protected":false},"author":2,"featured_media":0,"comment_status":"open","ping_status":"open","sticky":false,"template":"","format":"standard","meta":{"footnotes":""},"categories":[30912,30913],"tags":[],"class_list":["post-42746","post","type-post","status-publish","format-standard","hentry","category-action-catholique","category-action-providentialiste"],"_links":{"self":[{"href":"https:\/\/charte-fontevrault-providentialisme.fr\/index.php\/wp-json\/wp\/v2\/posts\/42746","targetHints":{"allow":["GET"]}}],"collection":[{"href":"https:\/\/charte-fontevrault-providentialisme.fr\/index.php\/wp-json\/wp\/v2\/posts"}],"about":[{"href":"https:\/\/charte-fontevrault-providentialisme.fr\/index.php\/wp-json\/wp\/v2\/types\/post"}],"author":[{"embeddable":true,"href":"https:\/\/charte-fontevrault-providentialisme.fr\/index.php\/wp-json\/wp\/v2\/users\/2"}],"replies":[{"embeddable":true,"href":"https:\/\/charte-fontevrault-providentialisme.fr\/index.php\/wp-json\/wp\/v2\/comments?post=42746"}],"version-history":[{"count":0,"href":"https:\/\/charte-fontevrault-providentialisme.fr\/index.php\/wp-json\/wp\/v2\/posts\/42746\/revisions"}],"wp:attachment":[{"href":"https:\/\/charte-fontevrault-providentialisme.fr\/index.php\/wp-json\/wp\/v2\/media?parent=42746"}],"wp:term":[{"taxonomy":"category","embeddable":true,"href":"https:\/\/charte-fontevrault-providentialisme.fr\/index.php\/wp-json\/wp\/v2\/categories?post=42746"},{"taxonomy":"post_tag","embeddable":true,"href":"https:\/\/charte-fontevrault-providentialisme.fr\/index.php\/wp-json\/wp\/v2\/tags?post=42746"}],"curies":[{"name":"wp","href":"https:\/\/api.w.org\/{rel}","templated":true}]}}