{"id":4298,"date":"2014-04-05T07:43:26","date_gmt":"2014-04-05T07:43:26","guid":{"rendered":"http:\/\/chartedefontevraultprovidentialisme.wordpress.com\/?p=4298"},"modified":"2014-04-05T07:43:26","modified_gmt":"2014-04-05T07:43:26","slug":"un-saint-pour-internet-et-donc-pour-le-blog-de-la-charte-de-fontevrault-saint-isidore-de-seville","status":"publish","type":"post","link":"https:\/\/charte-fontevrault-providentialisme.fr\/index.php\/2014\/04\/05\/un-saint-pour-internet-et-donc-pour-le-blog-de-la-charte-de-fontevrault-saint-isidore-de-seville\/","title":{"rendered":"Un saint pour internet  et donc pour le  blog de la Charte de Fontevrault : Saint Isidore de S\u00e9ville"},"content":{"rendered":"<p><a href=\"http:\/\/chartedefontevraultprovidentialisme.files.wordpress.com\/2014\/04\/225px-isidor_von_sevilla.jpeg\"><img loading=\"lazy\" decoding=\"async\" class=\"aligncenter size-full wp-image-4301\" src=\"http:\/\/chartedefontevraultprovidentialisme.files.wordpress.com\/2014\/04\/225px-isidor_von_sevilla.jpeg\" alt=\"225px-Isidor_von_Sevilla\" width=\"225\" height=\"268\" \/><\/a><\/p>\n<p><a href=\"http:\/\/fr.wikipedia.org\/wiki\/Isidore_de_S%8Eville\">http:\/\/fr.wikipedia.org\/wiki\/Isidore_de_S\u00e9ville<\/a><\/p>\n<p><em>Le service d\u2019observation d\u2019internet, promu par le Vatican, a men\u00e9 une enqu\u00eate et a choisi comme saint patron, le plus appr\u00e9ci\u00e9 dans le monde des informaticiens, Saint Isidore de S\u00e9ville n\u00e9 en Espagne au VI\u00e8me si\u00e8cle.<\/em><\/p>\n<p><em>Ce Saint devint le g\u00e9nie de la compilation en \u00e9crivant une oeuvre encyclop\u00e9dique admirable, \u00ab Etymologies \u00bb, et en donnant \u00e0 son travail une structure proche du concept de la base de donn\u00e9es, utilis\u00e9 en informatique et dans l\u2019Internet. D\u2019autre part, il \u00e9tait en avance sur son temps et son oeuvre \u00a0constitua un pont culturel entre l\u2019Antiquit\u00e9 et le Moyen \u00c2ge. Ces faits le rapprochent des internautes qui sont au tournant d\u2019une nouvelle \u00e9tape de l\u2019Histoire.<\/em><\/p>\n<p><strong>Le Pape Innocent III conf\u00e9ra \u00e0 Saint Isidore le titre de \u00ab\u00a0docteur de l\u2019Eglise<\/strong>\u00a0\u00bb. En effet la culture espagnole b\u00e9n\u00e9ficia de la lumi\u00e8re de sa connaissance qui lui permit d\u2019\u00e9merger des \u00e2ges noirs du barbarisme. Mais plus c\u00e9l\u00e8bre encore que son esprit exceptionnel, \u00e9tait le g\u00e9nie de son coeur qui lui permit de voir au-del\u00e0 du rejet et du d\u00e9couragement, la joie et l\u2019ouverture possible.<\/p>\n<p>A l\u2019aube de ce nouveau si\u00e8cle, que nous enseigne Saint Isidore ? Venez et voyez comment Isidore de S\u00e9ville r\u00e9ussit \u00e0 r\u00e9aliser ce pont entre deux \u00e9poques en vivant ses engagements de chr\u00e9tien au plus pr\u00e8s des \u00e9v\u00e9nements socio-politique et religieux du VI\u00e8me si\u00e8cle ; quelle place pouvons-nous donner \u00e0 l\u2019Internet, cet outil d\u2019information universelle et de communication \u00ab\u00a0sans fronti\u00e8res\u00a0\u00bb ?<\/p>\n<p><strong>Saint patron des informaticiens, des utilisateurs de l&#8217;informatique, de l&#8217;Internet et des internautes\u00a0<\/strong><\/p>\n","protected":false},"excerpt":{"rendered":"<p>http:\/\/fr.wikipedia.org\/wiki\/Isidore_de_S\u00e9ville Le service d\u2019observation d\u2019internet, promu par le Vatican, a men\u00e9 une enqu\u00eate et a choisi comme saint patron, le plus appr\u00e9ci\u00e9 dans le monde des informaticiens, Saint Isidore de&#8230; <a href=\"https:\/\/charte-fontevrault-providentialisme.fr\/index.php\/2014\/04\/05\/un-saint-pour-internet-et-donc-pour-le-blog-de-la-charte-de-fontevrault-saint-isidore-de-seville\/\">Cliquez pour lire davantage &raquo;<\/a><\/p>\n","protected":false},"author":2,"featured_media":0,"comment_status":"open","ping_status":"open","sticky":false,"template":"","format":"standard","meta":{"footnotes":""},"categories":[4,27],"tags":[1761,2987,5565,11869,18515,24455],"class_list":["post-4298","post","type-post","status-publish","format-standard","hentry","category-action-royaliste","category-tirer-mieux-partie-de-ce-blog","tag-blog","tag-charte-de-fontevrault","tag-docteur-de-leglise","tag-internet","tag-pape-innocent-iii","tag-saint-isidore-de-seville"],"_links":{"self":[{"href":"https:\/\/charte-fontevrault-providentialisme.fr\/index.php\/wp-json\/wp\/v2\/posts\/4298","targetHints":{"allow":["GET"]}}],"collection":[{"href":"https:\/\/charte-fontevrault-providentialisme.fr\/index.php\/wp-json\/wp\/v2\/posts"}],"about":[{"href":"https:\/\/charte-fontevrault-providentialisme.fr\/index.php\/wp-json\/wp\/v2\/types\/post"}],"author":[{"embeddable":true,"href":"https:\/\/charte-fontevrault-providentialisme.fr\/index.php\/wp-json\/wp\/v2\/users\/2"}],"replies":[{"embeddable":true,"href":"https:\/\/charte-fontevrault-providentialisme.fr\/index.php\/wp-json\/wp\/v2\/comments?post=4298"}],"version-history":[{"count":0,"href":"https:\/\/charte-fontevrault-providentialisme.fr\/index.php\/wp-json\/wp\/v2\/posts\/4298\/revisions"}],"wp:attachment":[{"href":"https:\/\/charte-fontevrault-providentialisme.fr\/index.php\/wp-json\/wp\/v2\/media?parent=4298"}],"wp:term":[{"taxonomy":"category","embeddable":true,"href":"https:\/\/charte-fontevrault-providentialisme.fr\/index.php\/wp-json\/wp\/v2\/categories?post=4298"},{"taxonomy":"post_tag","embeddable":true,"href":"https:\/\/charte-fontevrault-providentialisme.fr\/index.php\/wp-json\/wp\/v2\/tags?post=4298"}],"curies":[{"name":"wp","href":"https:\/\/api.w.org\/{rel}","templated":true}]}}