{"id":42986,"date":"2021-09-17T10:45:00","date_gmt":"2021-09-17T08:45:00","guid":{"rendered":"https:\/\/chartedefontevraultprovidentialisme.wordpress.com\/?p=42986"},"modified":"2021-09-17T10:45:00","modified_gmt":"2021-09-17T08:45:00","slug":"42986","status":"publish","type":"post","link":"https:\/\/charte-fontevrault-providentialisme.fr\/index.php\/2021\/09\/17\/42986\/","title":{"rendered":"Evacu\u00e9s d&#8217;un parc de Paris, cinquante sans-abris ont \u00e9t\u00e9 transf\u00e9r\u00e9s en Haute-Vienne"},"content":{"rendered":"\n<p>     Le 4 septembre 2021 un campement de 1200 sans-abris a \u00e9t\u00e9 \u00e9vacu\u00e9 du parc Andr\u00e9 Citro\u00ebn de Paris. Parmi eux, 670 ont \u00e9t\u00e9 r\u00e9partis au sein des r\u00e9gions pour \u00eatre pris en charge. Cinquante sont arriv\u00e9s le jour m\u00eame en Haute-Vienne.<\/p>\n\n\n\n<p> <em>Et ces sans abris ne sont pas pr\u00eats de revenir camper  sur les pelouses de Paris ; \u00e0 Limoges nous n&#8217;avons pas de TGV.<\/em> (Voir la carte ci-dessous)<\/p>\n\n\n\n<p><\/p>\n\n\n\n<figure class=\"wp-block-image size-large\"><a href=\"https:\/\/chartedefontevraultprovidentialisme.files.wordpress.com\/2021\/09\/2eifb7hgvh451-2.jpg\"><img decoding=\"async\" src=\"https:\/\/chartedefontevraultprovidentialisme.files.wordpress.com\/2021\/09\/2eifb7hgvh451-2.jpg?w=960\" alt=\"\" class=\"wp-image-42997\" \/><\/a><figcaption>https:\/\/i.redd.it\/2eifb7hgvh451.jpg<\/figcaption><\/figure>\n\n\n\n<p><strong>https:\/\/france3-regions.francetvinfo.fr\/nouvelle-aquitaine\/haute-vienne\/evacues-d-un-parc-de-paris-cinquante-sans-abris-ont-ete-transferes-en-haute-vienne-2252488.html<\/strong><\/p>\n\n\n\n<p><\/p>\n\n\n\n<p><strong>https:\/\/www.titrespresse.com\/4785002108\/evacues-paris-andre-citroen-sans-abris-haute-viennele-transferes<\/strong><\/p>\n\n\n\n<p><\/p>\n\n\n\n<p><strong>https:\/\/www.dailyadvent.com\/fr\/news\/9a5e434f62a167dfe6b1bd133f57b5c3<\/strong><\/p>\n","protected":false},"excerpt":{"rendered":"<p>Le 4 septembre 2021 un campement de 1200 sans-abris a \u00e9t\u00e9 \u00e9vacu\u00e9 du parc Andr\u00e9 Citro\u00ebn de Paris. Parmi eux, 670 ont \u00e9t\u00e9 r\u00e9partis au sein des r\u00e9gions pour \u00eatre&#8230; <a href=\"https:\/\/charte-fontevrault-providentialisme.fr\/index.php\/2021\/09\/17\/42986\/\">Cliquez pour lire davantage &raquo;<\/a><\/p>\n","protected":false},"author":2,"featured_media":0,"comment_status":"open","ping_status":"open","sticky":false,"template":"","format":"standard","meta":{"footnotes":""},"categories":[29],"tags":[],"class_list":["post-42986","post","type-post","status-publish","format-standard","hentry","category-uncategorized"],"_links":{"self":[{"href":"https:\/\/charte-fontevrault-providentialisme.fr\/index.php\/wp-json\/wp\/v2\/posts\/42986","targetHints":{"allow":["GET"]}}],"collection":[{"href":"https:\/\/charte-fontevrault-providentialisme.fr\/index.php\/wp-json\/wp\/v2\/posts"}],"about":[{"href":"https:\/\/charte-fontevrault-providentialisme.fr\/index.php\/wp-json\/wp\/v2\/types\/post"}],"author":[{"embeddable":true,"href":"https:\/\/charte-fontevrault-providentialisme.fr\/index.php\/wp-json\/wp\/v2\/users\/2"}],"replies":[{"embeddable":true,"href":"https:\/\/charte-fontevrault-providentialisme.fr\/index.php\/wp-json\/wp\/v2\/comments?post=42986"}],"version-history":[{"count":0,"href":"https:\/\/charte-fontevrault-providentialisme.fr\/index.php\/wp-json\/wp\/v2\/posts\/42986\/revisions"}],"wp:attachment":[{"href":"https:\/\/charte-fontevrault-providentialisme.fr\/index.php\/wp-json\/wp\/v2\/media?parent=42986"}],"wp:term":[{"taxonomy":"category","embeddable":true,"href":"https:\/\/charte-fontevrault-providentialisme.fr\/index.php\/wp-json\/wp\/v2\/categories?post=42986"},{"taxonomy":"post_tag","embeddable":true,"href":"https:\/\/charte-fontevrault-providentialisme.fr\/index.php\/wp-json\/wp\/v2\/tags?post=42986"}],"curies":[{"name":"wp","href":"https:\/\/api.w.org\/{rel}","templated":true}]}}