{"id":43012,"date":"2021-09-18T12:13:45","date_gmt":"2021-09-18T10:13:45","guid":{"rendered":"https:\/\/chartedefontevraultprovidentialisme.wordpress.com\/?p=43012"},"modified":"2021-09-18T12:13:45","modified_gmt":"2021-09-18T10:13:45","slug":"xxxiv-emes-rencontres-fontevristes-mercredi-25-aout-2021-xi-rapport-financier-recettes-et-depenses-a-d-2020-1-2","status":"publish","type":"post","link":"https:\/\/charte-fontevrault-providentialisme.fr\/index.php\/2021\/09\/18\/xxxiv-emes-rencontres-fontevristes-mercredi-25-aout-2021-xi-rapport-financier-recettes-et-depenses-a-d-2020-1-2\/","title":{"rendered":"XXXIV \u00e9mes rencontres fontevristes. Mercredi 25 ao\u00fbt 2021( XI). Rapport\u00a0Financier. Recettes et D\u00e9penses A.D. 2020  (1\/2)."},"content":{"rendered":"\n<figure class=\"wp-block-image size-large\"><a href=\"https:\/\/chartedefontevraultprovidentialisme.files.wordpress.com\/2021\/09\/capture-decc81cran-2021-09-18-acc80-10.56.34.png\"><img decoding=\"async\" src=\"https:\/\/chartedefontevraultprovidentialisme.files.wordpress.com\/2021\/09\/capture-decc81cran-2021-09-18-acc80-10.56.34.png?w=1024\" alt=\"\" class=\"wp-image-43013\" \/><\/a><figcaption> Le &#8220;Denier de P\u00e9tronille&#8221; est aliment\u00e9 par la ventes des bijoux de la  collection des  Bijoux d&#8217;Ali\u00e9nor  ouvre de notre d\u00e9signer  Melle  L. V. <\/figcaption><\/figure>\n\n\n\n<figure class=\"wp-block-image size-large\"><a href=\"https:\/\/chartedefontevraultprovidentialisme.files.wordpress.com\/2021\/09\/capture-decc81cran-2021-09-18-acc80-10.56.52.png\"><img decoding=\"async\" src=\"https:\/\/chartedefontevraultprovidentialisme.files.wordpress.com\/2021\/09\/capture-decc81cran-2021-09-18-acc80-10.56.52.png?w=1024\" alt=\"\" class=\"wp-image-43014\" \/><\/a><figcaption>Les frais  de repas  sont aff\u00e9rents \u00e0 ceux pris par nos aum\u00f4niers ainsi qu&#8217;\u00e0 de petites &#8220;charit\u00e9s&#8221;<br>. Personne ne  s&#8217;\u00e9tonnera par ailleurs du poids des  d\u00e9penses de fonctionnement ( affranchissements , location de salles, frais financiers)  dans ce bilan; Il convient en revanche de saluer les frais engag\u00e9s pour faire c\u00e9l\u00e9brer des messes.<\/figcaption><\/figure>\n\n\n\n<p><\/p>\n","protected":false},"excerpt":{"rendered":"","protected":false},"author":2,"featured_media":0,"comment_status":"open","ping_status":"open","sticky":false,"template":"","format":"standard","meta":{"footnotes":""},"categories":[29],"tags":[],"class_list":["post-43012","post","type-post","status-publish","format-standard","hentry","category-uncategorized"],"_links":{"self":[{"href":"https:\/\/charte-fontevrault-providentialisme.fr\/index.php\/wp-json\/wp\/v2\/posts\/43012","targetHints":{"allow":["GET"]}}],"collection":[{"href":"https:\/\/charte-fontevrault-providentialisme.fr\/index.php\/wp-json\/wp\/v2\/posts"}],"about":[{"href":"https:\/\/charte-fontevrault-providentialisme.fr\/index.php\/wp-json\/wp\/v2\/types\/post"}],"author":[{"embeddable":true,"href":"https:\/\/charte-fontevrault-providentialisme.fr\/index.php\/wp-json\/wp\/v2\/users\/2"}],"replies":[{"embeddable":true,"href":"https:\/\/charte-fontevrault-providentialisme.fr\/index.php\/wp-json\/wp\/v2\/comments?post=43012"}],"version-history":[{"count":0,"href":"https:\/\/charte-fontevrault-providentialisme.fr\/index.php\/wp-json\/wp\/v2\/posts\/43012\/revisions"}],"wp:attachment":[{"href":"https:\/\/charte-fontevrault-providentialisme.fr\/index.php\/wp-json\/wp\/v2\/media?parent=43012"}],"wp:term":[{"taxonomy":"category","embeddable":true,"href":"https:\/\/charte-fontevrault-providentialisme.fr\/index.php\/wp-json\/wp\/v2\/categories?post=43012"},{"taxonomy":"post_tag","embeddable":true,"href":"https:\/\/charte-fontevrault-providentialisme.fr\/index.php\/wp-json\/wp\/v2\/tags?post=43012"}],"curies":[{"name":"wp","href":"https:\/\/api.w.org\/{rel}","templated":true}]}}