{"id":43594,"date":"2021-10-22T10:23:10","date_gmt":"2021-10-22T08:23:10","guid":{"rendered":"https:\/\/chartedefontevraultprovidentialisme.wordpress.com\/?p=43594"},"modified":"2021-10-22T10:23:10","modified_gmt":"2021-10-22T08:23:10","slug":"lu-sur-metablog-dieu-createur-des-anges","status":"publish","type":"post","link":"https:\/\/charte-fontevrault-providentialisme.fr\/index.php\/2021\/10\/22\/lu-sur-metablog-dieu-createur-des-anges\/","title":{"rendered":"Lu sur MetaBlog. Dieu Cr\u00e9ateur des anges."},"content":{"rendered":"\n<figure class=\"wp-block-table\"><table><tbody><tr><td><br><br>Posted:&nbsp;21 Oct 2021 02:34 AM PDT&nbsp;<br>&#8220;<em>Le silence \u00e9ternel de ces espaces infinis m&#8217;effrai<\/em>e&#8221; disait Pascal.Le monde pourtant n&#8217;est pas vide. Il n&#8217;y a pas que les hommes, on y d\u00e9couvre \u00e0 bien y r\u00e9fl\u00e9chir, avec l&#8217;Intelligence divine omnipr\u00e9sente, la multitude innombrables des anges, ces \u00eatres spirituels cr\u00e9\u00e9s, ces \u00eatres intelligents et libres. Les anges sont les premiers extra-terrestres. <br><br>Dans la Bible, ils servent de messagers (angeloi) entre Dieu et les hommes. Autant nos contemporains ont parfois du mal \u00e0 croire en Dieu, autant ils admettent facilement tout ce peuple hi\u00e9rarchis\u00e9 d&#8217;anges, qui dansent devant le Myst\u00e8re de l&#8217;univers. Pourquoi les anges sont-ils tellement en faveur ? Parce que tout un chacun refuse le silence de l&#8217;univers, silence effrayant et que spontan\u00e9ment on con\u00e7oit l&#8217;espace comme peupl\u00e9 d&#8217;esprits. Peupl\u00e9 d&#8217;anges.&nbsp;&nbsp;Encore faut-il ajouter, que les anges, esprits libres, ont eu \u00e0 sa d\u00e9terminer entre le bien et le mal. Le Bien ? Dieu et l&#8217;ordre qu&#8217;Il a cr\u00e9\u00e9. Le mal ? Se mettre \u00e0 la place de Dieu et vivre pour soi. Ce verset du proph\u00e8te Isa\u00efe est particuli\u00e8rement \u00e9vocateur de ce qui a pu se passer dans l&#8217;esprit des anges mauvais :&nbsp;\u00ab&nbsp;<em>J&#8217;escaladerai les cieux&nbsp;; au-dessus des \u00e9toiles j&#8217;\u00e9rigerai mon tr\u00f4ne&nbsp;; je serai semblable au Tr\u00e8s Haut&nbsp;<\/em>\u00bb (Is 14,13).<strong> Que ce soit le p\u00e9ch\u00e9 de l&#8217;ange ou le p\u00e9ch\u00e9 de l&#8217;homme, il consiste toujours \u00e0 refuser la loi de Dieu et \u00e0 se mettre \u00e0 sa place.<\/strong>&nbsp;La loi de Dieu est-elle compos\u00e9e d&#8217;oukases autoritaires fulmin\u00e9s sans motifs ? Non ! La loi c&#8217;est ce qui tourne les hommes vers Dieu. Elle est aim\u00e9e par ceux qui cherchent Dieu : Lex Domini immaculata convertens animas. <br><br>      Pour le psalmiste, qui ne connaissait pas encore les crit\u00e8res d&#8217;adaptation au monde discut\u00e9s \u00e0 Vatican II ou qui n&#8217;avait pas lu le rapport Sauv\u00e9, c&#8217;est parce que la loi du Seigneur est sans t\u00e2che qu&#8217;elle attire les \u00e2mes&#8230; Et de m\u00eame elle attire les anges qui ont fait le choix du bien.&nbsp;Le choix des anges nous permet de lire en grosses lettres&nbsp; le choix des hommes, qui eux aussi doivent se d\u00e9terminer selon leur vouloir foncier. Il y a une v\u00e9ritable fraternit\u00e9 dans le service de Dieu entre les anges et nous, comme le marque l&#8217;Apocalypse ; &#8220;<em>Alors, dit Jean, je me prosternai aux pieds de l&#8217;ange pour l&#8217;adorer, mais lui me dit :&nbsp; Non attention, je suis un serviteur comme toi et comme tes fr\u00e8res qui poss\u00e8dent le t\u00e9moignage de J\u00e9sus, c&#8217;est Dieu que tu dois adorer<\/em>&#8221; (Apoc. 19, 10)<br><br>    L&#8217;archange saint Michel est embl\u00e9matique de ce choix&nbsp; de Dieu. Il est le protecteur d&#8217;Isra\u00ebl, le chevalier d&#8217;un peuple pers\u00e9cut\u00e9 : &#8220;En ce temps-l\u00e0 \u00e9crit le proph\u00e8te Daniel, se l\u00e8vera Michel, le grand prince qui se tient aupr\u00e8s des enfants de son peuple. Ce sera un temps d&#8217;angoisse tel qu&#8217;il n&#8217;y en a pas eu depuis que la nation existe; En ce temps l\u00e0 ton peuple \u00e9chappera, tous ceux qui sont inscrit dans le livre [\u00e9chapperont] (Daniel 12, 1-2). L&#8217;ange Michel est ici au service du peuple d&#8217;Isra\u00ebl, comme il sera au service de l&#8217;humanit\u00e9&nbsp; tout enti\u00e8re dans le livre de l&#8217;Apocalypse (12), au terme d&#8217;une bataille qu&#8217;il m\u00e8nera pour le bien commun des anges et des hommes, contre &#8220;<em>l&#8217;antique serpent<\/em>&#8220;, l&#8217;ange d\u00e9chu, le diable. Son nom renvoie \u00e0 sa mission : Mika\u00ebl, qui comme Dieu ? Contre les anges d\u00e9chus qui se sont pris pour Dieu, l&#8217;archange Mika\u00ebl nous rappelle que c&#8217;est folie de se comparer \u00e0 Dieu, que cette pr\u00e9tention et cet orgueil m\u00e9taphysiquement ridicules comportent en eux m\u00eames&nbsp; &nbsp;le ch\u00e2timent qu&#8217;ils appellent par leur provocation &#8211; tout simplement le r\u00e9tablissement de la v\u00e9rit\u00e9.&nbsp; &nbsp; &nbsp;<\/td><\/tr><\/tbody><\/table><\/figure>\n\n\n\n<p><\/p>\n","protected":false},"excerpt":{"rendered":"<p>Posted:&nbsp;21 Oct 2021 02:34 AM PDT&nbsp;&#8220;Le silence \u00e9ternel de ces espaces infinis m&#8217;effraie&#8221; disait Pascal.Le monde pourtant n&#8217;est pas vide. Il n&#8217;y a pas que les hommes, on y d\u00e9couvre&#8230; <a href=\"https:\/\/charte-fontevrault-providentialisme.fr\/index.php\/2021\/10\/22\/lu-sur-metablog-dieu-createur-des-anges\/\">Cliquez pour lire davantage &raquo;<\/a><\/p>\n","protected":false},"author":5,"featured_media":0,"comment_status":"open","ping_status":"open","sticky":false,"template":"","format":"standard","meta":{"footnotes":""},"categories":[29],"tags":[],"class_list":["post-43594","post","type-post","status-publish","format-standard","hentry","category-uncategorized"],"_links":{"self":[{"href":"https:\/\/charte-fontevrault-providentialisme.fr\/index.php\/wp-json\/wp\/v2\/posts\/43594","targetHints":{"allow":["GET"]}}],"collection":[{"href":"https:\/\/charte-fontevrault-providentialisme.fr\/index.php\/wp-json\/wp\/v2\/posts"}],"about":[{"href":"https:\/\/charte-fontevrault-providentialisme.fr\/index.php\/wp-json\/wp\/v2\/types\/post"}],"author":[{"embeddable":true,"href":"https:\/\/charte-fontevrault-providentialisme.fr\/index.php\/wp-json\/wp\/v2\/users\/5"}],"replies":[{"embeddable":true,"href":"https:\/\/charte-fontevrault-providentialisme.fr\/index.php\/wp-json\/wp\/v2\/comments?post=43594"}],"version-history":[{"count":0,"href":"https:\/\/charte-fontevrault-providentialisme.fr\/index.php\/wp-json\/wp\/v2\/posts\/43594\/revisions"}],"wp:attachment":[{"href":"https:\/\/charte-fontevrault-providentialisme.fr\/index.php\/wp-json\/wp\/v2\/media?parent=43594"}],"wp:term":[{"taxonomy":"category","embeddable":true,"href":"https:\/\/charte-fontevrault-providentialisme.fr\/index.php\/wp-json\/wp\/v2\/categories?post=43594"},{"taxonomy":"post_tag","embeddable":true,"href":"https:\/\/charte-fontevrault-providentialisme.fr\/index.php\/wp-json\/wp\/v2\/tags?post=43594"}],"curies":[{"name":"wp","href":"https:\/\/api.w.org\/{rel}","templated":true}]}}