{"id":43695,"date":"2021-10-28T11:44:11","date_gmt":"2021-10-28T09:44:11","guid":{"rendered":"https:\/\/chartedefontevraultprovidentialisme.wordpress.com\/?p=43695"},"modified":"2021-10-28T11:44:11","modified_gmt":"2021-10-28T09:44:11","slug":"lorsque-lectures-francaises-accueille-en-son-sein-sa-revue-soeur-lectures-et-tradition","status":"publish","type":"post","link":"https:\/\/charte-fontevrault-providentialisme.fr\/index.php\/2021\/10\/28\/lorsque-lectures-francaises-accueille-en-son-sein-sa-revue-soeur-lectures-et-tradition\/","title":{"rendered":"Lorsque LECTURES FRAN\u00e7AISES accueille en son sein sa revue soeur LECTURES ET TRADITION."},"content":{"rendered":"\n<figure class=\"wp-block-image size-large\"><a href=\"https:\/\/chartedefontevraultprovidentialisme.files.wordpress.com\/2021\/10\/lflet.jpeg\"><img decoding=\"async\" src=\"https:\/\/chartedefontevraultprovidentialisme.files.wordpress.com\/2021\/10\/lflet.jpeg?w=637\" alt=\"\" class=\"wp-image-43696\" \/><\/a><\/figure>\n\n\n\n<p><strong>      Il ne nous appartient pas de porter un jugement  sur les imp\u00e9rieuses raisons qui ont  conduit  nos amis de Chir\u00e9 \u00e0 fusionner leurs deux revues. <\/strong><\/p>\n\n\n\n<p>       Consid\u00e9rons plut\u00f4t la capture d&#8217;\u00e9cran de la couverture ci-dessus :  <strong>http:\/\/www.chire.fr\/A-227170-n-773-septembre-2021-tribune-des-generaux-des-lendemains-sans-charentaises.aspx<\/strong> qui rappelle  fort opportun\u00e9ment  que les lecteurs de Lectures Fran\u00e7aises  consultent d\u00e9sormais deux  revues .<\/p>\n\n\n\n<div class=\"wp-block-image\"><figure class=\"aligncenter size-large is-resized\"><a href=\"https:\/\/chartedefontevraultprovidentialisme.files.wordpress.com\/2021\/10\/i-moyenne-15273-le-saint-pape-et-le-grand-monarque-d-apres-les-propheties.net_.jpg\"><img loading=\"lazy\" decoding=\"async\" src=\"https:\/\/chartedefontevraultprovidentialisme.files.wordpress.com\/2021\/10\/i-moyenne-15273-le-saint-pape-et-le-grand-monarque-d-apres-les-propheties.net_.jpg?w=192\" alt=\"\" class=\"wp-image-43680\" width=\"372\" height=\"581\" \/><\/a><figcaption>http:\/\/www.chire.fr\/A-141997-le-saint-pape-et-le-grand-monarque-d-apres-les-propheties.aspx( voir ci-dessous) <\/figcaption><\/figure><\/div>\n\n\n\n<p>      Les pages 71 \u00e0  95 abritant la nouvelle formule de la revue soeur maintenant fusionn\u00e9e  Lecture et Tradition. <\/p>\n\n\n\n<p>   Nous y relevons avec la m\u00eame  gratitude <\/p>\n\n\n\n<ul class=\"wp-block-list\"><li>Le rappel de l&#8217;ouvrage illustr\u00e9 ci-dessus du Marquis decla Franquerie <\/li><li>Deux pr\u00e9cieuses collaborations de notre ami Vincent Chabrol. L&#8217;une intitul\u00e9e  &#8221; <em>Il y a 70 ans mourait le  mar\u00e9chal P\u00e9tain&#8221;et l&#8217;autre<\/em>&#8221; <em>Nos \u00e9ph\u00e9m\u00e9rides<\/em>&#8221;  consacr\u00e9e  au mois de  septembre 2021 et \u00e9voquant des \u00e9v\u00e9nements s&#8217;\u00e9tageant de l&#8217; A.D. 909 ( Fondation de l &#8216;Abbaye de Cluny \u00e0  l&#8217;A.D. 1936 ( &#8221; le si\u00e8ge de l&#8217; Alcazar de Tol\u00e8de est lev\u00e9) <\/li><\/ul>\n","protected":false},"excerpt":{"rendered":"<p>Il ne nous appartient pas de porter un jugement sur les imp\u00e9rieuses raisons qui ont conduit nos amis de Chir\u00e9 \u00e0 fusionner leurs deux revues. Consid\u00e9rons plut\u00f4t la capture d&#8217;\u00e9cran&#8230; <a href=\"https:\/\/charte-fontevrault-providentialisme.fr\/index.php\/2021\/10\/28\/lorsque-lectures-francaises-accueille-en-son-sein-sa-revue-soeur-lectures-et-tradition\/\">Cliquez pour lire davantage &raquo;<\/a><\/p>\n","protected":false},"author":5,"featured_media":0,"comment_status":"open","ping_status":"open","sticky":false,"template":"","format":"standard","meta":{"footnotes":""},"categories":[31069],"tags":[5699,15775,18212,22388,22453,29976],"class_list":["post-43695","post","type-post","status-publish","format-standard","hentry","category-action-memorielle","tag-dpf-editions-de-chire-b-p-1-86190-chire-en-montreuil","tag-marquis-de-la-franquerie-1901-1992","tag-ouvrage-le-saint-pape-et-le-grand-monarque","tag-revue-lecture-et-tradition","tag-revue-lectures-francaises","tag-vincent-chabrol"],"_links":{"self":[{"href":"https:\/\/charte-fontevrault-providentialisme.fr\/index.php\/wp-json\/wp\/v2\/posts\/43695","targetHints":{"allow":["GET"]}}],"collection":[{"href":"https:\/\/charte-fontevrault-providentialisme.fr\/index.php\/wp-json\/wp\/v2\/posts"}],"about":[{"href":"https:\/\/charte-fontevrault-providentialisme.fr\/index.php\/wp-json\/wp\/v2\/types\/post"}],"author":[{"embeddable":true,"href":"https:\/\/charte-fontevrault-providentialisme.fr\/index.php\/wp-json\/wp\/v2\/users\/5"}],"replies":[{"embeddable":true,"href":"https:\/\/charte-fontevrault-providentialisme.fr\/index.php\/wp-json\/wp\/v2\/comments?post=43695"}],"version-history":[{"count":0,"href":"https:\/\/charte-fontevrault-providentialisme.fr\/index.php\/wp-json\/wp\/v2\/posts\/43695\/revisions"}],"wp:attachment":[{"href":"https:\/\/charte-fontevrault-providentialisme.fr\/index.php\/wp-json\/wp\/v2\/media?parent=43695"}],"wp:term":[{"taxonomy":"category","embeddable":true,"href":"https:\/\/charte-fontevrault-providentialisme.fr\/index.php\/wp-json\/wp\/v2\/categories?post=43695"},{"taxonomy":"post_tag","embeddable":true,"href":"https:\/\/charte-fontevrault-providentialisme.fr\/index.php\/wp-json\/wp\/v2\/tags?post=43695"}],"curies":[{"name":"wp","href":"https:\/\/api.w.org\/{rel}","templated":true}]}}