{"id":44108,"date":"2021-11-27T10:31:54","date_gmt":"2021-11-27T09:31:54","guid":{"rendered":"https:\/\/charte-fontevrault-providentialisme.fr\/?p=44108"},"modified":"2021-11-27T10:19:08","modified_gmt":"2021-11-27T09:19:08","slug":"bernard-antony-afin-que-nul-noublie-le-genocide-armenien","status":"publish","type":"post","link":"https:\/\/charte-fontevrault-providentialisme.fr\/index.php\/2021\/11\/27\/bernard-antony-afin-que-nul-noublie-le-genocide-armenien\/","title":{"rendered":"Bernard Antony. Afin que nul n&#8217;oublie le g\u00e9nocide arm\u00e9nien."},"content":{"rendered":"<div id=\"attachment_44109\" style=\"width: 393px\" class=\"wp-caption aligncenter\"><img loading=\"lazy\" decoding=\"async\" aria-describedby=\"caption-attachment-44109\" class=\"wp-image-44109 size-full\" src=\"https:\/\/charte-fontevrault-providentialisme.fr\/wp-content\/uploads\/2021\/11\/le-genocide-armenien-1915-2015.jpg\" alt=\"\" width=\"383\" height=\"383\" srcset=\"https:\/\/charte-fontevrault-providentialisme.fr\/wp-content\/uploads\/2021\/11\/le-genocide-armenien-1915-2015.jpg 383w, https:\/\/charte-fontevrault-providentialisme.fr\/wp-content\/uploads\/2021\/11\/le-genocide-armenien-1915-2015-300x300.jpg 300w, https:\/\/charte-fontevrault-providentialisme.fr\/wp-content\/uploads\/2021\/11\/le-genocide-armenien-1915-2015-150x150.jpg 150w, https:\/\/charte-fontevrault-providentialisme.fr\/wp-content\/uploads\/2021\/11\/le-genocide-armenien-1915-2015-180x180.jpg 180w, https:\/\/charte-fontevrault-providentialisme.fr\/wp-content\/uploads\/2021\/11\/le-genocide-armenien-1915-2015-60x60.jpg 60w\" sizes=\"auto, (max-width: 383px) 100vw, 383px\" \/><p id=\"caption-attachment-44109\" class=\"wp-caption-text\">http:\/\/www.acam-france.org\/bibliographie\/auteur.php?cle=antony-bernard<\/p><\/div>\n<p>4e de couverture\u00a0:<\/p>\n<div>\u00ab G\u00e9nocide arm\u00e9nien \u00bb : c&#8217;est l&#8217;expression dans laquelle se resserrent, autour de l&#8217;\u00e9vocation du sort du peuple quantitativement le plus massacr\u00e9 dans le premier quart du XX\u00e8me si\u00e8cle, les trag\u00e9dies des exterminations qui ont vis\u00e9 jusqu \u00e0 nos jours, phase finale, \u00e0 l&#8217;an\u00e9antissement de tous les chr\u00e9tiens habitant dans les actuels pays de Turquie, d&#8217;Irak et de Syrie. Le g\u00e9nocide dit arm\u00e9nien a \u00e9t\u00e9 en effet, apr\u00e8s les massacres du XIX\u00e8me si\u00e8cle, celui d&#8217;une continuit\u00e9 d&#8217;\u00e9radication aussi des Assyro-chald\u00e9ens et des Grecs du Pont et d&#8217;Asie Mineure. Le 24 avril 1915, date de la d\u00e9portation vers la mort des \u00e9lites arm\u00e9niennes sur d\u00e9cision du gouvernement des Jeunes Turcs marque, certes, le d\u00e9but du grand g\u00e9nocide des ann\u00e9es 1915-1916, mais parachev\u00e9 apr\u00e8s 1918 par Mustafa Kemal sur le territoire de l&#8217;actuelle Turquie et continu\u00e9 ensuite jusqu \u00e0 nos jours en Syrie et en Irak.<\/div>\n<div><\/div>\n<p>Bernard Antony, \u00e0 travers les t\u00e9moignages, en \u00e9voque les indicibles abominations dans toute l&#8217;\u00e9tendue du myst\u00e8re du mal. Il en rappelle, dans le refus des occultations r\u00e9visionnistes ou n\u00e9gationnistes, les responsabilit\u00e9s convergentes du fanatisme islamique et des Jeunes Turcs, \u00e0 la crois\u00e9e de la franc-ma\u00e7onnerie, des influences donmeh et du jacobinisme fran\u00e7ais.<\/p>\n<p><strong>https:\/\/fr.wikipedia.org\/wiki\/G\u00e9nocide_arm\u00e9nien<\/strong><\/p>\n","protected":false},"excerpt":{"rendered":"<p>4e de couverture\u00a0: \u00ab G\u00e9nocide arm\u00e9nien \u00bb : c&#8217;est l&#8217;expression dans laquelle se resserrent, autour de l&#8217;\u00e9vocation du sort du peuple quantitativement le plus massacr\u00e9 dans le premier quart du&#8230; <a href=\"https:\/\/charte-fontevrault-providentialisme.fr\/index.php\/2021\/11\/27\/bernard-antony-afin-que-nul-noublie-le-genocide-armenien\/\">Cliquez pour lire davantage &raquo;<\/a><\/p>\n","protected":false},"author":2,"featured_media":0,"comment_status":"open","ping_status":"open","sticky":false,"template":"","format":"standard","meta":{"footnotes":""},"categories":[26],"tags":[31200,31201,7970,339],"class_list":["post-44108","post","type-post","status-publish","format-standard","hentry","category-societe-traditionnelle","tag-bernard-antony-1944","tag-editeur-godefroy-de-bouillon","tag-genocide-armenien","tag-https-fr-wikipedia-org"],"_links":{"self":[{"href":"https:\/\/charte-fontevrault-providentialisme.fr\/index.php\/wp-json\/wp\/v2\/posts\/44108","targetHints":{"allow":["GET"]}}],"collection":[{"href":"https:\/\/charte-fontevrault-providentialisme.fr\/index.php\/wp-json\/wp\/v2\/posts"}],"about":[{"href":"https:\/\/charte-fontevrault-providentialisme.fr\/index.php\/wp-json\/wp\/v2\/types\/post"}],"author":[{"embeddable":true,"href":"https:\/\/charte-fontevrault-providentialisme.fr\/index.php\/wp-json\/wp\/v2\/users\/2"}],"replies":[{"embeddable":true,"href":"https:\/\/charte-fontevrault-providentialisme.fr\/index.php\/wp-json\/wp\/v2\/comments?post=44108"}],"version-history":[{"count":1,"href":"https:\/\/charte-fontevrault-providentialisme.fr\/index.php\/wp-json\/wp\/v2\/posts\/44108\/revisions"}],"predecessor-version":[{"id":44110,"href":"https:\/\/charte-fontevrault-providentialisme.fr\/index.php\/wp-json\/wp\/v2\/posts\/44108\/revisions\/44110"}],"wp:attachment":[{"href":"https:\/\/charte-fontevrault-providentialisme.fr\/index.php\/wp-json\/wp\/v2\/media?parent=44108"}],"wp:term":[{"taxonomy":"category","embeddable":true,"href":"https:\/\/charte-fontevrault-providentialisme.fr\/index.php\/wp-json\/wp\/v2\/categories?post=44108"},{"taxonomy":"post_tag","embeddable":true,"href":"https:\/\/charte-fontevrault-providentialisme.fr\/index.php\/wp-json\/wp\/v2\/tags?post=44108"}],"curies":[{"name":"wp","href":"https:\/\/api.w.org\/{rel}","templated":true}]}}