{"id":44403,"date":"2021-12-17T17:00:23","date_gmt":"2021-12-17T16:00:23","guid":{"rendered":"https:\/\/charte-fontevrault-providentialisme.fr\/?p=44403"},"modified":"2021-12-17T18:01:51","modified_gmt":"2021-12-17T17:01:51","slug":"44403","status":"publish","type":"post","link":"https:\/\/charte-fontevrault-providentialisme.fr\/index.php\/2021\/12\/17\/44403\/","title":{"rendered":"N&#8217;oubliez pas les grandes Antiennes en &#8220;O&#8221; pour pr\u00e9parer les f\u00eates de No\u00ebl."},"content":{"rendered":"<p>En principe, nous ne mettons en ligne\u00a0 que\u00a0 deux\u00a0 articles \/ jour en semaine et un de r\u00e9flexion sur la semaine\u00a0 \u00e9coul\u00e9e le dimanche.<\/p>\n<p>Par\u00a0 exception , ce vendredi nous vous offrons un troisi\u00e8me article<\/p>\n<p>* pour ne pas laisser passer le\u00a0 premier jour de r\u00e9citation des Grandes\u00a0 Antiennes en\u00a0 &#8220;o&#8221;\u00a0 pendant les sept jours qui pr\u00e9c\u00e9dent No\u00ebl sans\u00a0 que\u00a0 vous ne puissiez y prendre part.<\/p>\n<ul>\n<li>pour\u00a0 rendre gr\u00e2ce\u00a0 et\u00a0 vous remercier de\u00a0 vos voeux et pri\u00e8res &#8211; jusqu&#8217;\u00e0 Pontmain &#8230; !-\u00a0 en ce jour de mon anniversaire\u00a0 qui m&#8217;a \u00e9galement permis de me\u00a0 confesser&#8230; Non loin de la statue de Notre-Dame de la Salette &#8230; Nous y reviendrons.<\/li>\n<\/ul>\n<p><strong>Alain TEXIER.<\/strong><\/p>\n<p><img loading=\"lazy\" decoding=\"async\" class=\"aligncenter wp-image-44404 size-large\" src=\"https:\/\/charte-fontevrault-providentialisme.fr\/wp-content\/uploads\/2021\/12\/Capture-de\u0301cran-2021-12-17-a\u0300-14.46.38-1024x883.png\" alt=\"\" width=\"625\" height=\"539\" srcset=\"https:\/\/charte-fontevrault-providentialisme.fr\/wp-content\/uploads\/2021\/12\/Capture-de\u0301cran-2021-12-17-a\u0300-14.46.38-1024x883.png 1024w, https:\/\/charte-fontevrault-providentialisme.fr\/wp-content\/uploads\/2021\/12\/Capture-de\u0301cran-2021-12-17-a\u0300-14.46.38-300x259.png 300w, https:\/\/charte-fontevrault-providentialisme.fr\/wp-content\/uploads\/2021\/12\/Capture-de\u0301cran-2021-12-17-a\u0300-14.46.38-768x662.png 768w, https:\/\/charte-fontevrault-providentialisme.fr\/wp-content\/uploads\/2021\/12\/Capture-de\u0301cran-2021-12-17-a\u0300-14.46.38-1536x1324.png 1536w, https:\/\/charte-fontevrault-providentialisme.fr\/wp-content\/uploads\/2021\/12\/Capture-de\u0301cran-2021-12-17-a\u0300-14.46.38-624x538.png 624w, https:\/\/charte-fontevrault-providentialisme.fr\/wp-content\/uploads\/2021\/12\/Capture-de\u0301cran-2021-12-17-a\u0300-14.46.38-1320x1138.png 1320w, https:\/\/charte-fontevrault-providentialisme.fr\/wp-content\/uploads\/2021\/12\/Capture-de\u0301cran-2021-12-17-a\u0300-14.46.38.png 1928w\" sizes=\"auto, (max-width: 625px) 100vw, 625px\" \/><\/p>\n<p><strong>\u00a0 \u00a0 \u00a0Du 17 au 23 d\u00e9cembre<\/strong>, l\u2019Eglise catholique pr\u00e9pare la f\u00eate de No\u00ebl en chantant les grandes Antiennes O \u00e0 l\u2019office des v\u00eapres.<\/p>\n<table border=\"0\" width=\"100%\" cellspacing=\"0\" cellpadding=\"3\">\n<tbody>\n<tr>\n<td colspan=\"4\" valign=\"TOP\" width=\"5%\"><strong><span class=\"style1743\">I<\/span><span class=\"style1743\">V. \u00a0Les textes des antiennes \u00ab\u00a0O\u00a0\u00bb retenues par le rite romain.<\/span><\/strong><span class=\"style42\"><br \/>\n<\/span><span class=\"style42\">\u00a0<\/span><\/td>\n<\/tr>\n<tr>\n<td valign=\"TOP\" width=\"5%\">\n<p class=\"style1003\"><span class=\"style42\">17 d\u00e9c<\/span><\/p>\n<\/td>\n<td valign=\"TOP\" width=\"44%\">\n<p class=\"style1003\"><strong><span class=\"style1364\">O<\/span><span class=\"style45\">\u00a0Sapientia<\/span><\/strong><span class=\"style42\"><strong>,<\/strong> qu\u00e6 ex ore Altissimi prodisti, attingens a fine usque ad finem, fortiter suaviter disponensque omnia: veni ad docendum nos viam prudenti\u00e6.<\/span><\/p>\n<\/td>\n<td valign=\"TOP\" width=\"1%\"><img loading=\"lazy\" decoding=\"async\" src=\"https:\/\/www.ceremoniaire.net\/_clear.gif\" alt=\"\" width=\"1\" height=\"1\" border=\"0\" \/><\/td>\n<td valign=\"TOP\" width=\"52%\">\n<p class=\"style1003\"><span class=\"style42\">O Sagesse, sortie de la bouche du Tr\u00e8s-Haut, qui enveloppez toutes choses d&#8217;un p\u00f4le \u00e0 l&#8217;autre et les disposez avec force et douceur, venez nous enseigner le chemin de la prudence.<\/span><\/p>\n<\/td>\n<\/tr>\n<tr>\n<td valign=\"TOP\" width=\"5%\"><span class=\"style42\">18 d\u00e9c<\/span><\/td>\n<td valign=\"TOP\" width=\"44%\">\n<p class=\"style1003\"><strong><span class=\"style1364\">O<\/span><span class=\"style45\">\u00a0Adonai<\/span><\/strong><span class=\"style42\">, et Dux domus Israel, qui Moysi in igne flamm\u00e6 rubi apparuisti, et ei in Sina legem dedisti\u00a0: veni ad redimendum nos in bracchio extento. <\/span><\/p>\n<\/td>\n<td valign=\"TOP\" width=\"1%\"><img loading=\"lazy\" decoding=\"async\" src=\"https:\/\/www.ceremoniaire.net\/_clear.gif\" alt=\"\" width=\"1\" height=\"1\" border=\"0\" \/><\/td>\n<td valign=\"TOP\" width=\"52%\">\n<p class=\"style1003\"><span class=\"style42\">O Adona\u00ef, guide du peuple d&#8217;Isra\u00ebl, qui \u00eates apparu \u00e0 Mo\u00efse dans le feu du buisson ardent, et lui avez donn\u00e9 vos commandements sur le mont Sina\u00ef, armez votre bras, et venez nous sauver.<\/span><\/p>\n<\/td>\n<\/tr>\n<tr>\n<td valign=\"TOP\" width=\"5%\"><span class=\"style42\">19 d\u00e9c<\/span><\/td>\n<td valign=\"TOP\" width=\"44%\">\n<p class=\"style1003\"><strong><span class=\"style1364\">O<\/span><span class=\"style45\">\u00a0Radix Iesse<\/span><\/strong><span class=\"style42\"><strong>,<\/strong> qui stas in signum populorum, super quem continebunt reges os suum, quem gentes deprecabuntur\u00a0: veni ad liberandum nos, iam noli tardare. <\/span><\/p>\n<\/td>\n<td valign=\"TOP\" width=\"1%\"><img loading=\"lazy\" decoding=\"async\" src=\"https:\/\/www.ceremoniaire.net\/_clear.gif\" alt=\"\" width=\"1\" height=\"1\" border=\"0\" \/><\/td>\n<td valign=\"TOP\" width=\"52%\">\n<p class=\"style1003\"><span class=\"style42\">O Fils de la race de Jess\u00e9, signe dresse devant les peuples, vous devant qui les souverains resteront silencieux, vous que les peuples appelleront au secours, d\u00e9livrez-nous, venez, ne tardez plus\u00a0!<\/span><\/p>\n<\/td>\n<\/tr>\n<tr>\n<td valign=\"TOP\" width=\"5%\"><span class=\"style42\">20 d\u00e9c<\/span><\/td>\n<td valign=\"TOP\" width=\"44%\">\n<p class=\"style1003\"><strong><span class=\"style1364\">O<\/span><span class=\"style45\">\u00a0Clavis David<\/span><\/strong><span class=\"style42\">, et sceptrum domus Israel\u00a0; qui aperis, et nemo claudit\u00a0; claudis, et nemo aperit\u00a0: veni, et educ vinctum de domo carceris, sedentem in tenebris et umbra mortis.<\/span><\/p>\n<\/td>\n<td valign=\"TOP\" width=\"1%\"><img loading=\"lazy\" decoding=\"async\" src=\"https:\/\/www.ceremoniaire.net\/_clear.gif\" alt=\"\" width=\"1\" height=\"1\" border=\"0\" \/><\/td>\n<td valign=\"TOP\" width=\"52%\">\n<p class=\"style1003\"><span class=\"style42\">O Clef de la cit\u00e9 de David, sceptre du royaume d&#8217;Isra\u00ebl, vous ouvrez, et personne alors ne peut fermer\u00a0; vous fermez, et personne ne peut ouvrir\u00a0; venez, faites sortir du cachot le prisonnier \u00e9tabli dans les t\u00e9n\u00e8bres et la nuit de la mort.<\/span><\/p>\n<\/td>\n<\/tr>\n<tr>\n<td valign=\"TOP\" width=\"5%\"><span class=\"style42\">21 d\u00e9c<\/span><\/td>\n<td valign=\"TOP\" width=\"44%\">\n<p class=\"style1003\"><strong><span class=\"style1364\">O<\/span><span class=\"style45\">\u00a0Oriens<\/span><\/strong><span class=\"style42\">, splendor lucis \u00e6tern\u00e6, et sol iustiti\u00e6\u00a0: veni, et illumina sedentes in tenebris et umbra mortis. <\/span><\/p>\n<\/td>\n<td valign=\"TOP\" width=\"1%\"><img loading=\"lazy\" decoding=\"async\" src=\"https:\/\/www.ceremoniaire.net\/_clear.gif\" alt=\"\" width=\"1\" height=\"1\" border=\"0\" \/><\/td>\n<td valign=\"TOP\" width=\"52%\">\n<p class=\"style1003\"><span class=\"style42\">O Orient, splendeur de la Lumi\u00e8re \u00e9ternelle, Soleil de justice, venez, illuminez ceux qui sont assis dans les t\u00e9n\u00e8bres et la nuit de la mort.<\/span><\/p>\n<\/td>\n<\/tr>\n<tr>\n<td valign=\"TOP\" width=\"5%\"><span class=\"style42\">22 d\u00e9c<\/span><\/td>\n<td valign=\"TOP\" width=\"44%\">\n<p class=\"style1003\"><strong><span class=\"style1364\">O<\/span><span class=\"style45\">\u00a0Rex gentium<\/span><\/strong><span class=\"style42\">, et desideratus earum, lapisque angularis, qui facis utraque unum\u00a0: veni, et salva hominem, quem de limo formasti. <\/span><\/p>\n<\/td>\n<td valign=\"TOP\" width=\"1%\"><img loading=\"lazy\" decoding=\"async\" src=\"https:\/\/www.ceremoniaire.net\/_clear.gif\" alt=\"\" width=\"1\" height=\"1\" border=\"0\" \/><\/td>\n<td valign=\"TOP\" width=\"52%\">\n<p class=\"style1003\"><span class=\"style42\">O Roi des nations, objet de leur d\u00e9sir, clef de vo\u00fbte qui unissez les peuples oppos\u00e9s, venez sauver l&#8217;homme que vous avez fa\u00e7onn\u00e9 d&#8217;argile.<\/span><\/p>\n<\/td>\n<\/tr>\n<tr>\n<td valign=\"TOP\" width=\"5%\"><span class=\"style42\">23 d\u00e9c<\/span><\/td>\n<td valign=\"TOP\" width=\"44%\">\n<p class=\"style1003\"><strong><span class=\"style1364\">O<\/span><span class=\"style45\">\u00a0Emmanuel<\/span><\/strong><span class=\"style42\">, Rex et legifer noster, exspectatio gentium, et Salvator earum\u00a0: veni ad salvandum nos, Domine, Deus noster.<\/span><\/p>\n<\/td>\n<td valign=\"TOP\" width=\"1%\"><img loading=\"lazy\" decoding=\"async\" src=\"https:\/\/www.ceremoniaire.net\/_clear.gif\" alt=\"\" width=\"1\" height=\"1\" border=\"0\" \/><\/td>\n<td valign=\"TOP\" width=\"52%\">\n<p class=\"style1003\"><span class=\"style42\">O Emmanuel, notre roi et l\u00e9gislateur, que tous les peuples attendent comme leur Sauveur, venez nous sauver, Seigneur notre Dieu\u00a0<\/span><\/p>\n<\/td>\n<\/tr>\n<\/tbody>\n<\/table>\n<p><strong>https:\/\/www.ceremoniaire.net\/guide\/avent\/grandes_antiennes.html<\/strong><\/p>\n","protected":false},"excerpt":{"rendered":"<p>En principe, nous ne mettons en ligne\u00a0 que\u00a0 deux\u00a0 articles \/ jour en semaine et un de r\u00e9flexion sur la semaine\u00a0 \u00e9coul\u00e9e le dimanche. Par\u00a0 exception , ce vendredi nous&#8230; <a href=\"https:\/\/charte-fontevrault-providentialisme.fr\/index.php\/2021\/12\/17\/44403\/\">Cliquez pour lire davantage &raquo;<\/a><\/p>\n","protected":false},"author":2,"featured_media":0,"comment_status":"open","ping_status":"open","sticky":false,"template":"","format":"standard","meta":{"footnotes":""},"categories":[30912],"tags":[1381,993,8403,31282,17326],"class_list":["post-44403","post","type-post","status-publish","format-standard","hentry","category-action-catholique","tag-a-pontmain-supplique-a-dieu-pour-le-retour-du-roi","tag-apparitions-mariales-de-la-salette-france","tag-grandes-antiennes-en-o","tag-https-www-ceremoniaire-net","tag-noel"],"_links":{"self":[{"href":"https:\/\/charte-fontevrault-providentialisme.fr\/index.php\/wp-json\/wp\/v2\/posts\/44403","targetHints":{"allow":["GET"]}}],"collection":[{"href":"https:\/\/charte-fontevrault-providentialisme.fr\/index.php\/wp-json\/wp\/v2\/posts"}],"about":[{"href":"https:\/\/charte-fontevrault-providentialisme.fr\/index.php\/wp-json\/wp\/v2\/types\/post"}],"author":[{"embeddable":true,"href":"https:\/\/charte-fontevrault-providentialisme.fr\/index.php\/wp-json\/wp\/v2\/users\/2"}],"replies":[{"embeddable":true,"href":"https:\/\/charte-fontevrault-providentialisme.fr\/index.php\/wp-json\/wp\/v2\/comments?post=44403"}],"version-history":[{"count":4,"href":"https:\/\/charte-fontevrault-providentialisme.fr\/index.php\/wp-json\/wp\/v2\/posts\/44403\/revisions"}],"predecessor-version":[{"id":44409,"href":"https:\/\/charte-fontevrault-providentialisme.fr\/index.php\/wp-json\/wp\/v2\/posts\/44403\/revisions\/44409"}],"wp:attachment":[{"href":"https:\/\/charte-fontevrault-providentialisme.fr\/index.php\/wp-json\/wp\/v2\/media?parent=44403"}],"wp:term":[{"taxonomy":"category","embeddable":true,"href":"https:\/\/charte-fontevrault-providentialisme.fr\/index.php\/wp-json\/wp\/v2\/categories?post=44403"},{"taxonomy":"post_tag","embeddable":true,"href":"https:\/\/charte-fontevrault-providentialisme.fr\/index.php\/wp-json\/wp\/v2\/tags?post=44403"}],"curies":[{"name":"wp","href":"https:\/\/api.w.org\/{rel}","templated":true}]}}