{"id":44846,"date":"2022-01-14T15:02:16","date_gmt":"2022-01-14T14:02:16","guid":{"rendered":"https:\/\/charte-fontevrault-providentialisme.fr\/?p=44846"},"modified":"2022-01-14T17:20:09","modified_gmt":"2022-01-14T16:20:09","slug":"au-sujet-de-1-temps-2-temps-et-undemi-temps-de-la-bible","status":"publish","type":"post","link":"https:\/\/charte-fontevrault-providentialisme.fr\/index.php\/2022\/01\/14\/au-sujet-de-1-temps-2-temps-et-undemi-temps-de-la-bible\/","title":{"rendered":"Au sujet de : &#8221; 1 temps, 2 temps, et un demi temps &#8220;, de la Bible"},"content":{"rendered":"<p style=\"text-align: justify;\"><span style=\"font-size: 10pt;\">Une petite pr\u00e9cision \u00e0 tous,<\/span><\/p>\n<p style=\"text-align: justify;\"><span style=\"font-size: 10pt;\">Dans mes v\u0153ux pour 2022, au sujet de l\u2019expression <em>\u00ab 1 temps, 2 temps, et \u00bd temps \u00bb,<\/em> ou 3 temps et demi, de la Bible, \u00e9voqu\u00e9e aussi bien dans l\u2019Ancien Testament (au Livre de Daniel) que dans le Nouveau Testament (dans l&#8217;Apocalypse), il faut bien comprendre que <span style=\"text-decoration: underline;\">c\u2019est un syst\u00e8me de mesure<\/span> des dur\u00e9es, donn\u00e9 par Dieu.<\/span><\/p>\n<p style=\"text-align: justify;\"><span style=\"font-size: 10pt;\">En fait c\u2019est un syst\u00e8me de mesure de base 7 &#8211; la semaine &#8211; car Dieu travaille toujours \u00e0 la semaine.<\/span><br \/>\n<span style=\"font-size: 10pt;\">Vous allez alors me dire :<\/span><br \/>\n<span style=\"font-size: 10pt;\">\u00ab mais si c\u2019est une un syst\u00e8me de mesure de base 7, pourquoi ne dit-on pas : 2 temps, 4 temps et 1 temps ? \u00bb<\/span><\/p>\n<p style=\"text-align: justify;\"><span style=\"font-size: 10pt;\">Eh bien justement, c\u2019est parce que c\u2019est pleinement un \u00ab\u00a0syst\u00e8me de mesure\u00a0\u00bb au sens math\u00e9matique et normatif du terme.<\/span><br \/>\n<span style=\"font-size: 10pt;\">Dieu d\u00e9finit ainsi \u00ab un syst\u00e8me g\u00e9n\u00e9ral et universel de mesure \u00bb avec 2, et seulement 2 nombres de base :<\/span><br \/>\n<span style=\"font-size: 10pt;\">. 1 norme (1 temps),<\/span><br \/>\n<span style=\"font-size: 10pt;\">. 1 multiple de la norme (et le plus simple possible)\u00a0: 2 temps,<\/span><br \/>\n<span style=\"font-size: 10pt;\">. 1 sous-multiple (le plus simple aussi, et \u00e0 partir du nombre d\u00e9j\u00e0 utilis\u00e9 pour le multiple) : \u00bd temps.<\/span><\/p>\n<p style=\"text-align: justify;\"><span style=\"font-size: 10pt;\">Ce syst\u00e8me de mesure si simple permet de <u>d\u00e9finir toutes les dur\u00e9es possibles<\/u>, en donnant \u00e0 la variable \u00ab\u00a0temps\u00a0\u00bb la valeur num\u00e9rique que l\u2019on veut, et en permettant toutes les combinaisons.<\/span><br \/>\n<span style=\"font-size: 10pt;\">Les valeurs 2, 4, et 1, ne d\u00e9finissent pas un syst\u00e8me universel de mesure car, s\u2019il y a bien la notion de norme et de multiple, la notion de rapport ou de division est inexistante.<\/span><\/p>\n<p style=\"text-align: justify;\"><span style=\"font-size: 10pt;\">Dans le cas qui nous occupe, 231 ans, nous avons\u00a0donc 7 x 33 ans, soit\u00a0:<\/span><br \/>\n<span style=\"font-size: 10pt;\">. 1 temps = 66 ans,<\/span><br \/>\n<span style=\"font-size: 10pt;\">. 2 temps = 132 ans,<\/span><br \/>\n<span style=\"font-size: 10pt;\">. \u00bd temps = 33 ans.<\/span><\/p>\n<p style=\"text-align: justify;\"><span style=\"font-size: 10pt;\">Bien \u00e0 vous,<\/span><\/p>\n<p style=\"text-align: justify;\"><span style=\"font-size: 10pt;\">Chouandecoeur<\/span><\/p>\n","protected":false},"excerpt":{"rendered":"<p>Une petite pr\u00e9cision \u00e0 tous, Dans mes v\u0153ux pour 2022, au sujet de l\u2019expression \u00ab 1 temps, 2 temps, et \u00bd temps \u00bb, ou 3 temps et demi, de la&#8230; <a href=\"https:\/\/charte-fontevrault-providentialisme.fr\/index.php\/2022\/01\/14\/au-sujet-de-1-temps-2-temps-et-undemi-temps-de-la-bible\/\">Cliquez pour lire davantage &raquo;<\/a><\/p>\n","protected":false},"author":7,"featured_media":0,"comment_status":"open","ping_status":"open","sticky":false,"template":"","format":"standard","meta":{"footnotes":""},"categories":[30913],"tags":[963,3151,14320],"class_list":["post-44846","post","type-post","status-publish","format-standard","hentry","category-action-providentialiste","tag-apocalypse-de-saint-jean-bible","tag-chouandecoeur","tag-livre-de-daniel-bible"],"_links":{"self":[{"href":"https:\/\/charte-fontevrault-providentialisme.fr\/index.php\/wp-json\/wp\/v2\/posts\/44846","targetHints":{"allow":["GET"]}}],"collection":[{"href":"https:\/\/charte-fontevrault-providentialisme.fr\/index.php\/wp-json\/wp\/v2\/posts"}],"about":[{"href":"https:\/\/charte-fontevrault-providentialisme.fr\/index.php\/wp-json\/wp\/v2\/types\/post"}],"author":[{"embeddable":true,"href":"https:\/\/charte-fontevrault-providentialisme.fr\/index.php\/wp-json\/wp\/v2\/users\/7"}],"replies":[{"embeddable":true,"href":"https:\/\/charte-fontevrault-providentialisme.fr\/index.php\/wp-json\/wp\/v2\/comments?post=44846"}],"version-history":[{"count":5,"href":"https:\/\/charte-fontevrault-providentialisme.fr\/index.php\/wp-json\/wp\/v2\/posts\/44846\/revisions"}],"predecessor-version":[{"id":44851,"href":"https:\/\/charte-fontevrault-providentialisme.fr\/index.php\/wp-json\/wp\/v2\/posts\/44846\/revisions\/44851"}],"wp:attachment":[{"href":"https:\/\/charte-fontevrault-providentialisme.fr\/index.php\/wp-json\/wp\/v2\/media?parent=44846"}],"wp:term":[{"taxonomy":"category","embeddable":true,"href":"https:\/\/charte-fontevrault-providentialisme.fr\/index.php\/wp-json\/wp\/v2\/categories?post=44846"},{"taxonomy":"post_tag","embeddable":true,"href":"https:\/\/charte-fontevrault-providentialisme.fr\/index.php\/wp-json\/wp\/v2\/tags?post=44846"}],"curies":[{"name":"wp","href":"https:\/\/api.w.org\/{rel}","templated":true}]}}