{"id":45044,"date":"2022-01-27T10:32:02","date_gmt":"2022-01-27T09:32:02","guid":{"rendered":"https:\/\/charte-fontevrault-providentialisme.fr\/?p=45044"},"modified":"2022-01-27T10:12:36","modified_gmt":"2022-01-27T09:12:36","slug":"et-si-vous-faisiez-connaissance-avec-la-fille-de-la-comtesse-de-segur-via-dpf-et-les-editions-de-chire","status":"publish","type":"post","link":"https:\/\/charte-fontevrault-providentialisme.fr\/index.php\/2022\/01\/27\/et-si-vous-faisiez-connaissance-avec-la-fille-de-la-comtesse-de-segur-via-dpf-et-les-editions-de-chire\/","title":{"rendered":"Et si vous faisiez connaissance avec la fille de la Comtesse de S\u00e9gur via  DPF et les \u00e9ditions de Chir\u00e9."},"content":{"rendered":"<div id=\"attachment_45045\" style=\"width: 232px\" class=\"wp-caption alignleft\"><img loading=\"lazy\" decoding=\"async\" aria-describedby=\"caption-attachment-45045\" class=\"wp-image-45045\" src=\"https:\/\/charte-fontevrault-providentialisme.fr\/wp-content\/uploads\/2022\/01\/I-Moyenne-32190-le-chevalier-du-dimanche.net_.jpg\" alt=\"\" width=\"222\" height=\"351\" \/><p id=\"caption-attachment-45045\" class=\"wp-caption-text\"><strong>http:\/\/www.chire.fr\/A-207381-le-chevalier-du-dimanche.aspx<\/strong><\/p><\/div>\n<p><strong>Ouvrage recommand\u00e9\u00a0 par l&#8217;\u00e9diteur \u00e0 partir de 12 ans<\/strong><\/p>\n<p><span id=\"lbl_001\">Lorsque Monsieur G\u00e9rin, patron du &#8220;Grand Turenne,&#8221; d\u00e9cide d&#8217;ouvrir ses magasins le dimanche, un cas de conscience se pose \u00e0 son jeune comptable, Renni\u00e8re : va-t-il ob\u00e9ir, contre son devoir de chr\u00e9tien, ou prendra-t-il le risque de d\u00e9cevoir gravement son patron ? Le dilemme est d&#8217;autant plus difficile \u00e0 r\u00e9soudre que le jeune homme se sait li\u00e9, vis \u00e0 vis de G\u00e9rin, par une dette de reconnaissance que celui-ci ignore.\u00a0 \u00a0 \u00a0 \u00a0 \u00a0 \u00a0 \u00a0 \u00a0 \u00a0 \u00a0 \u00a0 \u00a0 \u00a0 \u00a0 \u00a0 \u00a0 \u00a0 \u00a0 \u00a0 \u00a0 \u00a0 \u00a0 <\/span><\/p>\n<p><span id=\"lbl_001\">\u00a0 \u00a0 Quelle est donc l&#8217;origine de cette dette \u00e0 laquelle Renni\u00e8re a sacrifi\u00e9 jusqu&#8217;\u00e0 sa carri\u00e8re de peintre, qui s&#8217;annon\u00e7ait brillante ? Et comment pourra-t-il s&#8217;en acquitter, alors m\u00eame que le voil\u00e0 oblig\u00e9 de s&#8217;opposer \u00e0 son bienfaiteur ?<br \/>\nLes lecteurs se passionneront pour les multiples rebondissements de ce roman, qui en rendront la lecture attrayante pour les gar\u00e7ons comme pour les filles.<\/span><\/p>\n<p>Fran\u00e7ois-Xavier d&#8217;<em>Hautefeuille<\/em><\/p>\n<p><strong>https:\/\/fr.wikipedia.org\/wiki\/Olga_de_Pitray\u00a0 \u00a0 \u00a0 \u00a0 \u00a0 \u00a0 \u00a0 \u00a0 \u00a0 \u00a0 \u00a0 \u00a0 \u00a0 \u00a0 \u00a0 \u00a0 \u00a0 \u00a0 \u00a0 \u00a0 \u00a0 \u00a0 \u00a0 https:\/\/fr.wikipedia.org\/wiki\/\u00c9ditions_de_Chir\u00e9<\/strong><\/p>\n","protected":false},"excerpt":{"rendered":"<p>Ouvrage recommand\u00e9\u00a0 par l&#8217;\u00e9diteur \u00e0 partir de 12 ans Lorsque Monsieur G\u00e9rin, patron du &#8220;Grand Turenne,&#8221; d\u00e9cide d&#8217;ouvrir ses magasins le dimanche, un cas de conscience se pose \u00e0 son&#8230; <a href=\"https:\/\/charte-fontevrault-providentialisme.fr\/index.php\/2022\/01\/27\/et-si-vous-faisiez-connaissance-avec-la-fille-de-la-comtesse-de-segur-via-dpf-et-les-editions-de-chire\/\">Cliquez pour lire davantage &raquo;<\/a><\/p>\n","protected":false},"author":2,"featured_media":0,"comment_status":"open","ping_status":"open","sticky":false,"template":"","format":"standard","meta":{"footnotes":""},"categories":[26],"tags":[4592,5699,7457,9341,31411,31412],"class_list":["post-45044","post","type-post","status-publish","format-standard","hentry","category-societe-traditionnelle","tag-comtesse-de-segur","tag-dpf-editions-de-chire-b-p-1-86190-chire-en-montreuil","tag-francois-xavier-dhautefeuille","tag-http-fr-wikipedia-org","tag-olga-de-pitray-1835-19200","tag-ouvrage-le-chevalier-du-dimanche"],"_links":{"self":[{"href":"https:\/\/charte-fontevrault-providentialisme.fr\/index.php\/wp-json\/wp\/v2\/posts\/45044","targetHints":{"allow":["GET"]}}],"collection":[{"href":"https:\/\/charte-fontevrault-providentialisme.fr\/index.php\/wp-json\/wp\/v2\/posts"}],"about":[{"href":"https:\/\/charte-fontevrault-providentialisme.fr\/index.php\/wp-json\/wp\/v2\/types\/post"}],"author":[{"embeddable":true,"href":"https:\/\/charte-fontevrault-providentialisme.fr\/index.php\/wp-json\/wp\/v2\/users\/2"}],"replies":[{"embeddable":true,"href":"https:\/\/charte-fontevrault-providentialisme.fr\/index.php\/wp-json\/wp\/v2\/comments?post=45044"}],"version-history":[{"count":5,"href":"https:\/\/charte-fontevrault-providentialisme.fr\/index.php\/wp-json\/wp\/v2\/posts\/45044\/revisions"}],"predecessor-version":[{"id":45053,"href":"https:\/\/charte-fontevrault-providentialisme.fr\/index.php\/wp-json\/wp\/v2\/posts\/45044\/revisions\/45053"}],"wp:attachment":[{"href":"https:\/\/charte-fontevrault-providentialisme.fr\/index.php\/wp-json\/wp\/v2\/media?parent=45044"}],"wp:term":[{"taxonomy":"category","embeddable":true,"href":"https:\/\/charte-fontevrault-providentialisme.fr\/index.php\/wp-json\/wp\/v2\/categories?post=45044"},{"taxonomy":"post_tag","embeddable":true,"href":"https:\/\/charte-fontevrault-providentialisme.fr\/index.php\/wp-json\/wp\/v2\/tags?post=45044"}],"curies":[{"name":"wp","href":"https:\/\/api.w.org\/{rel}","templated":true}]}}