{"id":45126,"date":"2022-02-04T10:32:39","date_gmt":"2022-02-04T09:32:39","guid":{"rendered":"https:\/\/charte-fontevrault-providentialisme.fr\/?p=45126"},"modified":"2022-02-04T11:00:03","modified_gmt":"2022-02-04T10:00:03","slug":"11-12-et-13-mars-2022-rencontres-johanniques-a-labbaye-de-seuilly-indre-et-loire","status":"publish","type":"post","link":"https:\/\/charte-fontevrault-providentialisme.fr\/index.php\/2022\/02\/04\/11-12-et-13-mars-2022-rencontres-johanniques-a-labbaye-de-seuilly-indre-et-loire\/","title":{"rendered":"11, 12 et 13 Mars 2022. Rencontres -Johanniques- \u00e0 l\u2019abbaye de Seuilly (Indre-et-Loire)"},"content":{"rendered":"<p><em><strong> \u00a0Ces journ\u00e9es sont organis\u00e9es pour comm\u00e9morer le centenaire de la double proclamation du Pape Pie XI, le 22 mars 1922, de la Tr\u00e8s Sainte Vierge Marie comme patronne principale de la France, et de Jeanne la Pucelle comme sa patronne secondaire.<\/strong><\/em><\/p>\n<p><em><span style=\"font-family: 'arial black', sans-serif;\">Chers amis<\/span>,,<\/em><\/p>\n<p><em><span style=\"font-family: 'arial black', sans-serif;\">\u00a0 \u00a0 la pand\u00e9mie et\u00a0 son cort\u00e8ge d&#8217;annulations subs\u00e9quentes de manifestations johanniques avait d\u00e9sol\u00e9 les\u00a0 amateurs de comm\u00e9morations johanniques<\/span><\/em><\/p>\n<ul>\n<li><strong>(2021)<\/strong> Mort\u00a0 sur le b\u00fbcher de la pucelle d&#8217;Orl\u00e9ans\u00a0 le 30 mai 1431<\/li>\n<li><strong>(2020)<\/strong> Canonisation de Jeanne d\u2019Arc, le 16 mai 1920, par le pape Beno\u00eet XV<\/li>\n<li><strong>(2020)<\/strong> loi du 10 juillet 1920 qui institue la F\u00eate nationale de Jeanne d\u2019Arc et du patriotisme.<\/li>\n<li><span style=\"font-size: 18pt;\"><strong><strong>(2022)\u00a0 22 mars <em>double proclamation du Pape Pie XI ( voir ci-dessus)\u00a0 ; <\/em><\/strong><\/strong>Texte complet de cette proclamation<\/span> :\n<div class=\"page\" title=\"Page 1\">\n<div class=\"section\">\n<div class=\"layoutArea\">\n<div class=\"column\">\n<p><em><span style=\"font-size: 14pt;\">Lettre apostolique Galliam, Ecclesiae filiam primogenitam,<\/span><\/em><\/p>\n<\/div>\n<\/div>\n<\/div>\n<\/div>\n<\/li>\n<li><span style=\"font-size: 14pt;\"><strong><a href=\"https:\/\/www.corse.catholique.fr\/wp-content\/uploads\/sites\/17\/2016\/12\/Notre-Dame-de-lAssomption-proclamee-patronne-pricipale-de-la-France-Pie-XI-22-mars-1922.pdf\">https:\/\/www.corse.catholique.fr\/wp-content\/uploads\/sites\/17\/2016\/12\/Notre-Dame-de-lAssomption-proclamee-patronne-pricipale-de-la-France-Pie-XI-22-mars-1922.pdf<\/a><\/strong><\/span><\/li>\n<li>\u00a0 \u00a0 \u00a0 \u00a0 \u00a0 \u00a0 \u00a0 \u00a0 \u00a0 \u00a0 \u00a0 \u00a0 \u00a0 \u00a0 \u00a0 \u00a0 \u00a0 \u00a0 \u00a0 \u00a0 \u00a0 \u00a0 \u00a0 \u00a0 \u00a0 \u00a0 \u00a0 \u00a0 \u00a0 \u00a0 *&#8212;&#8212;&#8212;&#8212;&#8212;&#8212;&#8211; *<\/li>\n<\/ul>\n<p><span style=\"font-size: 10pt;\"><em>\u00a0 \u00a0 M\u00eame si\u00a0 Orl\u00e9ans avait\u00a0 tenu \u00e0 redresser\u00a0 l&#8217;\u00e9tendart des\u00a0 comm\u00e9morations\u00a0 un temps courb\u00e9 par le vent mauvais du COVID et des approximations\u00a0 gouvernementales.\u00a0 \u00a0 \u00a0 \u00a0 \u00a0 \u00a0 \u00a0 \u00a0 \u00a0 \u00a0 \u00a0 \u00a0 \u00a0 \u00a0 \u00a0 \u00a0 \u00a0 \u00a0 \u00a0 \u00a0 \u00a0 \u00a0 \u00a0 \u00a0 \u00a0 \u00a0<\/em>\u00a0<strong>https:\/\/www.orleans-metropole.fr\/actualites\/detail\/fetes-de-jeanne-darc-une-edition-2020-au-format-repense#:~:text=Le%20confinement%2C%20en%20vigueur%20jusqu,d%27un%20contexte%20sanitaire%20fragile.<\/strong><\/span><\/p>\n<p><strong>\u00a0 \u00a0 \u00a0 \u00a0 \u00a0 \u00a0 \u00a0 \u00a0Heureusement\u00a0 , le Ciel et nos amis d&#8217;ici-bas veillaient.<\/strong><\/p>\n<p><img loading=\"lazy\" decoding=\"async\" class=\"aligncenter wp-image-45127 size-large\" src=\"https:\/\/charte-fontevrault-providentialisme.fr\/wp-content\/uploads\/2022\/02\/Capture-de\u0301cran-2022-02-04-a\u0300-08.48.07-1024x709.png\" alt=\"\" width=\"625\" height=\"433\" srcset=\"https:\/\/charte-fontevrault-providentialisme.fr\/wp-content\/uploads\/2022\/02\/Capture-de\u0301cran-2022-02-04-a\u0300-08.48.07-1024x709.png 1024w, https:\/\/charte-fontevrault-providentialisme.fr\/wp-content\/uploads\/2022\/02\/Capture-de\u0301cran-2022-02-04-a\u0300-08.48.07-300x208.png 300w, https:\/\/charte-fontevrault-providentialisme.fr\/wp-content\/uploads\/2022\/02\/Capture-de\u0301cran-2022-02-04-a\u0300-08.48.07-768x532.png 768w, https:\/\/charte-fontevrault-providentialisme.fr\/wp-content\/uploads\/2022\/02\/Capture-de\u0301cran-2022-02-04-a\u0300-08.48.07-1536x1064.png 1536w, https:\/\/charte-fontevrault-providentialisme.fr\/wp-content\/uploads\/2022\/02\/Capture-de\u0301cran-2022-02-04-a\u0300-08.48.07-2048x1419.png 2048w, https:\/\/charte-fontevrault-providentialisme.fr\/wp-content\/uploads\/2022\/02\/Capture-de\u0301cran-2022-02-04-a\u0300-08.48.07-624x432.png 624w, https:\/\/charte-fontevrault-providentialisme.fr\/wp-content\/uploads\/2022\/02\/Capture-de\u0301cran-2022-02-04-a\u0300-08.48.07-1320x915.png 1320w\" sizes=\"auto, (max-width: 625px) 100vw, 625px\" \/><img loading=\"lazy\" decoding=\"async\" class=\"aligncenter wp-image-45128 size-large\" src=\"https:\/\/charte-fontevrault-providentialisme.fr\/wp-content\/uploads\/2022\/02\/Capture-de\u0301cran-2022-02-04-a\u0300-08.48.47-1024x710.png\" alt=\"\" width=\"625\" height=\"433\" srcset=\"https:\/\/charte-fontevrault-providentialisme.fr\/wp-content\/uploads\/2022\/02\/Capture-de\u0301cran-2022-02-04-a\u0300-08.48.47-1024x710.png 1024w, https:\/\/charte-fontevrault-providentialisme.fr\/wp-content\/uploads\/2022\/02\/Capture-de\u0301cran-2022-02-04-a\u0300-08.48.47-300x208.png 300w, https:\/\/charte-fontevrault-providentialisme.fr\/wp-content\/uploads\/2022\/02\/Capture-de\u0301cran-2022-02-04-a\u0300-08.48.47-768x533.png 768w, https:\/\/charte-fontevrault-providentialisme.fr\/wp-content\/uploads\/2022\/02\/Capture-de\u0301cran-2022-02-04-a\u0300-08.48.47-1536x1065.png 1536w, https:\/\/charte-fontevrault-providentialisme.fr\/wp-content\/uploads\/2022\/02\/Capture-de\u0301cran-2022-02-04-a\u0300-08.48.47-2048x1420.png 2048w, https:\/\/charte-fontevrault-providentialisme.fr\/wp-content\/uploads\/2022\/02\/Capture-de\u0301cran-2022-02-04-a\u0300-08.48.47-624x433.png 624w, https:\/\/charte-fontevrault-providentialisme.fr\/wp-content\/uploads\/2022\/02\/Capture-de\u0301cran-2022-02-04-a\u0300-08.48.47-1320x915.png 1320w\" sizes=\"auto, (max-width: 625px) 100vw, 625px\" \/><\/p>\n","protected":false},"excerpt":{"rendered":"<p>\u00a0Ces journ\u00e9es sont organis\u00e9es pour comm\u00e9morer le centenaire de la double proclamation du Pape Pie XI, le 22 mars 1922, de la Tr\u00e8s Sainte Vierge Marie comme patronne principale de&#8230; <a href=\"https:\/\/charte-fontevrault-providentialisme.fr\/index.php\/2022\/02\/04\/11-12-et-13-mars-2022-rencontres-johanniques-a-labbaye-de-seuilly-indre-et-loire\/\">Cliquez pour lire davantage &raquo;<\/a><\/p>\n","protected":false},"author":2,"featured_media":0,"comment_status":"open","ping_status":"open","sticky":false,"template":"","format":"standard","meta":{"footnotes":""},"categories":[31069,12],"tags":[31441,228,31417,31440,31418,21167],"class_list":["post-45126","post","type-post","status-publish","format-standard","hentry","category-action-memorielle","category-blogs-et-sites-providentialistes","tag-1922-22-mars-tsvm-patronne-principale-de-la-france","tag-1922-22-mars-jeanne-darc-patronne-secondaire-de-la-france","tag-abbaye-de-seuilly-indre-et-loire","tag-lettre-apostolique-galliam-ecclesiae-filiam-primogenitam","tag-pape-pie-xi-1876-1899","tag-pucelle-dorleans-et-non-jeanne-darc"],"_links":{"self":[{"href":"https:\/\/charte-fontevrault-providentialisme.fr\/index.php\/wp-json\/wp\/v2\/posts\/45126","targetHints":{"allow":["GET"]}}],"collection":[{"href":"https:\/\/charte-fontevrault-providentialisme.fr\/index.php\/wp-json\/wp\/v2\/posts"}],"about":[{"href":"https:\/\/charte-fontevrault-providentialisme.fr\/index.php\/wp-json\/wp\/v2\/types\/post"}],"author":[{"embeddable":true,"href":"https:\/\/charte-fontevrault-providentialisme.fr\/index.php\/wp-json\/wp\/v2\/users\/2"}],"replies":[{"embeddable":true,"href":"https:\/\/charte-fontevrault-providentialisme.fr\/index.php\/wp-json\/wp\/v2\/comments?post=45126"}],"version-history":[{"count":7,"href":"https:\/\/charte-fontevrault-providentialisme.fr\/index.php\/wp-json\/wp\/v2\/posts\/45126\/revisions"}],"predecessor-version":[{"id":45139,"href":"https:\/\/charte-fontevrault-providentialisme.fr\/index.php\/wp-json\/wp\/v2\/posts\/45126\/revisions\/45139"}],"wp:attachment":[{"href":"https:\/\/charte-fontevrault-providentialisme.fr\/index.php\/wp-json\/wp\/v2\/media?parent=45126"}],"wp:term":[{"taxonomy":"category","embeddable":true,"href":"https:\/\/charte-fontevrault-providentialisme.fr\/index.php\/wp-json\/wp\/v2\/categories?post=45126"},{"taxonomy":"post_tag","embeddable":true,"href":"https:\/\/charte-fontevrault-providentialisme.fr\/index.php\/wp-json\/wp\/v2\/tags?post=45126"}],"curies":[{"name":"wp","href":"https:\/\/api.w.org\/{rel}","templated":true}]}}