{"id":45487,"date":"2022-02-28T10:32:15","date_gmt":"2022-02-28T09:32:15","guid":{"rendered":"https:\/\/charte-fontevrault-providentialisme.fr\/?p=45487"},"modified":"2022-02-28T10:11:27","modified_gmt":"2022-02-28T09:11:27","slug":"la-restauration-a-lecole-de-la-republique","status":"publish","type":"post","link":"https:\/\/charte-fontevrault-providentialisme.fr\/index.php\/2022\/02\/28\/la-restauration-a-lecole-de-la-republique\/","title":{"rendered":"La Restauration \u00e0 l&#8217;\u00e9cole de la r\u00e9publique."},"content":{"rendered":"<p><img loading=\"lazy\" decoding=\"async\" class=\"aligncenter wp-image-45488 size-large\" src=\"https:\/\/charte-fontevrault-providentialisme.fr\/wp-content\/uploads\/2022\/02\/Capture-de\u0301cran-2022-02-26-a\u0300-14.47.36-1024x902.png\" alt=\"\" width=\"625\" height=\"551\" srcset=\"https:\/\/charte-fontevrault-providentialisme.fr\/wp-content\/uploads\/2022\/02\/Capture-de\u0301cran-2022-02-26-a\u0300-14.47.36-1024x902.png 1024w, https:\/\/charte-fontevrault-providentialisme.fr\/wp-content\/uploads\/2022\/02\/Capture-de\u0301cran-2022-02-26-a\u0300-14.47.36-300x264.png 300w, https:\/\/charte-fontevrault-providentialisme.fr\/wp-content\/uploads\/2022\/02\/Capture-de\u0301cran-2022-02-26-a\u0300-14.47.36-768x676.png 768w, https:\/\/charte-fontevrault-providentialisme.fr\/wp-content\/uploads\/2022\/02\/Capture-de\u0301cran-2022-02-26-a\u0300-14.47.36-1536x1353.png 1536w, https:\/\/charte-fontevrault-providentialisme.fr\/wp-content\/uploads\/2022\/02\/Capture-de\u0301cran-2022-02-26-a\u0300-14.47.36-624x550.png 624w, https:\/\/charte-fontevrault-providentialisme.fr\/wp-content\/uploads\/2022\/02\/Capture-de\u0301cran-2022-02-26-a\u0300-14.47.36-1320x1162.png 1320w, https:\/\/charte-fontevrault-providentialisme.fr\/wp-content\/uploads\/2022\/02\/Capture-de\u0301cran-2022-02-26-a\u0300-14.47.36.png 2028w\" sizes=\"auto, (max-width: 625px) 100vw, 625px\" \/><\/p>\n<div id=\"attachment_45489\" style=\"width: 635px\" class=\"wp-caption aligncenter\"><img loading=\"lazy\" decoding=\"async\" aria-describedby=\"caption-attachment-45489\" class=\"wp-image-45489 size-large\" src=\"https:\/\/charte-fontevrault-providentialisme.fr\/wp-content\/uploads\/2022\/02\/Capture-de\u0301cran-2022-02-26-a\u0300-14.47.51-1024x749.png\" alt=\"\" width=\"625\" height=\"457\" srcset=\"https:\/\/charte-fontevrault-providentialisme.fr\/wp-content\/uploads\/2022\/02\/Capture-de\u0301cran-2022-02-26-a\u0300-14.47.51-1024x749.png 1024w, https:\/\/charte-fontevrault-providentialisme.fr\/wp-content\/uploads\/2022\/02\/Capture-de\u0301cran-2022-02-26-a\u0300-14.47.51-300x219.png 300w, https:\/\/charte-fontevrault-providentialisme.fr\/wp-content\/uploads\/2022\/02\/Capture-de\u0301cran-2022-02-26-a\u0300-14.47.51-768x562.png 768w, https:\/\/charte-fontevrault-providentialisme.fr\/wp-content\/uploads\/2022\/02\/Capture-de\u0301cran-2022-02-26-a\u0300-14.47.51-1536x1123.png 1536w, https:\/\/charte-fontevrault-providentialisme.fr\/wp-content\/uploads\/2022\/02\/Capture-de\u0301cran-2022-02-26-a\u0300-14.47.51-624x456.png 624w, https:\/\/charte-fontevrault-providentialisme.fr\/wp-content\/uploads\/2022\/02\/Capture-de\u0301cran-2022-02-26-a\u0300-14.47.51-1320x965.png 1320w, https:\/\/charte-fontevrault-providentialisme.fr\/wp-content\/uploads\/2022\/02\/Capture-de\u0301cran-2022-02-26-a\u0300-14.47.51.png 2016w\" sizes=\"auto, (max-width: 625px) 100vw, 625px\" \/><p id=\"caption-attachment-45489\" class=\"wp-caption-text\"><span style=\"font-size: 14pt;\"><strong>https:\/\/www.demainlamonarchie.com\/actualite<\/strong><\/span><\/p><\/div>\n","protected":false},"excerpt":{"rendered":"","protected":false},"author":2,"featured_media":0,"comment_status":"open","ping_status":"open","sticky":false,"template":"","format":"standard","meta":{"footnotes":""},"categories":[18,22,26],"tags":[22311,22789,23190],"class_list":["post-45487","post","type-post","status-publish","format-standard","hentry","category-familles-royales-francaises-et-etrangeres","category-rois-et-reines-de-france","category-societe-traditionnelle","tag-restauration-1814-1830","tag-roi-charles-x-de-france-et-de-navarre-1757-1836","tag-roi-louis-xviii-de-france-1755-1824-et-de-navarre-dit-le-desire"],"_links":{"self":[{"href":"https:\/\/charte-fontevrault-providentialisme.fr\/index.php\/wp-json\/wp\/v2\/posts\/45487","targetHints":{"allow":["GET"]}}],"collection":[{"href":"https:\/\/charte-fontevrault-providentialisme.fr\/index.php\/wp-json\/wp\/v2\/posts"}],"about":[{"href":"https:\/\/charte-fontevrault-providentialisme.fr\/index.php\/wp-json\/wp\/v2\/types\/post"}],"author":[{"embeddable":true,"href":"https:\/\/charte-fontevrault-providentialisme.fr\/index.php\/wp-json\/wp\/v2\/users\/2"}],"replies":[{"embeddable":true,"href":"https:\/\/charte-fontevrault-providentialisme.fr\/index.php\/wp-json\/wp\/v2\/comments?post=45487"}],"version-history":[{"count":3,"href":"https:\/\/charte-fontevrault-providentialisme.fr\/index.php\/wp-json\/wp\/v2\/posts\/45487\/revisions"}],"predecessor-version":[{"id":45516,"href":"https:\/\/charte-fontevrault-providentialisme.fr\/index.php\/wp-json\/wp\/v2\/posts\/45487\/revisions\/45516"}],"wp:attachment":[{"href":"https:\/\/charte-fontevrault-providentialisme.fr\/index.php\/wp-json\/wp\/v2\/media?parent=45487"}],"wp:term":[{"taxonomy":"category","embeddable":true,"href":"https:\/\/charte-fontevrault-providentialisme.fr\/index.php\/wp-json\/wp\/v2\/categories?post=45487"},{"taxonomy":"post_tag","embeddable":true,"href":"https:\/\/charte-fontevrault-providentialisme.fr\/index.php\/wp-json\/wp\/v2\/tags?post=45487"}],"curies":[{"name":"wp","href":"https:\/\/api.w.org\/{rel}","templated":true}]}}