{"id":46113,"date":"2022-04-16T10:32:28","date_gmt":"2022-04-16T08:32:28","guid":{"rendered":"https:\/\/charte-fontevrault-providentialisme.fr\/?p=46113"},"modified":"2022-04-16T09:57:55","modified_gmt":"2022-04-16T07:57:55","slug":"les-origines-angevines-de-la-peut-etre-mal-nommee-croix-de-lorraine","status":"publish","type":"post","link":"https:\/\/charte-fontevrault-providentialisme.fr\/index.php\/2022\/04\/16\/les-origines-angevines-de-la-peut-etre-mal-nommee-croix-de-lorraine\/","title":{"rendered":"Les origines angevines de la peut-\u00eatre mal nomm\u00e9e &#8220;Croix de Lorraine&#8221;"},"content":{"rendered":"<div class=\"text_post_block\">\n<p>&nbsp;<\/p>\n<div class=\"scale_image_container\">\n<div style=\"width: 497px\" class=\"wp-caption aligncenter\"><img loading=\"lazy\" decoding=\"async\" class=\"scale_image twic-done\" src=\"https:\/\/jaimemonpatrimoine.twic.pics\/images\/FO_Gallery\/22677600056-42a215c442-k_1495038012.jpg?twic=v1\/cover=1230x756\" alt=\"\" width=\"487\" height=\"299\" data-twic-src=\"image:images\/FO_Gallery\/22677600056-42a215c442-k_1495038012.jpg\" \/><p class=\"wp-caption-text\"><span style=\"font-size: 12pt;\">\u00a0 \u00a0<span style=\"color: #ff6600;\">Une croix \u00e9troitement li\u00e9e au g\u00e9n\u00e9ral de Gaulle et \u00e0 la R\u00e9sistance.<\/span><\/span><\/p><\/div>\n<\/div>\n<\/div>\n<div class=\"text_post_section\">\n<div class=\"img_position_left\">\n<div>\n<div style=\"width: 432px\" class=\"wp-caption aligncenter\"><img loading=\"lazy\" decoding=\"async\" class=\"twic-done\" src=\"https:\/\/jaimemonpatrimoine.twic.pics\/images\/FO_Gallery\/croixdelorraine_1495038012.jpg?twic=v1\/max=720\" alt=\"\" width=\"422\" height=\"281\" data-twic-src=\"image:images\/FO_Gallery\/croixdelorraine_1495038012.jpg\" \/><p class=\"wp-caption-text\"><span style=\"color: #ff6600;\">\u00a0 \u00a0 \u00a0 <span style=\"font-size: 10pt;\">Pavillon de beaupr\u00e9 des b\u00e2timents des Forces navales fran\u00e7aises libres<\/span><\/span><span style=\"color: #0000ff; font-size: 10pt;\"> https:\/\/fr.wikipedia.org\/wiki\/Pavillon_de_beaupr\u00e9#\/media\/Fichier:Naval_Jack_of_Free_France.svg\u00a0<\/span><\/p><\/div>\n<\/div>\n<div class=\"button button_type_3\"><\/div>\n<\/div>\n<p class=\"rtejustify\"><span style=\"font-size: 12pt;\">\u00a0 <span style=\"color: #008000;\">\u00a0 \u00a0La croix de Lorraine est d\u00e9sormais <strong>attach\u00e9e au g\u00e9n\u00e9ral de Gaulle et \u00e0 la r\u00e9sistance pendant la Seconde Guerre Mondiale.<\/strong> Un sp\u00e9cimen monumental de cette croix domine d&#8217;ailleurs la r\u00e9gion de Colombey-les-Deux-\u00c9glises, terre d&#8217;adoption de la famille de Gaulle. Mais savez-vous quelle est l&#8217;histoire de cette croix ?<\/span><\/span><\/p>\n<p class=\"rtejustify\"><span style=\"font-size: 12pt; color: #008000;\">\u00a0 \u00a0 \u00a0 C\u2019est en<strong> juillet 1940<\/strong> que le <a style=\"color: #008000;\" href=\"https:\/\/www.jaimemonpatrimoine.fr\/fr\/module\/81\/1892\/sur-les-traces-du-general-de-gaulle-\" target=\"_blank\" rel=\"noopener\">g\u00e9n\u00e9ral de Gaulle<\/a>, en concertation avec l\u2019amiral Georges Thierry d\u2019Argenlieu et le vice-amiral \u00c9mile Muselier, adopte la croix de Lorraine comme <strong>symbole de leur mouvement de r\u00e9sistance.<\/strong><\/span><\/p>\n<\/div>\n<div class=\"text_post_block\">\n<h2 class=\"section_title section_title_small\">Un symbole de la France<\/h2>\n<\/div>\n<div class=\"clearfix\"><\/div>\n<div class=\"text_post_section\">\n<div class=\"img_position_right\">\n<div>\n<div style=\"width: 342px\" class=\"wp-caption alignnone\"><img loading=\"lazy\" decoding=\"async\" class=\"twic-done\" src=\"https:\/\/jaimemonpatrimoine.twic.pics\/images\/FO_Gallery\/croix-danjou-petit-crop_1588606662.jpg?twic=v1\/max=720\" alt=\"\" width=\"332\" height=\"316\" data-twic-src=\"image:images\/FO_Gallery\/croix-danjou-petit-crop_1588606662.jpg\" \/><p class=\"wp-caption-text\"><span style=\"color: #ff00ff; font-size: 12pt;\">\u00a0 \u00a0<span style=\"color: #ff6600;\"> \u00a0<span style=\"font-size: 10pt;\"> \u00a0 Croix d&#8217;Anjou conserv\u00e9e par les s\u0153urs de la Girouardi\u00e8re \u00e0 Baug\u00e9-en-Anjou<\/span><\/span><\/span><\/p><\/div>\n<\/div>\n<div><\/div>\n<\/div>\n<p class=\"rtejustify\"><span style=\"font-size: 12pt; color: #008000;\">C\u2019est en cherchant <strong>un symbole \u00e0 opposer \u00e0 la croix gamm\u00e9e nazie<\/strong> que la croix de Lorraine s\u2019est impos\u00e9e. Muselier, dont le p\u00e8re est originaire de Lorraine, propose cette croix qui orne \u00e9galement l\u2019insigne du 507e r\u00e9giment de chars de combat dont <a style=\"color: #008000;\" href=\"https:\/\/www.jaimemonpatrimoine.fr\/fr\/module\/81\/1892\/sur-les-traces-du-general-de-gaulle-\" target=\"_blank\" rel=\"noopener\">de Gaulle<\/a> est colonel de 1937 \u00e0 1939.<\/span><\/p>\n<p class=\"rtejustify\"><span style=\"font-size: 12pt; color: #008000;\">Pendant la <strong><a style=\"color: #008000;\" href=\"https:\/\/www.jaimemonpatrimoine.fr\/fr\/module\/81\/1365\/le-ba-ba-de-l-histoire-de-france-du-ce2-au-cm2-vol-4-du-xxeme-siecle-a-nos-jours\" target=\"_blank\" rel=\"noopener\">Deuxi\u00e8me Guerre mondiale<\/a>,<\/strong> cette croix est arbor\u00e9e, avec les <strong>couleurs de la France,<\/strong> sur les navires, chars puis combattants de la France Libre.<\/span><\/p>\n<p class=\"rtejustify\"><span style=\"font-size: 12pt;\"><span style=\"color: #008000;\">\u00c0 l\u2019origine, <strong>la croix de Lorraine est aussi appel\u00e9e croix d\u2019Anjou.<\/strong> En effet, elle figure un reliquaire \u00e0 double croisillon contenant des morceaux de la Vraie Croix. Ramen\u00e9, au <strong>XIIIe si\u00e8cle<\/strong>, par le chevalier d\u2019Alluye de retour de croisade, ce reliquaire est <\/span><strong><span style=\"color: #008000;\">conser<\/span>v\u00e9<span style=\"color: #008000;\"> par les cisterciens de l\u2019abbaye de la Boissi\u00e8re<\/span><\/strong><span style=\"color: #008000;\"> dans le <a style=\"color: #008000;\" href=\"https:\/\/www.jaimemonpatrimoine.fr\/fr\/module\/85\/103\/maine-et-loire\" target=\"_blank\" rel=\"noopener\">Maine-et-Loire<\/a>.<\/span><\/span><\/p>\n<h1 class=\"entry-title\"><span style=\"color: #ff6600; font-size: 12pt;\">Pour plus de d\u00e9tails\u00a0 , voir sur ce\u00a0 blog\u00a0 ci\u00a0 l&#8217;analyse\u00a0 de Marie- Agn\u00e9s Lacour, notre z\u00e9l\u00e9e correspondante Anjou-Touraine de la Charte de Fontevrault\u00a0 :<\/span><\/h1>\n<p><span style=\"font-size: 12pt;\"><strong>Voir\u00a0<\/strong>:<span style=\"color: #0000ff;\"> https:\/\/charte-fontevrault-providentialisme.fr\/index.php\/2020\/11\/28\/anne-de-la-girouardiere-et-les-filles-du-coeur-de-marie-de-bauge-maine-et-loire-gardiennes-dune-relique-de-la-vraie-croix\/<\/span><\/span><\/p>\n<blockquote class=\"wp-embedded-content\" data-secret=\"TWxV3tN9nm\"><p><a href=\"https:\/\/charte-fontevrault-providentialisme.fr\/index.php\/2020\/11\/28\/anne-de-la-girouardiere-et-les-filles-du-coeur-de-marie-de-bauge-maine-et-loire-gardiennes-dune-relique-de-la-vraie-croix\/\">Anne de La  Girouardi\u00e8re et les Filles du Coeur de Marie de Baug\u00e9 (Maine-et-Loire) gardiennes d&rsquo;une relique de la vraie Croix<\/a><\/p><\/blockquote>\n<p><iframe loading=\"lazy\" class=\"wp-embedded-content\" sandbox=\"allow-scripts\" security=\"restricted\" style=\"position: absolute; visibility: hidden;\" title=\"\u00ab\u00a0Anne de La  Girouardi\u00e8re et les Filles du Coeur de Marie de Baug\u00e9 (Maine-et-Loire) gardiennes d&rsquo;une relique de la vraie Croix\u00a0\u00bb &#8212; Charte de Fontevrault et Royalisme providentialiste\" src=\"https:\/\/charte-fontevrault-providentialisme.fr\/index.php\/2020\/11\/28\/anne-de-la-girouardiere-et-les-filles-du-coeur-de-marie-de-bauge-maine-et-loire-gardiennes-dune-relique-de-la-vraie-croix\/embed\/#?secret=S5MEkOCPe4#?secret=TWxV3tN9nm\" data-secret=\"TWxV3tN9nm\" width=\"600\" height=\"338\" frameborder=\"0\" marginwidth=\"0\" marginheight=\"0\" scrolling=\"no\"><\/iframe><\/p>\n<\/div>\n<div class=\"text_post_block\">\n<h2 class=\"section_title section_title_small\">Les origines de la croix de Lorraine<\/h2>\n<\/div>\n<div class=\"text_post_section\">\n<p class=\"rtejustify\"><span style=\"font-size: 12pt; color: #008000;\">Au si\u00e8cle suivant, les moines menac\u00e9s par la <a style=\"color: #008000;\" href=\"https:\/\/www.jaimemonpatrimoine.fr\/fr\/module\/81\/894\/infographie-l-epopee-de-jeanne-d-arc\" target=\"_blank\" rel=\"noopener\">Guerre de Cent Ans,<\/a> se r\u00e9fugient \u00e0 Angers o\u00f9 ils emportent le<strong> reliquaire de la Vraie Croix, v\u00e9n\u00e9r\u00e9 par Louis Ier d\u2019Anjou.<\/strong> Il fait broder sur sa banni\u00e8re la repr\u00e9sentation de cet objet de d\u00e9votion qui entre alors dans les armes familiales. C\u2019est la croix d\u2019Anjou.<\/span><\/p>\n<p class=\"rtejustify\"><span style=\"font-size: 12pt; color: #008000;\">Par le jeu des alliances, son petit-fils, <strong>le roi Ren\u00e9, devient \u00e9galement duc de Lorraine et importe dans cette r\u00e9gion la croix d\u2019Anjou<\/strong>.<\/span><\/p>\n<p class=\"rtejustify\"><span style=\"font-size: 12pt; color: #008000;\">Mais c\u2019est le petit-fils de ce dernier, <strong>Ren\u00e9 II, qui impose ce symbole<\/strong> en Lorraine. La double croix en \u00e9tendard,<strong> il bat les Bourguignons de Charles le T\u00e9m\u00e9raire et leur croix de Saint-Andr\u00e9,<\/strong> pr\u00e8s de Nancy,\u00a0en 1477. La croix d&#8217;Anjou devient ainsi embl\u00e8me de la Lorraine.<\/span><\/p>\n<p><span style=\"color: #0000ff; font-size: 12pt;\">https:\/\/www.jaimemonpatrimoine.fr\/fr\/module\/81\/1170\/les-origines-de-la-croix-de-lorraine<\/span><\/p>\n<\/div>\n","protected":false},"excerpt":{"rendered":"<p>&nbsp; \u00a0 \u00a0 \u00a0La croix de Lorraine est d\u00e9sormais attach\u00e9e au g\u00e9n\u00e9ral de Gaulle et \u00e0 la r\u00e9sistance pendant la Seconde Guerre Mondiale. Un sp\u00e9cimen monumental de cette croix domine&#8230; <a href=\"https:\/\/charte-fontevrault-providentialisme.fr\/index.php\/2022\/04\/16\/les-origines-angevines-de-la-peut-etre-mal-nommee-croix-de-lorraine\/\">Cliquez pour lire davantage &raquo;<\/a><\/p>\n","protected":false},"author":2,"featured_media":0,"comment_status":"open","ping_status":"open","sticky":false,"template":"","format":"standard","meta":{"footnotes":""},"categories":[30912,30913],"tags":[31700,1528,5012,5018,31699,8504,10956,11138,31494,31701],"class_list":["post-46113","post","type-post","status-publish","format-standard","hentry","category-action-catholique","category-action-providentialiste","tag-amiral-georges-thierry-dargenlieu-1889-1964","tag-bauge-m-et-l","tag-croix-danjou","tag-croix-de-lorraine","tag-croix-gammee","tag-guerre-de-cent-ans","tag-https-www-congregation-girouardiere-fr","tag-https-www-jaimemonpatrimoine-fr","tag-marie-agnes-lacour-cja-h-deleguee-de-la-charte-en-anjou-et-en-touraine","tag-vice-amiral-emile-muselier-1882-1965"],"_links":{"self":[{"href":"https:\/\/charte-fontevrault-providentialisme.fr\/index.php\/wp-json\/wp\/v2\/posts\/46113","targetHints":{"allow":["GET"]}}],"collection":[{"href":"https:\/\/charte-fontevrault-providentialisme.fr\/index.php\/wp-json\/wp\/v2\/posts"}],"about":[{"href":"https:\/\/charte-fontevrault-providentialisme.fr\/index.php\/wp-json\/wp\/v2\/types\/post"}],"author":[{"embeddable":true,"href":"https:\/\/charte-fontevrault-providentialisme.fr\/index.php\/wp-json\/wp\/v2\/users\/2"}],"replies":[{"embeddable":true,"href":"https:\/\/charte-fontevrault-providentialisme.fr\/index.php\/wp-json\/wp\/v2\/comments?post=46113"}],"version-history":[{"count":11,"href":"https:\/\/charte-fontevrault-providentialisme.fr\/index.php\/wp-json\/wp\/v2\/posts\/46113\/revisions"}],"predecessor-version":[{"id":46227,"href":"https:\/\/charte-fontevrault-providentialisme.fr\/index.php\/wp-json\/wp\/v2\/posts\/46113\/revisions\/46227"}],"wp:attachment":[{"href":"https:\/\/charte-fontevrault-providentialisme.fr\/index.php\/wp-json\/wp\/v2\/media?parent=46113"}],"wp:term":[{"taxonomy":"category","embeddable":true,"href":"https:\/\/charte-fontevrault-providentialisme.fr\/index.php\/wp-json\/wp\/v2\/categories?post=46113"},{"taxonomy":"post_tag","embeddable":true,"href":"https:\/\/charte-fontevrault-providentialisme.fr\/index.php\/wp-json\/wp\/v2\/tags?post=46113"}],"curies":[{"name":"wp","href":"https:\/\/api.w.org\/{rel}","templated":true}]}}