{"id":46725,"date":"2022-05-13T10:32:29","date_gmt":"2022-05-13T08:32:29","guid":{"rendered":"https:\/\/charte-fontevrault-providentialisme.fr\/?p=46725"},"modified":"2022-05-13T10:03:50","modified_gmt":"2022-05-13T08:03:50","slug":"royal-artillerie-setonne-remettre-en-selle-une-dynastie-battue-dans-le-passe-plutot-que-de-preparer-a-lemploi-une-famille-ayant-competences-et-merites-dy-acceder","status":"publish","type":"post","link":"https:\/\/charte-fontevrault-providentialisme.fr\/index.php\/2022\/05\/13\/royal-artillerie-setonne-remettre-en-selle-une-dynastie-battue-dans-le-passe-plutot-que-de-preparer-a-lemploi-une-famille-ayant-competences-et-merites-dy-acceder\/","title":{"rendered":"Royal Artillerie s&#8217;\u00e9tonne : Remettre en selle une dynastie battue dans le pass\u00e9, plut\u00f4t que de pr\u00e9parer \u00e0 l&#8217;emploi une famille ayant comp\u00e9tences et m\u00e9rites d&#8217;y acc\u00e9der."},"content":{"rendered":"<p><span style=\"font-size: 14pt;\"><b>Sp\u00e9cial royco !<\/b>\u00a0<b>Deux milli\u00e8me billet sur Royal-Artillerie (4 janvier 2022)<\/b>,&#8230;<strong> 17 ans de mises en ligne\u00a0 &#8230;. <\/strong><span style=\"color: #800080;\">c<\/span><span style=\"color: #800080;\">el\u00e0 se f\u00eate<\/span>.<\/span><\/p>\n<p><span style=\"color: #008000; font-size: 14pt;\">la psychoth\u00e9rapie r\u00e9dactionnelle du Pi\u00e9ton du roi ach\u00e8ve sa dix-septi\u00e8me ann\u00e9e. <em>L&#8217;usage est d&#8217;emplir le deux milli\u00e8me billet de statistiques* en tout genre montrant l&#8217;int\u00e9r\u00eat que le site a \u00e9veill\u00e9, \u00f4 combien il est &#8220;utile&#8221; et d&#8217;appeler aux dons.<\/em> Que nenni ! Je remercie les lecteurs fid\u00e8les dont certains viennent ici depuis le d\u00e9but de l&#8217;aventure. J&#8217;aurais aim\u00e9 plus de commentaires, mais bon ! Foin de la gloriole \u00e0 deux sous qui ne feront jamais un franc, il en faut vingt, l&#8217;eulogie pr\u00e9sum\u00e9e du blogue monarchiste le plus d\u00e9cal\u00e9 de la Toile <span class=\"quota\">(loin derri\u00e8re le Lys Noir quand m\u00eame)<\/span> attendra. Mais l&#8217;occasion de faire le point sur des ann\u00e9es et des ann\u00e9es de royalisme ouvre droit \u00e0 la n\u00e9crologie des pr\u00e9tentions dynastiques qui veulent occuper l&#8217;espace des r\u00eaves royalistes, \u00e0 tout prix semble-t-il, \u00e0 nul effet pour s\u00fbr. Quand on parle critique du royalisme c&#8217;est forc\u00e9ment <i>ad hominem<\/i> et sans d\u00e9biner les personnes qui s&#8217;avancent comme l\u00e9gataires dynastiques universels, on peut l\u00e9gitimement les passer sous la toise de l&#8217;emploi, plus s\u00fbrement sous celle de l&#8217;accession.<\/span><\/p>\n<p><span style=\"color: #008000; font-size: 14pt;\">Partant du principe discut\u00e9 qu&#8217;une restauration monarchique devrait aboutir \u00e0 la r\u00e9installation d&#8217;une des dynasties ayant r\u00e9gn\u00e9 en France, l&#8217;attention (pour les jeunes lecteurs) serait directement capt\u00e9e par trois personnalit\u00e9s, dans l&#8217;ordre d&#8217;entr\u00e9e en sc\u00e8ne de leur revendication :<\/span><\/p>\n<ul class=\"quota2\">\n<li><span style=\"color: #008000; font-size: 14pt;\">Louis de Bourbon (1589)<\/span><\/li>\n<li><span style=\"color: #008000; font-size: 14pt;\">Jean-Christophe Napol\u00e9on (1804)<\/span><\/li>\n<li><span style=\"color: #008000; font-size: 14pt;\">Jean d&#8217;Orl\u00e9ans (1830)<\/span><\/li>\n<\/ul>\n<p><span style=\"font-size: 14pt;\"><span style=\"color: #008000;\"><span style=\"color: #ff6600;\">\u00a0Un observateur arriv\u00e9 de Sirius trouverait l&#8217;id\u00e9e dr\u00f4le : remettre en selle une dynastie battue dans le pass\u00e9, plut\u00f4t que de pr\u00e9parer \u00e0 l&#8217;emploi une famille ayant comp\u00e9tences et m\u00e9rites d&#8217;y acc\u00e9der, sans l&#8217;obligatoire ballade n\u00e9cropolitaine<\/span>. <\/span><\/span><\/p>\n<p><span style=\"font-size: 14pt;\"><span style=\"color: #008000;\">Vouloir reconqu\u00e9rir les fastes du pass\u00e9 \u00e0 travers la transmission patrimoniale d&#8217;un royaume coul\u00e9 \u00e0 pic dans les abysses de l&#8217;histoire rel\u00e8ve-t-il d&#8217;une pathologie ? Les royalistes qui s&#8217;\u00e9meuvent aux souvenirs imagin\u00e9s d&#8217;un \u00e2ge d&#8217;or intellectuel et moral n&#8217;ont pu avancer d&#8217;un m\u00e8tre dans leur qu\u00eate d&#8217;une restauration depuis deux si\u00e8cles. C&#8217;est beaucoup et g\u00e9n\u00e9ralement ils ne veulent pas savoir pourquoi. C&#8217;est la faute au temps qu&#8217;il fait, aux circonstances, aux guerres, aux malveillants, aux tra\u00eetres, mais jamais aux insuffisances de la dynastie souterraine qui porte leur esp\u00e9rance. Et pourtant, ils seraient pr\u00eats \u00e0 leur donner les cl\u00e9s du camion ! Pas s\u00fbr que l&#8217;id\u00e9e soit si largement partag\u00e9e<\/span>.<\/span><\/p>\n<p><span style=\"color: #0000ff; font-size: 14pt;\">https:\/\/royalartillerie.blogspot.com\/2022\/01\/clap-2000.html<\/span><\/p>\n","protected":false},"excerpt":{"rendered":"<p>Sp\u00e9cial royco !\u00a0Deux milli\u00e8me billet sur Royal-Artillerie (4 janvier 2022),&#8230; 17 ans de mises en ligne\u00a0 &#8230;. cel\u00e0 se f\u00eate. la psychoth\u00e9rapie r\u00e9dactionnelle du Pi\u00e9ton du roi ach\u00e8ve sa dix-septi\u00e8me&#8230; <a href=\"https:\/\/charte-fontevrault-providentialisme.fr\/index.php\/2022\/05\/13\/royal-artillerie-setonne-remettre-en-selle-une-dynastie-battue-dans-le-passe-plutot-que-de-preparer-a-lemploi-une-famille-ayant-competences-et-merites-dy-acceder\/\">Cliquez pour lire davantage &raquo;<\/a><\/p>\n","protected":false},"author":2,"featured_media":0,"comment_status":"open","ping_status":"open","sticky":false,"template":"","format":"standard","meta":{"footnotes":""},"categories":[26],"tags":[2206,10777,12486,31775,14665,20600],"class_list":["post-46725","post","type-post","status-publish","format-standard","hentry","category-societe-traditionnelle","tag-cardaillac","tag-https-royalartillerie-blogspot-com","tag-jean-christophe-napoleon-ne-le-11-juillet-1986-napoleon-vii","tag-louis-de","tag-louis-de-bourbon-duc-danjou-ne-le-25-avril-1974-louis-xx","tag-prince-jean-dorleans-comte-de-paris-ne-le-19-mai-1965-jean-iv"],"_links":{"self":[{"href":"https:\/\/charte-fontevrault-providentialisme.fr\/index.php\/wp-json\/wp\/v2\/posts\/46725","targetHints":{"allow":["GET"]}}],"collection":[{"href":"https:\/\/charte-fontevrault-providentialisme.fr\/index.php\/wp-json\/wp\/v2\/posts"}],"about":[{"href":"https:\/\/charte-fontevrault-providentialisme.fr\/index.php\/wp-json\/wp\/v2\/types\/post"}],"author":[{"embeddable":true,"href":"https:\/\/charte-fontevrault-providentialisme.fr\/index.php\/wp-json\/wp\/v2\/users\/2"}],"replies":[{"embeddable":true,"href":"https:\/\/charte-fontevrault-providentialisme.fr\/index.php\/wp-json\/wp\/v2\/comments?post=46725"}],"version-history":[{"count":2,"href":"https:\/\/charte-fontevrault-providentialisme.fr\/index.php\/wp-json\/wp\/v2\/posts\/46725\/revisions"}],"predecessor-version":[{"id":46727,"href":"https:\/\/charte-fontevrault-providentialisme.fr\/index.php\/wp-json\/wp\/v2\/posts\/46725\/revisions\/46727"}],"wp:attachment":[{"href":"https:\/\/charte-fontevrault-providentialisme.fr\/index.php\/wp-json\/wp\/v2\/media?parent=46725"}],"wp:term":[{"taxonomy":"category","embeddable":true,"href":"https:\/\/charte-fontevrault-providentialisme.fr\/index.php\/wp-json\/wp\/v2\/categories?post=46725"},{"taxonomy":"post_tag","embeddable":true,"href":"https:\/\/charte-fontevrault-providentialisme.fr\/index.php\/wp-json\/wp\/v2\/tags?post=46725"}],"curies":[{"name":"wp","href":"https:\/\/api.w.org\/{rel}","templated":true}]}}