{"id":47423,"date":"2022-06-14T10:30:36","date_gmt":"2022-06-14T08:30:36","guid":{"rendered":"https:\/\/charte-fontevrault-providentialisme.fr\/?p=47423"},"modified":"2022-06-14T08:53:02","modified_gmt":"2022-06-14T06:53:02","slug":"jean-deweer-le-roi-plante-medicinale-pour-notre-temps-peut-se-monter-tres-discret-au-sein-de-la-foret","status":"publish","type":"post","link":"https:\/\/charte-fontevrault-providentialisme.fr\/index.php\/2022\/06\/14\/jean-deweer-le-roi-plante-medicinale-pour-notre-temps-peut-se-monter-tres-discret-au-sein-de-la-foret\/","title":{"rendered":"Jean Deweer.  le  Roi &#8221; plante m\u00e9dicinale&#8221; pour notre temps  peut se monter tr\u00e9s discret au sein de la for\u00eat."},"content":{"rendered":"<p><span style=\"font-size: 12pt; color: #008000;\">\u00a0 \u00a0 \u00a0 \u00a0Pour les (royalistes)\u00a0 providentialistes, il s\u2019agirait de savoir ce que dit, plus que l\u2019analyse ADN, l\u2019Esprit Saint, Dieu en d\u00e9finitive qui r\u00e8gle les contradictions avec ses anciennes lois. A-t-on la culture suffisante? Ou attend-t-on qu\u2019une colombe vole au-dessus de la t\u00eate du roi pour le d\u00e9signer comme ce serait manifest\u00e9 pour Clovis?<\/span><\/p>\n<p><span style=\"font-size: 12pt; color: #008000;\">\u00a0 \u00a0 \u00a0 \u00a0 \u00a0 \u00a0Les Bourbons Parme * * se sont alli\u00e9s aux Bourbons Busset\u00a0 *** c\u2019est bien la preuve qu\u2019ils pensaient qu\u2019ils repr\u00e9sentaient quelque chose malgr\u00e9 la b\u00e2tardise initiale. Preuve aussi que les Bourbons Busset pressentaient qu\u2019un descendant des Bourbons pouvait avoir de l\u2019importance pour le climat, c\u2019est \u201c<em>Le Berger des nuages<\/em>\u201d * \u00e9crit par Jacques de Bourbon Busset. <\/span><\/p>\n<p><span style=\"font-size: 12pt; color: #008000;\">\u00a0 \u00a0 \u00a0 \u00a0Il ne faut pas \u00eatre puriste de la loi salique mais savoir ce qui peut \u00eatre efficace. Le ministre de Louis XIII \u00e9tait Richelieu et parmi les fid\u00e8les jeunes royalistes, il d\u2019agit de savoir qui peut \u00eatre premier ministre, fid\u00e8le \u00e0 la ligne politique du roi, f\u00fbt il \u00e2g\u00e9\u2026 <\/span><\/p>\n<p><span style=\"font-size: 12pt; color: #008000;\">\u00a0 \u00a0 \u00a0 \u00a0 \u00a0Le roi est mort, vive le roi! car de roi, il s\u2019agit bien de cela, c\u2019est celui qui relie toute la soci\u00e9t\u00e9 fran\u00e7aise et ce n\u2019est pas une mince affaire. On verra bien apr\u00e8s! En attendant, il faut le chercher comme une <strong>plante m\u00e9dicinale<\/strong> rare en Amazonie, capable de gu\u00e9rir le corps national entier. La difficult\u00e9 est qu\u2019elle peut se montrer <strong>tr\u00e8s discr\u00e8te au sein de la for\u00eat<\/strong><\/span><\/p>\n<p><span style=\"font-size: 12pt; color: #ff6600;\">Jean Deweer<\/span><\/p>\n<ul>\n<li><strong>NDLRB<span style=\"color: #0000ff;\">.<\/span><\/strong><span style=\"color: #0000ff;\"> https:\/\/www.babelio.com\/livres\/Bourbon-Busset-Le-berger-des-nuages\/1005187\u00a0 \u00a0 ** <\/span><strong>NDLRB<\/strong><span style=\"color: #0000ff;\"><strong>.<\/strong> http:\/\/mots-echoues.eklablog.com\/les-bourbon-parme-dynastie-ou-tribu-a119270604\u00a0 \u00a0 \u00a0 \u00a0 \u00a0 \u00a0 \u00a0 \u00a0<\/span> \u00a0 \u00a0 \u00a0 \u00a0 \u00a0 \u00a0 \u00a0 \u00a0 \u00a0 \u00a0 \u00a0 \u00a0 \u00a0 \u00a0 \u00a0 \u00a0 \u00a0 \u00a0 \u00a0 \u00a0 \u00a0 \u00a0 \u00a0 \u00a0 \u00a0 \u00a0 \u00a0 \u00a0 \u00a0 \u00a0 \u00a0 \u00a0 \u00a0 \u00a0 \u00a0 \u00a0 \u00a0 \u00a0 \u00a0 \u00a0 \u00a0 \u00a0 \u00a0 \u00a0 \u00a0 \u00a0 \u00a0 \u00a0 \u00a0 \u00a0 \u00a0 \u00a0 \u00a0 \u00a0 \u00a0 \u00a0 \u00a0 \u00a0 \u00a0 \u00a0 \u00a0 \u00a0 \u00a0 \u00a0 ***<span style=\"color: #0000ff;\"><strong><span style=\"color: #000000;\"> NDLRB.<\/span> <\/strong>http:\/\/www.noblesseetroyautes.com\/le-chateau-de-busset-fief-de-la-maison-de-bourbon-busset-1ere-parti<\/span>e<span style=\"color: #0000ff;\">\/<\/span><\/li>\n<\/ul>\n","protected":false},"excerpt":{"rendered":"<p>\u00a0 \u00a0 \u00a0 \u00a0Pour les (royalistes)\u00a0 providentialistes, il s\u2019agirait de savoir ce que dit, plus que l\u2019analyse ADN, l\u2019Esprit Saint, Dieu en d\u00e9finitive qui r\u00e8gle les contradictions avec ses anciennes&#8230; <a href=\"https:\/\/charte-fontevrault-providentialisme.fr\/index.php\/2022\/06\/14\/jean-deweer-le-roi-plante-medicinale-pour-notre-temps-peut-se-monter-tres-discret-au-sein-de-la-foret\/\">Cliquez pour lire davantage &raquo;<\/a><\/p>\n","protected":false},"author":2,"featured_media":0,"comment_status":"open","ping_status":"open","sticky":false,"template":"","format":"standard","meta":{"footnotes":""},"categories":[30913],"tags":[816,1913,1920,8349,31920,10120,10877,31919,12321,31918],"class_list":["post-47423","post","type-post","status-publish","format-standard","hentry","category-action-providentialiste","tag-analyses-adn","tag-bourbons-busset","tag-bourbons-parme","tag-grand-monarque","tag-http-mots-echoues-eklablog-com","tag-http-www-noblesseetroyautes-com","tag-https-www-babelio-com","tag-jacques-de-bourbon-busset-1912-2001","tag-jean-deweer","tag-ouvrage-le-berger-des-nuages"],"_links":{"self":[{"href":"https:\/\/charte-fontevrault-providentialisme.fr\/index.php\/wp-json\/wp\/v2\/posts\/47423","targetHints":{"allow":["GET"]}}],"collection":[{"href":"https:\/\/charte-fontevrault-providentialisme.fr\/index.php\/wp-json\/wp\/v2\/posts"}],"about":[{"href":"https:\/\/charte-fontevrault-providentialisme.fr\/index.php\/wp-json\/wp\/v2\/types\/post"}],"author":[{"embeddable":true,"href":"https:\/\/charte-fontevrault-providentialisme.fr\/index.php\/wp-json\/wp\/v2\/users\/2"}],"replies":[{"embeddable":true,"href":"https:\/\/charte-fontevrault-providentialisme.fr\/index.php\/wp-json\/wp\/v2\/comments?post=47423"}],"version-history":[{"count":2,"href":"https:\/\/charte-fontevrault-providentialisme.fr\/index.php\/wp-json\/wp\/v2\/posts\/47423\/revisions"}],"predecessor-version":[{"id":47425,"href":"https:\/\/charte-fontevrault-providentialisme.fr\/index.php\/wp-json\/wp\/v2\/posts\/47423\/revisions\/47425"}],"wp:attachment":[{"href":"https:\/\/charte-fontevrault-providentialisme.fr\/index.php\/wp-json\/wp\/v2\/media?parent=47423"}],"wp:term":[{"taxonomy":"category","embeddable":true,"href":"https:\/\/charte-fontevrault-providentialisme.fr\/index.php\/wp-json\/wp\/v2\/categories?post=47423"},{"taxonomy":"post_tag","embeddable":true,"href":"https:\/\/charte-fontevrault-providentialisme.fr\/index.php\/wp-json\/wp\/v2\/tags?post=47423"}],"curies":[{"name":"wp","href":"https:\/\/api.w.org\/{rel}","templated":true}]}}