{"id":4758,"date":"2014-05-20T08:28:57","date_gmt":"2014-05-20T08:28:57","guid":{"rendered":"http:\/\/chartedefontevraultprovidentialisme.wordpress.com\/?p=4758"},"modified":"2014-05-20T08:28:57","modified_gmt":"2014-05-20T08:28:57","slug":"madame-elisabeth-de-france-1764-1794","status":"publish","type":"post","link":"https:\/\/charte-fontevrault-providentialisme.fr\/index.php\/2014\/05\/20\/madame-elisabeth-de-france-1764-1794\/","title":{"rendered":"MADAME ELISABETH DE FRANCE (1764-1794)"},"content":{"rendered":"<p style=\"text-align:justify;\"><span style=\"color:#008000;\">N\u00e9e le 4 mai 1764 \u00e0 Versailles, supplici\u00e9e \u00e0 Paris le 10 mai 1794, <strong>Elisabeth Philippine Marie H\u00e9l\u00e8ne Capet de Bourbon-France<\/strong>, est la fille du Dauphin Louis, fils lui-m\u00eame de Louis XV et de Marie-Jos\u00e9phine de Saxe\u00a0: elle est donc la <strong>s\u0153ur de Louis-Auguste Capet de Bourbon-France, Duc de Berry<\/strong> (futur Louis XVI), et <strong>de la Bienheureuse Clotilde de Savoie<\/strong>, Reine de Pi\u00e9mont-Sardaigne: ce qui fait d\u2019elle \u00e9galement la soeur <strong>du Comte de Provence<\/strong> (futur Louis XVIII) <strong>et du Comte d\u2019Artois<\/strong> (futur Charles X).<\/span><\/p>\n<p style=\"text-align:justify;\"><span style=\"color:#008000;\">A son Bapt\u00eame, c\u2019est son fr\u00e8re Louis-Auguste, \u00e0 peine \u00e2g\u00e9 de 11 ans, qui tient lieu de parrain, au nom de l\u2019Infant Don Felipe de Bourbon-Parme, Duc souverain du Duch\u00e9 de Parme et Plaisance, fils de Philippe V d\u2019Espagne et d\u2019Elisabeth Farn\u00e8se. Sa marraine est cette derni\u00e8re, \u00e0 l\u2019\u00e9poque Reine douairi\u00e8re d\u2019Espagne \u2013Philippe V est depuis peu d\u00e9c\u00e9d\u00e9 et lui succ\u00e9d\u00e9 Charles III, fr\u00e8re a\u00een\u00e9 de Don Felipe- et, ce qui explique que le Duc de Parme est choisi comme parrain de la petite Elisabeth, c\u2019est qu\u2019il a \u00e9pous\u00e9 Mme Louise-Elisabeth, fille de Louis XV et s\u0153ur du Dauphin Louis: <em>Mme Elisabeth est donc la ni\u00e8ce de Don Felipe et de Mme Louise Elisabeth et elle tient son pr\u00e9nom de cette derni\u00e8re comme de la m\u00e8re de Don Felipe, Elisabeth Farn\u00e8se<\/em>.<\/span><\/p>\n<p style=\"text-align:justify;\"><span style=\"color:#008000;\">En 1765, le Dauphin Louis \u2013salu\u00e9 pour ses vertus de Charit\u00e9 et pour sa d\u00e9votion au Sacr\u00e9-C\u0153ur, auquel il a d\u00e9di\u00e9 un autel de la Chapelle Royale Saint-Louis du Ch\u00e2teau de Versailles, reprenant la d\u00e9votion de sa m\u00e8re Marie Leszczy\u0144ska qui en son temps a obtenu du pape la F\u00eate votive du Sacr\u00e9-C\u0153ur, ce qui fait partie des demandes adress\u00e9es par le Sacr\u00e9-Coeur \u00e0 Marguerite-Marie\u00a0 de Paray-le-Monial!- meurt \u00e0 l\u2019\u00e2ge de 37 ans, suivi de pr\u00e8s de son \u00e9pouse, morts tout deux de tuberculose.<\/span><\/p>\n<p style=\"text-align:justify;\"><span style=\"color:#008000;\">Elisabeth et Clotilde sont confi\u00e9es \u00e0 la Comtesse de Marsan. Elisabeth est \u00e9nergique et d\u00e9cid\u00e9e, Clotilde est tr\u00e8s affectueuse et tr\u00e8s douce. A six ans, alors que Clotilde embrasse les religieuses du Carmel de Saint-Denis, o\u00f9 se trouve leur tante Mme Louise, \u00e9lev\u00e9e avec trois de ses\u00a0 soeurs \u00e0 l&#8217;Abbaye de Fontevraud Elisabeth leur tend sa main \u00e0 baiser. Adolescente, Elisabeth jette des balles dans les bassins du jardin de Versailles et exige qu\u2019on les lui rapporte. Elle se cache derri\u00e8re les bosquets pour affoler son entourage.<\/span><\/p>\n<p style=\"text-align:justify;\"><span style=\"color:#008000;\">Une charmante enfant.<\/span><\/p>\n<p style=\"text-align:justify;\"><span style=\"color:#008000;\">Lors d\u2019une maladie d\u2019Elisabeth, Clotilde joue les infirmi\u00e8res et gagne le c\u0153ur de sa s\u0153ur. D\u00e9sormais, l\u2019influence de Clotilde sera d\u00e9terminante. Comme son exemple.<\/span><\/p>\n<p style=\"text-align:justify;\"><span style=\"color:#008000;\"><strong>La Cour de Versailles voit alors la prosp\u00e9rit\u00e9 g\u00e9n\u00e9rale du Royaume, la libert\u00e9 de pens\u00e9e, le triomphe des Arts et Lettres et un exceptionnel rayonnement de la France. Louis XV le Bienaim\u00e9e, c\u00e9dant aux demandes par sa fille Mme Louise, a chass\u00e9 la Marquise de Pompadour et a fait la paix avec la Reine, et tous les Arts baroques sont tourn\u00e9s vers la Gloire de Dieu\u00a0: c\u2019est l\u2019\u00e9poque du <em>Stabat Mater<\/em>, du <em>Messie<\/em> de Haendel, de la Grande Musique<\/strong>\u00a0!<\/span><\/p>\n<p style=\"text-align:justify;\"><span style=\"color:#008000;\">Le Pacte de Famille (15 aout 1761)\u00a0 sign\u00e9 entre les Bourbons de France, d\u2019Espagne, de Naples et de Parme, chef d\u2019\u0153uvre de diplomatie destin\u00e9 \u00e0 contrebalancer les puissances protestantes du Nord de l\u2019Europe, constitue une cohalition\u00a0 d\u2019Etats Catholiques, \u00e9largie bient\u00f4t \u00e0 l\u2019Autriche, alors coeur du Saint-Empire.<\/span><\/p>\n<p style=\"text-align:justify;\"><span style=\"color:#008000;\">Les noces de Louis-Auguste, devenu Dauphin, et de l\u2019Archiduchesse Marie-Antoinette, fille de l\u2019imp\u00e9ratrice Marie-Th\u00e9r\u00e8se, renforce l\u2019alliance de la Maison de Bourbon avec la Maison de Habsbourg, et les s\u0153urs de Marie-Antoinette, Marie-Caroline et Marie-Am\u00e9lie, seront donn\u00e9es successivement en mariage au jeune Roi de Naples Ferdinand I\u00b0 et au jeune Duc de Parme, fils et successeur de Don Felipe, qui s\u2019appelle \u00e9galement Ferdinand.<\/span><\/p>\n<p style=\"text-align:justify;\"><span style=\"color:#008000;\">Lorsque le 10 Mai 1770, Marie Antoinette fait son entr\u00e9e \u00e0 Versailles, Louis XV pr\u00e9sente lui-m\u00eame les s\u0153urs de Louis-Auguste \u00e0 la future Reine de France. D\u00e8s ce moment, Marie-Antoinette se sentira plus particuli\u00e8rement attir\u00e9e par Madame Elisabeth, dont l\u2019amiti\u00e9 lui restera fid\u00e8le jusqu\u2019\u00e0 l\u2019\u00e9chafaud.<\/span><\/p>\n<p style=\"text-align:justify;\"><span style=\"color:#008000;\">Le 10 mai 1774, Louis XV meurt: Louis-Auguste devient \u00e0 vingt ans \u00e0 peine Roi sous le nom de Louis XVI. Le 10 Aout suivant, sa s\u0153ur Mme Elisabeth fait sa premi\u00e8re communion dans la chapelle Royale du Ch\u00e2teau de Versailles: tous sont frapp\u00e9s par le recueillement de la Princesse. Le 28 Aout suivant, leur soeur Clotilde quitte la Cour pour se marier avec le Prince du Pi\u00e9mont, futur Roi Charles-Emmanuel IV du Pi\u00e9mont-Sardaigne, dont les deux s\u0153urs, Marie-Jos\u00e9phine et Marie-Th\u00e9r\u00e8se, on respectivement \u00e9pous\u00e9 le Comte de Provence et le Comte d\u2019Artois: c\u2019est une souffrance pour Mme Elisabeth, qui reportera toute son affection sur Marie-Antoinette.<\/span><\/p>\n<p style=\"text-align:justify;\"><span style=\"color:#008000;\">Notre blog a d\u00e9j\u00e0 d\u00e9montr\u00e9 les liens de sang entre la Maison Royale de France et la Maison Royale de Savoie.<\/span><\/p>\n<p style=\"text-align:justify;\"><span style=\"color:#008000;\">Tr\u00e8s pieuse, Clotilde de France, devenue Reine de Sardaigne, devait se signaler par ses vertus, et d\u00e8s son dernier soupir, la voix du peuple la d\u00e9clarera Sainte\u00a0: l\u2019Eglise ne l\u2019a-t-elle pas d\u2019ailleurs b\u00e9atifi\u00e9e sous le nom de <strong>Bienheureuse Clotilde de Savoie\u00a0?<\/strong> Le Marquis de La Franquerie a rappel\u00e9 la Saintet\u00e9 de la Maison Royale de France et le caract\u00e8re Sacr\u00e9 et Divin de la Royaut\u00e9 en France dans deux ouvrages du m\u00eame nom (aux Edition Saintes-Jeanne d\u2019arc).<\/span><\/p>\n<p style=\"text-align:justify;\"><span style=\"color:#008000;\">Avec l\u2019alliance des Bourbons, des Habsbourg et des Savoie, c\u2019est une Europe Monarchique et Chr\u00e9tienne qui se profile. C\u2019est ce dessin d\u2019Europe Monarchique et Chr\u00e9tienne que les ennemis de la France et de la Chr\u00e9tient\u00e9 s\u2019efforceront de faire avorter par les \u00e9v\u00e8nement de la R\u00e9volution dite Fran\u00e7aise\u2026<\/span><\/p>\n<p style=\"text-align:justify;\"><span style=\"color:#008000;\">A quinze ans, on d\u00e9clare termin\u00e9e l\u2019\u00e9ducation de Mme Elisabeth: elle connait les classiques, l\u2019histoire de l\u2019Eglise, l\u2019italien et le latin. Tous ont not\u00e9 que les caprices et les emportements de l&#8217;enfance ont disparu. Elle ferait un bon parti et, si plusieurs mariages sont envisag\u00e9s, aucun ne se concr\u00e9tise. Mme Elisabeth veut rester en France et d\u00e9clare son patriotisme\u00a0:<\/span><\/p>\n<p style=\"text-align:justify;\"><span style=\"color:#008000;\">&#8211;<em>Je ne puis \u00e9pouser que le fils d\u2019un Roi et le fils d\u2019un Roi doit r\u00e9gner dans les \u00e9tats de son p\u00e8re. Je ne serai plus Fran\u00e7aise, et je ne veux pas cesser de l\u2019\u00eatre. Mieux vaut rester ici, au pied du Tr\u00f4ne de mon fr\u00e8re, que de monter sur un autre et r\u00e9gner ailleurs<\/em>\u00a0!<\/span><\/p>\n<p style=\"text-align:justify;\"><span style=\"color:#008000;\">Louis XVI d\u00e9sire lui aussi garder \u00e0 ces c\u00f4t\u00e9s cette s\u0153ur intelligente et \u00e9nergique qui s\u2019entend si bien avec Marie-Antoinette\u00a0! Il ne craint pas de la voir un jour suivre les ormes de leur tante la Bienheureuse Mme Louise, qu\u2019Elisabeth admire tant et visite dans ses d\u00e9serts spirituels.<\/span><\/p>\n<p style=\"text-align:justify;\"><span style=\"color:#008000;\">Lorsque Mme Elisabeth exerce son sport favori, l\u2019\u00e9quitation, c\u2019est pour aller visiter des pauvres, des malades, des infirmes ou des personnes \u00e2g\u00e9es du petit peuple. Personne ne sait trouver comme elle les mots qui redonnent confiance et courage, qui r\u00e9chauffent le c\u0153ur et rapprochent l\u2019\u00e2me de Dieu. Elle visite \u00e9galement la Maison des jeunes filles de Saint-Cyr, cr\u00e9\u00e9e par Madame de Maintenon et destin\u00e9s \u00e0 l\u2019\u00e9ducation de jeunes filles Nobles d\u00e9sargent\u00e9es.<\/span><\/p>\n<p style=\"text-align:justify;\"><a href=\"http:\/\/chartedefontevraultprovidentialisme.files.wordpress.com\/2014\/05\/p1060448.jpg\"><img loading=\"lazy\" decoding=\"async\" class=\"aligncenter size-large wp-image-4760\" src=\"http:\/\/chartedefontevraultprovidentialisme.files.wordpress.com\/2014\/05\/p1060448.jpg?w=640\" alt=\"P1060448\" width=\"640\" height=\"853\" srcset=\"https:\/\/charte-fontevrault-providentialisme.fr\/wp-content\/uploads\/2014\/05\/p1060448.jpg 1920w, https:\/\/charte-fontevrault-providentialisme.fr\/wp-content\/uploads\/2014\/05\/p1060448-225x300.jpg 225w, https:\/\/charte-fontevrault-providentialisme.fr\/wp-content\/uploads\/2014\/05\/p1060448-768x1024.jpg 768w, https:\/\/charte-fontevrault-providentialisme.fr\/wp-content\/uploads\/2014\/05\/p1060448-1152x1536.jpg 1152w, https:\/\/charte-fontevrault-providentialisme.fr\/wp-content\/uploads\/2014\/05\/p1060448-1536x2048.jpg 1536w, https:\/\/charte-fontevrault-providentialisme.fr\/wp-content\/uploads\/2014\/05\/p1060448-624x832.jpg 624w\" sizes=\"auto, (max-width: 640px) 100vw, 640px\" \/><\/a><span style=\"color:#008000;\">Louis XVI fait don \u00e0 sa s\u0153ur pour ses 17 ans d\u2019un charmant manoir \u00e0 Montreuil, (73 avenue de Paris . 78 000 Versailles; <em>Photo-ci-dessus )<\/em>\u00a0 ayant appartenu jadis \u00e0 la Princesse de G\u00e9m\u00e9n\u00e9e. Mme Elisabeth s\u2019y montre pr\u00e9curseur de toutes les \u0153uvres sociale en y installant avec ses amies les Marquises de Bombel, de Raigecourt et de Monstier, un dispensaire o\u00f9 le Docteur Lemonnier re\u00e7oit gratuitement tous les malades et les pauvres des enivrions! elle lui sert d\u2019infirmi\u00e8re, d\u00e9fait et refait les pansements des malades et leur donne les m\u00e9dicaments n\u00e9cessaires que produit le jardin m\u00e9dical qu\u2019elle a cr\u00e9\u00e9 \u00e0 cet effet.<\/span><\/p>\n<p style=\"text-align:justify;\"><span style=\"color:#008000;\">Son potager, sa laiterie, sa basse-cour alimentent les pauvres et le portier a l\u2019ordre de ne jamais renvoyer un malheureux sans le secourir moralement et mat\u00e9riellement. Ceux qui ne peuvent venir sont visit\u00e9s par la Princesse elle-m\u00eame, qui donne ses soins \u00e0 domicile. Un jour, elle rend visite, sans crainte de contagion, \u00e0 la fille de la veuve d\u2019un ancien employ\u00e9 de son manoir: elle la soigne, la gu\u00e9rie et lui trouve m\u00eame un mari! L\u2019exemple de sa charit\u00e9 sinc\u00e8re se r\u00e9pand rapidement.<\/span><\/p>\n<p style=\"text-align:justify;\"><span style=\"color:#008000;\">Ses bienfaisances n\u2019empi\u00e8tent pas sur ces devoirs de famille. Elle assiste \u00e0 toutes les grandes r\u00e9ceptions de Versailles. Elle en profite m\u00eame pour cr\u00e9er avec la complicit\u00e9 de Marie-Antoinette ce qui deviendra le <em>Bal des D\u00e9butantes<\/em>, une initiative g\u00e9n\u00e9reuses destin\u00e9e \u00e0 permettre aux jeunes filles de Saint-Cyr de <em>d\u00e9buter en soci\u00e9t\u00e9<\/em> et de se bien se marier selon leur rang -Mme Elisabeth &#8220;casant&#8221; ainsi par exemple les filles de son amie la Marquise de Causans, d\u00e9c\u00e9d\u00e9e pr\u00e9matur\u00e9ment- imitative qui sera imit\u00e9e par la suite par toutes les cours d\u2019Europe (et qui existe encore aujourd\u2019hui\u00a0!) : <em>des bienfaisances de Mme Elisabeth<\/em>, <em>la Cour de Versailles y gagne en prestige<\/em>!<\/span><\/p>\n<p style=\"text-align:justify;\"><span style=\"color:#008000;\">Mais la famille Royale est bient\u00f4t touch\u00e9 par un double drame personnel. Mme Elisabeth s\u2019attarde au chevet de la petit Sophie, fille A\u00een\u00e9e de Louis XVI et de Marie Antoinette \u2013que les mauvaises langues disent \u00eatre la fille de Fersen, ce qui n&#8217;est absolument pas prouv\u00e9\u00a0!- qui succombe apr\u00e8s une longue maladie. En 1788, elle supplie son fr\u00e8re de consacrer la France au Sacr\u00e9-C\u0153ur: Louis XVI h\u00e9site, le Dauphin Louis-Joseph \u00e9tant au plus mal lui aussi, et ce dernier succombe d\u2019ailleurs peu avant la prise de la Bastille. La douleur du Roi faussera son jugement: la s\u0153ur de Louis XVI reprochera \u00e0 son fr\u00e8re \u00e9plor\u00e9 sa faiblesse face aux incidents qui secoueront la capitale.<\/span><\/p>\n<p style=\"text-align:justify;\"><span style=\"color:#008000;\">Le 10 F\u00e9vrier 1790, sur insistance de Mme Elisabeth, le Roi et la Famille Royale vont \u00e0 Notre-Dame de Paris et, avec un certain nombre de fid\u00e8les, prononcent la cons\u00e9cration du Royaume au Sacr\u00e9-C\u0153ur. <strong>La cons\u00e9cration, m\u00eame si elle n\u2019est pas publique, est valable: <em>elle nous vaudra la Restauration<\/em><\/strong>.<\/span><\/p>\n<p style=\"text-align:justify;\"><span style=\"color:#008000;\">Emmen\u00e9e de force \u00e0 Paris, au Palais des Tuileries, la famille Royale y est trait\u00e9es avec quelques \u00e9gards dues \u00e0 la bonne Mme Elisabeth. Un jour des \u00e9meutiers cherchent la Reine: voyant Mme Elisabeth aux c\u00f4t\u00e9s du Roi, on la reconna\u00eet et on \u00e9pargne le Roi et son \u00e9pouse.<\/span><\/p>\n<p style=\"text-align:justify;\"><span style=\"color:#008000;\">Puis c\u2019est la prison du Temple: sous l\u2019influence de Mme Elisabeth, elle devient le sanctuaire de la r\u00e9paration nationale envers le Sacr\u00e9-C\u0153ur, dont le V\u0153ux de Louis XVI, renouvel\u00e9 en prison, est un t\u00e9moignage irr\u00e9cusable et nous vaudra le Grand Monarque \u00e0 venir, Roi du Sacr\u00e9-Coeur. Du Temple, elle gagnera la Vend\u00e9e et tout l\u2019Ouest qu\u2019elle transfigurera \u00e0 leur tour dans le Martyre \u2013martyre de tout un peuple indomptable qui veut rester fid\u00e8le \u00e0 son Dieu et \u00e0 son Roi.- et le sacrifice h\u00e9ro\u00efque et sublime sauvera la Foi et l\u2019honneur de la France et permettra ainsi les r\u00e9surrections futures\u2026<\/span><\/p>\n<p><a href=\"http:\/\/chartedefontevraultprovidentialisme.files.wordpress.com\/2014\/05\/thumb.jpeg\"><img loading=\"lazy\" decoding=\"async\" class=\"aligncenter size-large wp-image-4761\" src=\"http:\/\/chartedefontevraultprovidentialisme.files.wordpress.com\/2014\/05\/thumb.jpeg?w=640\" alt=\"thumb\" width=\"640\" height=\"487\" srcset=\"https:\/\/charte-fontevrault-providentialisme.fr\/wp-content\/uploads\/2014\/05\/thumb.jpeg 684w, https:\/\/charte-fontevrault-providentialisme.fr\/wp-content\/uploads\/2014\/05\/thumb-300x229.jpeg 300w, https:\/\/charte-fontevrault-providentialisme.fr\/wp-content\/uploads\/2014\/05\/thumb-624x475.jpeg 624w\" sizes=\"auto, (max-width: 640px) 100vw, 640px\" \/><\/a><a href=\"http:\/\/elisabeth.yvelines.fr\/oeuvres-et-lieux\/espace-8-le-culte-et-la-legende\/\">http:\/\/elisabeth.yvelines.fr\/oeuvres-et-lieux\/espace-8-le-culte-et-la-legende\/<\/a><\/p>\n<p style=\"text-align:justify;\"><span style=\"color:#008000;\">Et la famille Royale de France ne pouvait \u00eatre \u00e0 moins que son bon peuple: Louis XVI est appel\u00e9 le premier au Ciel le 21 janvier 1793, Marie-Antoinette le suit le 16 Octobre suivant et Mme Elisabeth consommera son martyr le 10 mai 1794, six jours apr\u00e8s seulement son 30\u00b0 anniversaire. \u00c7\u00e0 suffit\u00a0! Dieu ne permettra pas \u00e0 la France la honte de l\u2019assassinat d\u2019un petit enfant innocent de 9 ans seulement\u00a0:<\/span><\/p>\n<p style=\"text-align:justify;\"><span style=\"color:#008000;\">&#8211;<strong><em>Louis XVII, figure Christique de la R\u00e9volution\u00a0: on le dit mort, mais personne n\u2019a retrouv\u00e9 son corps<\/em><\/strong> (Princesse Am\u00e9lie de Bourbon-Parme, <em>Le sacre de Louis XVII<\/em>, L\u2019Infini, NRF, Gallimard, p. 69)\u00a0!<\/span><\/p>\n<p style=\"text-align:justify;\"><span style=\"color:#008000;\"><strong>Aujourd\u2019hui, qu\u2019on se le dise: perte des repaires moraux, d\u00e9localisations, ch\u00f4mage, pr\u00e9carit\u00e9, ins\u00e9curit\u00e9, fiscalit\u00e9 confiscatoire et lois liberticides\u2026 en ce d\u00e9but de XXI\u00b0 si\u00e8cle, ce n\u2019est plus la faute \u00e0 Marie-Antoinette<\/strong>\u00a0!<\/span><\/p>\n<p style=\"text-align:justify;\"><span style=\"color:#008000;\">Quand \u00e0 Mme Elisabeth, on attend avec impatience le jour o\u00f9 elle deviendra <strong>Sainte-Elisabeth du Temple<\/strong>, comme l\u2019appela Pie VII en parcourant un jour les appartements de la Pieuse Princesse (\u00e0 ne pas confondre avec la paroisse Sainte-Elisabeth du Temple, 195 Rue du Temple, 75003 Paris 3\u00b0): Prions chaque 10 Mai pour que l\u2019Eglise la fasse monter sur les Autels, aux c\u00f4t\u00e9s de ses anc\u00eatres Sainte-Clotilde, Sainte-Radegonde, Sainte Jeanne de France ou encore Sainte Edwige de Hongrie (qui \u00e9tait une Anjou, dont descendent les Rois de France par l\u2019\u00e9pouse de Charles VII le Victorieux)\u2026 et qu\u2019ainsi la France compte officiellement une protectrice de plus au ciel.<\/span><\/p>\n<p><span style=\"color:#ff6600;\"><em>Herv\u00e9 J. VOLTO, (C.J.A.) Pr\u00e9sident Honoraire de la Charte de Fontevrault (Pr\u00e9sident 1991-1994), membre du chapitre G\u00e9n\u00e9ral et D\u00e9l\u00e9gu\u00e9 officiel pour l\u2019Italie<\/em><\/span><\/p>\n<p><strong>A lire:<\/strong><\/p>\n<p>-Marquis de La Franquerie, <em>Madame Elisabeth de France<\/em> (Editions R\u00e9siac).\u00a0\u00a0\u00a0\u00a0\u00a0\u00a0\u00a0\u00a0\u00a0\u00a0\u00a0\u00a0\u00a0\u00a0\u00a0\u00a0\u00a0\u00a0\u00a0\u00a0\u00a0\u00a0\u00a0\u00a0\u00a0\u00a0\u00a0\u00a0\u00a0\u00a0\u00a0\u00a0\u00a0\u00a0\u00a0\u00a0\u00a0\u00a0\u00a0\u00a0\u00a0\u00a0\u00a0\u00a0\u00a0\u00a0\u00a0\u00a0\u00a0\u00a0\u00a0\u00a0\u00a0\u00a0\u00a0\u00a0\u00a0\u00a0\u00a0\u00a0\u00a0\u00a0\u00a0\u00a0\u00a0\u00a0\u00a0\u00a0\u00a0\u00a0\u00a0\u00a0\u00a0\u00a0 <em>Commande en\u00a0 ligne<\/em> : <a href=\"http:\/\/www.chire.fr\/A-141252-madame-elisabeth-de-france.aspx\">http:\/\/www.chire.fr\/A-141252-madame-elisabeth-de-france.aspx<\/a><\/p>\n<p>-Association Clart\u00e9 Saint-Jean, <em>Pri\u00e8res de la Famille de France<\/em> (Editions CSJ, pri\u00e8res compos\u00e9es par Mme Elisabeth, p.67-69<\/p>\n","protected":false},"excerpt":{"rendered":"<p>N\u00e9e le 4 mai 1764 \u00e0 Versailles, supplici\u00e9e \u00e0 Paris le 10 mai 1794, Elisabeth Philippine Marie H\u00e9l\u00e8ne Capet de Bourbon-France, est la fille du Dauphin Louis, fils lui-m\u00eame de&#8230; <a href=\"https:\/\/charte-fontevrault-providentialisme.fr\/index.php\/2014\/05\/20\/madame-elisabeth-de-france-1764-1794\/\">Cliquez pour lire davantage &raquo;<\/a><\/p>\n","protected":false},"author":2,"featured_media":0,"comment_status":"open","ping_status":"open","sticky":false,"template":"","format":"standard","meta":{"footnotes":""},"categories":[7,12,19,21],"tags":[391,3330,3834,4537,4563,5699,9024,14776,14779,14780,14783,15138,15624,15703,18243,24129,25126],"class_list":["post-4758","post","type-post","status-publish","format-standard","hentry","category-blogs-et-sites-catholiques","category-blogs-et-sites-providentialistes","category-fetes-catholiques","category-limites-de-la-republique","tag-abbaye-royale-de-fontevraud","tag-cja","tag-commune-de-chire-en-montreuil-86190","tag-comte-dartois","tag-comte-de-provence","tag-dpf-editions-de-chire-b-p-1-86190-chire-en-montreuil","tag-herve-volto","tag-louis-xv","tag-louis-xv-de-france","tag-louis-xvi","tag-louis-xvi-de-france","tag-madame-elizabeth","tag-marie-antoinette","tag-marie-therese-de-hasbourg","tag-pacte-de-famille","tag-sacre-coeur-de-jesus","tag-sainte-marguerite-marie-alacoque"],"_links":{"self":[{"href":"https:\/\/charte-fontevrault-providentialisme.fr\/index.php\/wp-json\/wp\/v2\/posts\/4758","targetHints":{"allow":["GET"]}}],"collection":[{"href":"https:\/\/charte-fontevrault-providentialisme.fr\/index.php\/wp-json\/wp\/v2\/posts"}],"about":[{"href":"https:\/\/charte-fontevrault-providentialisme.fr\/index.php\/wp-json\/wp\/v2\/types\/post"}],"author":[{"embeddable":true,"href":"https:\/\/charte-fontevrault-providentialisme.fr\/index.php\/wp-json\/wp\/v2\/users\/2"}],"replies":[{"embeddable":true,"href":"https:\/\/charte-fontevrault-providentialisme.fr\/index.php\/wp-json\/wp\/v2\/comments?post=4758"}],"version-history":[{"count":0,"href":"https:\/\/charte-fontevrault-providentialisme.fr\/index.php\/wp-json\/wp\/v2\/posts\/4758\/revisions"}],"wp:attachment":[{"href":"https:\/\/charte-fontevrault-providentialisme.fr\/index.php\/wp-json\/wp\/v2\/media?parent=4758"}],"wp:term":[{"taxonomy":"category","embeddable":true,"href":"https:\/\/charte-fontevrault-providentialisme.fr\/index.php\/wp-json\/wp\/v2\/categories?post=4758"},{"taxonomy":"post_tag","embeddable":true,"href":"https:\/\/charte-fontevrault-providentialisme.fr\/index.php\/wp-json\/wp\/v2\/tags?post=4758"}],"curies":[{"name":"wp","href":"https:\/\/api.w.org\/{rel}","templated":true}]}}