{"id":49145,"date":"2022-09-26T10:50:08","date_gmt":"2022-09-26T08:50:08","guid":{"rendered":"https:\/\/charte-fontevrault-providentialisme.fr\/?p=49145"},"modified":"2022-09-26T10:50:48","modified_gmt":"2022-09-26T08:50:48","slug":"herve-voto-le-royalisme-en-algerie","status":"publish","type":"post","link":"https:\/\/charte-fontevrault-providentialisme.fr\/index.php\/2022\/09\/26\/herve-voto-le-royalisme-en-algerie\/","title":{"rendered":"Herv\u00e9 VOTO. LE ROYALISME EN ALGERIE."},"content":{"rendered":"<p><span style=\"font-size: 12pt; color: #008000;\"><strong><span style=\"color: #800080; font-size: 12pt;\"><em>\u00a0 Votre serviteur a voulu \u00e9crire pour\u00a0 nos amis transalpins. Les Royalistes d\u2019un certain \u00e2ge se trouveront confirm\u00e9 dans leur Foi et leur Tradition, les plus jeunes apprendront peut-\u00eatre quelque chose.<\/em><\/span><\/strong><\/span><\/p>\n<p><span style=\"color: #008000; font-size: 12pt;\">LE ROYALISME EN ALGERIE<\/span><\/p>\n<p><span style=\"color: #008000;\"><span style=\"font-size: 12pt;\">\u00a0 \u00a0 \u00a0Alger, juin 1962. un jeune de 26 ans en pleurs, n\u00e9 aux Bains-Romains actuel <\/span>El Hammamet<b> (<\/b><span style=\"color: #0000ff;\"> https:\/\/fr.wikipedia.org\/wiki\/Ba\u00efnem)\u00a0 <\/span><\/span><span style=\"color: #008000; font-size: 12pt;\">d&#8217;un p\u00e8re Franco-Sicilien et d&#8217;une Hispano-Maltaise, sa jeune \u00e9pouse de 25 ans \u00e9galement en pleurs, n\u00e9e quand \u00e0 elle \u00e0 Saint-Eug\u00e8ne\u00a0 <span style=\"font-size: 10pt;\"><em>Saint<\/em>&#8211;<em>Eug\u00e8ne<\/em> est le nom que portait la ville de Bologhine (dans la banlieue d&#8217;<em>Alger<\/em> en <em>Alg\u00e9rie<\/em>). <span style=\"color: #0000ff;\">https:\/\/fr.wikipedia.org\/wiki\/Bologhine<\/span>\u00a0 pendant la colonisation fran\u00e7aise.<\/span>de parents napolitains, et le dernier bien \u2013 et le plus important- qu&#8217;il leur reste, leur h\u00e9ritier, \u00e0 peine \u00e2g\u00e9 de 4 mois qui se tient sagement dans les bras de sa maman, montent dans un navire en direction de Marseille . Aujourd&#8217;hui, le b\u00e9b\u00e9 est devenu un homme adulte, grand et gros, et bien portant, qui n&#8217;\u00e9crit pas cet article que pour ceux qui ont perdu leur pays comme le chante si bien Enrico Massias <a style=\"color: #008000;\" href=\"https:\/\/www.youtube.com\/watch?v=RAkyKJHq5L4\"><span style=\"color: #0000ff;\">https:\/\/www.youtube.com\/watch?v=RAkyKJHq5L4<\/span><\/a><\/span><\/p>\n<p><span style=\"color: #008000; font-size: 12pt;\">\u00a0 \u00a0 \u00a0 Rappelons que le <strong>Royalisme en France<\/strong>, c&#8217;est avant tout<strong>\u00a0une attitude culturelle Catholique<\/strong>, celle de la Tradition. En politique, il participe du\u00a0<strong>principe d&#8217;expansion-\u00e9vang\u00e9lisation<\/strong>\u00a0dont L\u00e9on XIII et Charles de Foucault reprendront l&#8217;id\u00e9e : tout le contraire de l&#8217;actuel euro-mondialisme isalmisant ! C&#8217;est aussi\u00a0<strong>un nationalisme Fran\u00e7ais et Chr\u00e9tien<\/strong>\u00a0: mourir pour la Patrie, c&#8217;est mourir pour le salut de la soci\u00e9t\u00e9 Fran\u00e7aise destabilis\u00e9e par les id\u00e9es r\u00e9volutionnaires. C&#8217;est enfin,\u00a0<strong>face \u00e0 la masse, l&#8217;affirmation de la personne<\/strong>&#8230; voulue\u00a0<strong>Chr\u00e9tienne<\/strong>.<\/span><\/p>\n<div id=\"attachment_49267\" style=\"width: 214px\" class=\"wp-caption alignleft\"><img loading=\"lazy\" decoding=\"async\" aria-describedby=\"caption-attachment-49267\" class=\"wp-image-49267 size-full\" src=\"https:\/\/charte-fontevrault-providentialisme.fr\/wp-content\/uploads\/2022\/09\/204px-Marquis_de_Franclieu.jpg\" alt=\"\" width=\"204\" height=\"240\" \/><p id=\"caption-attachment-49267\" class=\"wp-caption-text\"><span style=\"color: #0000ff;\">https:\/\/fr.wikipedia.org\/wiki\/Famille_de_Pasquier_de_Franclieu#\/media\/Fichier:Marquis_de_Franclieu.jpg<\/span><\/p><\/div>\n<p><span style=\"color: #008000; font-size: 12pt;\">\u00a0 \u00a0 \u00a0 Les Royalistes L\u00e9gitimistes, colonisateurs de l&#8217;Alg\u00e9rie, dans les ann\u00e9es 1830 et 1840, pensaient avec les De Ligne, les Broglie (prononcer Breuil), les Polignac, que la conqu\u00eate de Charles X constituait le symbole d une nouvelle France, qui permettrait le renouveau de la Chr\u00e9tient\u00e9. Mais la Monarchie de Juillet commet l&#8217;erreur de retirer <strong>la religion Catholique seule religion de l&#8217;Etat<\/strong> selon la Charte Constitutionelle de 1814 dans la nouvelle Charte de 1830. D\u00e9j\u00e0, en 1840, le L\u00e9gitimiste Comte de Franclieu,( voir ci-contre l&#8217;illustration)\u00a0 d\u00e9l\u00e9gu\u00e9 des colons d&#8217;Alg\u00e9rie, s&#8217;oppose \u00e0 l&#8217;Orl\u00e9aniste Bugeaud.<\/span><\/p>\n<p><span style=\"color: #008000; font-size: 12pt;\">\u00a0 \u00a0 Bon, la Monarchie de Juillet va s&#8217;efforcer tout de m\u00eame de continuer la conqu\u00eate de l&#8217;Alg\u00e9rie. Le 19 mai 1843, c&#8217;est le propre fils du Roi Louis-Philippe qui s&#8217;empare h\u00e9ro\u00efquement de la smalla d&#8217;Abdel Kader : Henri d&#8217;Orl\u00e9ans, Duc d&#8217;Aumale se couvre d&#8217;une gloire bien m\u00e9rit\u00e9e qui a un grand retentissement en France.<\/span><\/p>\n<p><span style=\"color: #008000; font-size: 12pt;\">\u00a0 \u00a0 \u00a0Mais le Comte de Chambord, dans sa <em>Lettre sur l&#8217;Alg\u00e9rie<\/em>, dat\u00e9e du 30 juin 1865, ne dissociait pas colonisation et \u00e9vang\u00e9lisation, pr\u00e9figurant ainsi le souhait du P\u00e8re Charles de Foucauld. Prolongement naturel de la M\u00e9tropole, l&#8217;Alg\u00e9rie ne pouvait \u00eatre conserv\u00e9e que dans le cadre d&#8217;une souverainet\u00e9 Fran\u00e7aise intangible. Le Second Empire reprendra cependant la politique la\u00efcarde de la Monarchie de Juillet,\u00a0<em>emp\u00e9chant que les colonis\u00e9s ne soient \u00e9vang\u00e9lis\u00e9s<\/em>. Et c&#8217;est un afflux massif d&#8217;Alsaciens fuyant l&#8217;invasion germano-protestante de l&#8217;Alsace et de la Lorraine qui va enraciner le Catholicisme en Alg\u00e9rie, Catholicisme maintenu vivant garce aux colons italiens, espagnols, maltais qui voulurent devenir Fran\u00e7ais.<\/span><\/p>\n<div id=\"attachment_49269\" style=\"width: 244px\" class=\"wp-caption alignright\"><img loading=\"lazy\" decoding=\"async\" aria-describedby=\"caption-attachment-49269\" class=\"wp-image-49269 size-medium\" src=\"https:\/\/charte-fontevrault-providentialisme.fr\/wp-content\/uploads\/2022\/09\/Barbey-234x300.jpg\" alt=\"\" width=\"234\" height=\"300\" srcset=\"https:\/\/charte-fontevrault-providentialisme.fr\/wp-content\/uploads\/2022\/09\/Barbey-234x300.jpg 234w, https:\/\/charte-fontevrault-providentialisme.fr\/wp-content\/uploads\/2022\/09\/Barbey-799x1024.jpg 799w, https:\/\/charte-fontevrault-providentialisme.fr\/wp-content\/uploads\/2022\/09\/Barbey-768x984.jpg 768w, https:\/\/charte-fontevrault-providentialisme.fr\/wp-content\/uploads\/2022\/09\/Barbey-624x799.jpg 624w, https:\/\/charte-fontevrault-providentialisme.fr\/wp-content\/uploads\/2022\/09\/Barbey.jpg 1093w\" sizes=\"auto, (max-width: 234px) 100vw, 234px\" \/><p id=\"caption-attachment-49269\" class=\"wp-caption-text\"><span style=\"color: #0000ff;\">https:\/\/fr.wikipedia.org\/wiki\/Jules_Barbey_d%27Aurevilly<\/span><\/p><\/div>\n<p><span style=\"font-size: 12pt; color: #008000;\">\u00a0 \u00a0 De fa\u00e7on g\u00e9n\u00e9rale, les L\u00e9gitimistes furent hostiles \u00e0 la colonisation affairiste d&#8217;apr\u00e8s 1880. Ils \u00e9taient tr\u00e8s attach\u00e9s \u00e0 la colonisation de l&#8217;Alg\u00e9rie, testament de la L\u00e9gitimit\u00e9 Catholique et Royale selon Tudesq. Les L\u00e9gitimistes \u00e9taient surtout favorables \u00e0 la colonisation \u00e0 des fins de Christianisation : Pierre-Antoine Berryer ou Louis de Baudicour s&#8217;inqui\u00e9taient de la r\u00e9sistance de l&#8217;Islam arabe. La critique de la colonisation se renforce chez certains auteurs l\u00e9gitimistes comme Barbey d&#8217;Aurevilly.<\/span><\/p>\n<p><span style=\"color: #008000; font-size: 12pt;\">\u00a0 \u00a0 Sur l&#8217;esclavage, les L\u00e9gitimistes en tant que Catholiques, \u00e9taient en grande majorit\u00e9 abolitionistes. Ce sujet permettait d&#8217;ailleurs de critiquer les \u00ab <em>anglo-saxons<\/em>\u00a0\u00bb et l&#8217;hypocrisie de leur morale pr\u00e9tendument humanitaire.\u00a0<\/span><\/p>\n<p><span style=\"color: #008000; font-size: 12pt;\">\u00a0 \u00a0 \u00a0Mais apr\u00e8s la mort du Comte de Chambord en 1873, le L\u00e9gitimisme s&#8217;essouffle en Alg\u00e9rie.<\/span><\/p>\n<p><span style=\"color: #008000; font-size: 12pt;\">\u00a0 \u00a0 \u00a0 Le Toast d&#8217;Alger du Cardinal\u00a0 Charles Lavigerie <span style=\"color: #0000ff;\">https:\/\/www.herodote.net\/18_novembre_1890-evenement-18901118.php<\/span>\u00a0 qui pr\u00f4ne le Rallliement des Catholiques \u00e0 la R\u00e9publique comme le d\u00e9sire le pape L\u00e9on XIII, porte un coup au Royalisme politique, ce des deux c\u00f4t\u00e9s de la M\u00e9dit\u00e9rann\u00e9e. <em>Et puis les terres nouvelles s&#8217;acomodent mal du Royalisme<\/em>&#8230;<\/span><\/p>\n<p><span style=\"color: #008000; font-size: 12pt;\">Lorsque l&#8217;id\u00e9e Royaliste reprend vie avec l&#8217;<strong><em>A<\/em><\/strong><em>ction\u00a0<strong>F<\/strong>ran\u00e7aise<\/em>, cette souverainet\u00e9 ne pouvait \u00eatre d\u00e9fendue que dans le cadre du nationalisme int\u00e9gral, Catholique et Monarchique, d\u00e9fenseur des particularismes locaux. Du Pied Noir, issu des colonisateurs, Charles Maurras disait : \u00ab\u00a0<em>C est un homme d esprit, fier, ferme, solide, c&#8217;est un citoyen<\/em>\u00a0\u00bb.<\/span><\/p>\n<p><span style=\"color: #008000; font-size: 12pt;\">\u00a0 \u00a0 \u00a0La dissolution des Camelots du Roi\u00a0 <span style=\"color: #0000ff;\">https:\/\/fr.wikipedia.org\/wiki\/F\u00e9d\u00e9ration_nationale_des_Camelots_du_ro<\/span>i apr\u00e8s le 6 F\u00e9vrier 1934 pousse les Royalistes en Alg\u00e9rie. Paul Creuveux pr\u00e9side un banquet de Camelots \u00e0 Philippeville : but, relancer le mouvement Royaliste en Alg\u00e9rie. Paul Sicard, Pr\u00e9sident de la Chambre de l&#8217;Agriculture \u00e0 Alger, rejoint l&#8217;AF et \u00e9crit un essai, <em>Vocation Monarchique de la France<\/em>. Certains membre de l&#8217;AF manifestent aux c\u00f4t\u00e9 du\u00a0<em>Parti Populaire Fran\u00e7ais<\/em><span style=\"color: #0000ff;\"> https:\/\/fr.vikidia.org\/wiki\/Parti_populaire_fran\u00e7ais<\/span> de Jacques Doriot.<\/span><\/p>\n<p><span style=\"color: #008000; font-size: 12pt;\">Sous l&#8217;occupation, si le gouvernement officiel est \u00e0 Vichy, en zone ocupp\u00e9e, un gouvernement officieux se r\u00e9unit \u00e0 Alger, \u00ab\u00a0<em>le petit Nice<\/em> \u00bb, situ\u00e9 en zone libre. C&#8217;est \u00e0 Alger que la Banque de France a tranf\u00e9r\u00e9 les fonds souverains de l&#8217;Etat. Au grand dam de l&#8217;holigarchie qui constate am\u00e8rement que l&#8217;Alg\u00e9rie Fran\u00e7aise est devenue plus que Catholique&#8230; et Royaliste (!) que la m\u00e9tropole, d\u00e9christianis\u00e9e \u00e0 coup Loi de S\u00e9paration de l&#8217;Eglise et de l&#8217;Etat. En m\u00e9trop\u00f4le, les Royalistes se divisent\u00a0: certains vont dans la R\u00e9sistance comme Honor\u00e9 d&#8217;Estienne d&#8217;Orves ou le Colonnel R\u00e9my, d&#8217;autres rejoignent le Mar\u00e9chal P\u00e9tain.<\/span><\/p>\n<p><span style=\"color: #008000; font-size: 12pt;\">\u00a0 \u00a0 \u00a0Le 1er novembre 1954, en Alg\u00e9rie, des ind\u00e9pendantistes commettent plusieurs dizaines d&#8217;attentats contre les Pieds Noirs, dont certains meurtriers. C&#8217;est la \u00ab <em>Toussaint rouge<\/em>\u00a0\u00bb\u00a0-viols de femmes Fran\u00e7aises,\u00a0fusillades, r\u00e9coltes incendi\u00e9es, gendarmerie bombard\u00e9e- \u00e0 l&#8217;origine de la Guerre d&#8217;Alg\u00e9rie, huit ann\u00e9es de tourments qui vont marquer durablement les esprits et les coeurs des deux c\u00f4t\u00e9s de la M\u00e9diterran\u00e9e&#8230;\u00a0<\/span><\/p>\n<div id=\"attachment_49265\" style=\"width: 246px\" class=\"wp-caption alignleft\"><img loading=\"lazy\" decoding=\"async\" aria-describedby=\"caption-attachment-49265\" class=\"wp-image-49265 size-medium\" src=\"https:\/\/charte-fontevrault-providentialisme.fr\/wp-content\/uploads\/2022\/09\/MARTEL_PHOTO_2.thumb_-236x300.jpg\" alt=\"\" width=\"236\" height=\"300\" srcset=\"https:\/\/charte-fontevrault-providentialisme.fr\/wp-content\/uploads\/2022\/09\/MARTEL_PHOTO_2.thumb_-236x300.jpg 236w, https:\/\/charte-fontevrault-providentialisme.fr\/wp-content\/uploads\/2022\/09\/MARTEL_PHOTO_2.thumb_.jpg 314w\" sizes=\"auto, (max-width: 236px) 100vw, 236px\" \/><p id=\"caption-attachment-49265\" class=\"wp-caption-text\">https:\/\/deltas-collines.org\/galerie\/ROBERTMARTEL<\/p><\/div>\n<p><span style=\"color: #008000; font-size: 12pt;\">\u00a0 \u00a0 Etant fils de Pied Noir, vous me permettrez deux mots sur l\u2019Alg\u00e9rie Fran\u00e7aise et le MP 13\u00a0 <\/span><span style=\"color: #0000ff; font-size: 12pt;\"><a style=\"color: #0000ff;\" href=\"https:\/\/fr.wikipedia.org\/wiki\/Mouvement_populaire_du_13-Mai\">https:\/\/fr.wikipedia.org\/wiki\/Mouvement_populaire_du_13-Mai<\/a><\/span><span style=\"color: #008000; font-size: 12pt;\">Il y a une quinzaine d\u2019ann\u00e9es, mon oncle, Royaliste Survivantiste et dessinateur en b\u00e9ton arm\u00e9 \u00e0 la retraite et\u00a0membre du\u00a0MP 13 <\/span><span style=\"color: #008000; font-size: 12pt;\"><a style=\"color: #008000;\" href=\"http:\/\/manifpn2012.canalblog.com\/archives\/2011\/07\/20\/21645254.html\"><span style=\"color: #0000ff;\">http:\/\/manifpn2012.canalblog.com\/archives\/2011\/07\/20\/21645254.html<\/span><\/a><span style=\"color: #0000ff;\">\u00a0<\/span><\/span><span style=\"color: #008000; font-size: 12pt;\">me conseilla un livre de Claude Mouton-Raimbeau et de Robert Martel <span style=\"color: #0000ff;\">https:\/\/fr.wikipedia.org\/wiki\/Robert_Martel<\/span> \u00a0, tout deux \u00e9galement Survivantistes, <em>LA CONTRE REVOLUTION EN ALGERIE<\/em>\u00a0(DPF). Ce livre retrace l\u2019\u00e9pop\u00e9e d\u2019un groupe de Chouans modernes -dont l\u2019\u00e9poux de la soeur a\u00een\u00e9e de papa, alors \u00e2g\u00e9 de trente ans- qui, sous la conduite de Robert Martel, se lanc\u00e8rent dans l\u2019action non seulement pour d\u00e9fendre l\u2019Alg\u00e9rie Fran\u00e7aise, mais surtout pour redonner une \u00e2me Chr\u00e9tienne \u00e0 la France.<\/span><\/p>\n<p><span style=\"color: #008000; font-size: 12pt;\"><em>\u00a0 \u00a0 La Contrer\u00e9volution en Alg\u00e9rie<\/em>\u00a0est l&#8217;histoire de combat. L&#8217;\u00e9pop\u00e9e des Chouans de la Mitija qui, sous la conduite de Robert Martel, se lanc\u00e8rent dans l&#8217;action non seulement pour d\u00e9fendre l&#8217;Alg\u00e9rie Fran\u00e7aise, mais surtout pour redonner une \u00e2me Chr\u00e9tienne \u00e0 la France. Voici 60 ans que l&#8217;Alg\u00e9rie a \u00e9t\u00e9 d\u00e9tach\u00e9e du patrimoine national. Durant ces 60 ann\u00e9es, les adeptes de la R\u00e9volution ont \u00e9crit des quantit\u00e9s d&#8217;ouvrages qui tendent \u00e0 classer les Fran\u00e7ais d&#8217;Alg\u00e9rie dans l&#8217;une ou l&#8217;autre des subversions, F.L.N. ou O.A.S., communiste ou capitaliste, terroriste ou contre-terroriste.\u00a0<\/span><\/p>\n<p><span style=\"color: #008000; font-size: 12pt;\">\u00a0 \u00a0 \u00a0 6 f\u00e9vrier 1956, 13 mai 1958, 24 janvier 1960, 22 avril 1961 : autant de dates qui jalonn\u00e8rent le martyre de l&#8217;Alg\u00e9rie et auxquelles la Contrer\u00e9volution se trouva \u00e9troitement m\u00eal\u00e9e. Les &#8220;<em>Pieds-Noirs<\/em>&#8221; retrouveront ici l&#8217;histoire de l&#8217;U.F.N.A.\u00a0<\/span><\/p>\n<h1>(Union Fran\u00e7aise Nord Africaine)<\/h1>\n<p><span style=\"color: #008000; font-size: 12pt;\">, du C.R.F., du M.P. 13. Ils revivront le 13 mai 1958, le MP13, les barricades, le putsch, l&#8217;O.A.S., mais en m\u00e9ditant sur le dessous des cartes.\u00a0<\/span><\/p>\n<p><span style=\"color: #008000; font-size: 12pt;\">\u00a0 \u00a0 \u00a0 Car la franc-ma\u00e7onnerie, dont la philosophie se base sur l\u2019utopie templi\u00e8re du m\u00e9lange des religions Chr\u00e9tiennes et non Chr\u00e9tiennes, et du m\u00e9tissage des races, avait d\u00e9cid\u00e9 de liquider l\u2019Alg\u00e9rie, jug\u00e9e trop Catholique, trop Royaliste et trop\u2026 Fran\u00e7aise ! Ce jeu subtil t\u00e9l\u00e9guid\u00e9 par le pouvoir euro-mondialiste en place avec la R\u00e9publique -elle m\u00eame sous la coupe de ces fortunes anonymes et vagabondes qui nous voudraient tous m\u00e9tis, b\u00e2tards, cr\u00e9tins et prostitu\u00e9s (et ce, depuis la plus tendre enfance!), tous n\u00e9s de p\u00e8re inconnu et mourrant tous c\u00e9libataires- travaillant pour la liquidation de l\u2019Empire Fran\u00e7ais, la constitution de grands ensembles \u00e9conomiques logiques anti-naturels dont l\u2019Union Europ\u00e9ennes en est l\u2019aboutissement concret sur notre continent, et la promotion d\u2019un syncr\u00e9tisme spirituel qui favorise des influences religieuses fondamentalement hostiles au Catholicisme traditionnel, a \u00e9t\u00e9 d\u00e9masqu\u00e9 par des Contrer\u00e9volutionnaires venus de \u00ab l\u00e0-bas \u00bb.<\/span><\/p>\n<p><span style=\"color: #008000; font-size: 12pt;\"><strong>La vengeance des Tenpliers : l\u2019islamisation de la France et de l\u2019Europe ! Le masque a \u00e9t\u00e9 arrach\u00e9. Non pas en th\u00e9orie, dans des salons d\u2019intellectuels, mais sur le terrain, en pratique, dans la rue, par Robert Martel et ses amis, qui ne furent pas des h\u00e9ros mais des r\u00e9sistants<\/strong>.<\/span><\/p>\n<p><span style=\"color: #008000; font-size: 12pt;\">\u00a0 \u00a0Par ce livre, <em>LA CONTRE REVOLUTION EN ALGERIE<\/em>, les Fran\u00e7ais de m\u00e9tropole, intoxiqu\u00e9s bien souvent \u00e0 l\u2019\u00e9poque par une propagande mensong\u00e8re, ouvriront les yeux -il n\u2019est jamais trop tard- sur cet aspect trop m\u00e9connu du drame alg\u00e9rien. Ils verront comment la d\u00e9fense de l\u2019Alg\u00e9rie Fran\u00e7aise \u00e9tait li\u00e9e \u00e0 la d\u00e9fense de la paysannerie Fran\u00e7aise, du commerce, de la petite et moyenne entreprise. Les Catholiques, les Royalistes, les patriotes, les ruraux, les Fran\u00e7ais de bonne foi comprendront que le Sacr\u00e9-Coeur du P\u00e8re de Foucault ait rejoint le Sacr\u00e9-Coeur de la Vend\u00e9e Militaire, avec la m\u00eame signification : le <strong>Coeur de l\u2019Amour<\/strong>\u00a0surmont\u00e9 de la\u00a0<strong>Croix du Sacrifice<\/strong>.<\/span><\/p>\n<p><span style=\"color: #008000; font-size: 12pt;\">\u00a0 \u00a0 \u00a0 En m\u00e9tropole, l\u2019<strong><em>A<\/em><\/strong><em>ction\u00a0<strong>F<\/strong>ran\u00e7aise<\/em>, rebaptis\u00e9e\u00a0<strong><em>R<\/em><\/strong><em>estauration\u00a0<strong>N<\/strong>ationale<\/em>, appellera \u00e0 \u00ab\u00a0<em>l\u2019union totale entre l\u2019arm\u00e9e Fran\u00e7aise et les populations Fran\u00e7aises d\u2019Alg\u00e9rie<\/em>\u00a0\u00bb et rejoindra le Comte de Paris qui appelle \u00e0 sauver ces d\u00e9partements Fran\u00e7ais d\u2019Afrique (4 ans plus t\u00f4t une insurrection ind\u00e9pendantiste avait \u00e9clat\u00e9 \u00e0 la Toussaint 1954)\u00a0avant pr\u00f4ner le ralliement \u00e0 de Gaulle, ce qui lui vaudra le rejet de nombreux Royalistes. Seule la mort de son fils le Prince Fran\u00e7ois d&#8217;Orl\u00e9ans (1935-1960), tomb\u00e9 en Alg\u00e9rie au champ d&#8217;honneur, les attendrira un peu.<\/span><\/p>\n<p><span style=\"color: #008000; font-size: 12pt;\"><strong>\u00a0 \u00a0 \u00a0 \u00a0 \u00a0Charles Maurras nous ayant enseign\u00e9 que \u00ab <em>la Tradition est critique<\/em>\u00a0\u00bb, nous, Royalistes, nous n&#8217;assumons pas le tout de l&#8217;h\u00e9ritage Fran\u00e7ais. Nous ne faisons pas n\u00f4tre l&#8217;h\u00e9ritage des abominations de la R\u00e9volution, ni celles de la collaboration, ni celles de la Lib\u00e9ration, ni celles du Gaullisme complice des massacre de Pieds Noirs comme \u00e0 Oran et du g\u00e9nocide des Harkis de l&#8217;Alg\u00e9ie Fran\u00e7aise abandonn\u00e9e<\/strong>.<\/span><\/p>\n<div id=\"attachment_49263\" style=\"width: 239px\" class=\"wp-caption alignright\"><img loading=\"lazy\" decoding=\"async\" aria-describedby=\"caption-attachment-49263\" class=\"wp-image-49263 size-medium\" src=\"https:\/\/charte-fontevrault-providentialisme.fr\/wp-content\/uploads\/2022\/09\/Abbe\u0301_de_Nantes-229x300.jpg\" alt=\"\" width=\"229\" height=\"300\" srcset=\"https:\/\/charte-fontevrault-providentialisme.fr\/wp-content\/uploads\/2022\/09\/Abbe\u0301_de_Nantes-229x300.jpg 229w, https:\/\/charte-fontevrault-providentialisme.fr\/wp-content\/uploads\/2022\/09\/Abbe\u0301_de_Nantes.jpg 560w\" sizes=\"auto, (max-width: 229px) 100vw, 229px\" \/><p id=\"caption-attachment-49263\" class=\"wp-caption-text\"><span style=\"color: #0000ff;\">https:\/\/www.wikiwand.com\/fr\/Georges_de_Nantes#Media\/Fichier:Abb\u00e9_de_Nantes.jpg<\/span><\/p><\/div>\n<p><span style=\"color: #008000; font-size: 12pt;\">\u00a0 \u00a0 \u00a0 \u00a0 Mais c\u2019est bien la grosse col\u00e8re de Royalistes exc\u00e9d\u00e9s qui, voyant venir la trahison, le 13 Mai 1958, fera tomber la IV\u00b0 R\u00e9publique. Mais c\u2019est la rupture avec le Comte de Paris qui emp\u00eacha la Restauration. Les Bourbons-Parme, de leur c\u00f4t\u00e9, \u00e9taient emp\u00e9tr\u00e9s par les guerres Carlistes en Espagne, le Prince Napol\u00e9on n&#8217;\u00e9tant pas pr\u00eat et le Grand Monarque des proph\u00e9ties n\u2019\u00e9tait pas encore venu au monde, son p\u00e8re n\u2019\u00e9tant sans doute qu\u2019un jeune teen-ager fan de James Dean et de sa <em>Fureur de vivre<\/em> et son grand p\u00e8re \u00e9tant mort peut-\u00eatre trop t\u00f4t, on se sait pas. Seul l&#8217;Abb\u00e9 Georges de Nantes <span style=\"color: #0000ff;\">https:\/\/www.wikiwand.com\/fr\/Georges_de_Nantes<\/span> , qui avec sa <strong>Phalange Catholique, Royaliste et communautaire<\/strong>, d\u00e9fendit becs et ongles la cause de l&#8217;Alg\u00e9rie Fran\u00e7aise, voyait les choses clairement : <\/span><span style=\"color: #008000; font-size: 12pt;\">&#8211;<em>Choisir son prince, c&#8217;est d\u00e9j\u00e0 \u00eatre r\u00e9publicain<\/em>\u00a0!<\/span><\/p>\n<p><span style=\"color: #008000; font-size: 12pt;\">\u00a0 \u00a0 En M\u00e9tropole, l&#8217;<strong><em>A<\/em><\/strong><em>ction\u00a0<strong>F<\/strong>ran\u00e7aise<\/em>\u00a0appellera \u00e0\u00a0<strong>\u00ab\u00a0<em>l&#8217;union totale de l&#8217;arm\u00e9e Fran\u00e7aise et des populations Fran\u00e7aises d&#8217;alg\u00e9rie<\/em> \u00bb et on retrouvera bient\u00f4t de nombreux Royaliste demander plus d&#8217;Ordre, d&#8217;Avenir et de S\u00e9curit\u00e9. Les murs<em> d&#8217;Alger la Blanche<\/em> se couvriront de Sacr\u00e9-Coeur.<\/strong><\/span><\/p>\n<p><span style=\"color: #008000; font-size: 12pt;\">\u00a0 \u00a0 Et comme il faudra encore un demi-si\u00e8cle avant d\u2019aller chercher le Prince Alphonse, le G\u00e9n\u00e9ral d\u2019en profiter pour instaurer par la V\u00b0 R\u00e9publique une R\u00e9gence de fait, une R\u00e9gence R\u00e9publicaine -ou une Monarchie \u00e9lective, si vous pr\u00e9f\u00e9rez- promettant au Comte de Paris de l&#8217;appeler tr\u00f4ne en 1965 pour calmer les Royalistes, ce qui n\u2019arriva pas, l\u2019article 89 de la constitution pr\u00e9voyant que \u00ab <em>la forme r\u00e9publicaine de gouvernement ne peut faire l\u2019objet d\u2019une r\u00e9vision<\/em>\u00a0\u00bb, De Gaulle ayant pris ses cons-citoyens pour ce qu\u2019ils sont. Et \u00e7\u00e0 continue avec Macron.<\/span><\/p>\n<p><span style=\"color: #008000; font-size: 12pt;\">\u00a0 \u00a0 \u00a0 Et \u00e0 l&#8217;heure o\u00f9 la France est en guerre, contre le terrorisme au nom de l&#8217;islam, contre la barbarie anti-s\u00e9mite et anti-chr\u00e9tienne et contre l&#8217;aveuglement de nos gouvernants ripoux-blicains m\u00e9cr\u00e9ants, parvenus, et petits-bourgeois, certains fils de Pieds Noirs se rappellent \u00e0 l&#8217;image de votre serviteur que c&#8217;est la Royaut\u00e9 qui fit l&#8217;<strong>Alg\u00e9rie Fran\u00e7aise<\/strong> de Dunkerque \u00e0 Tamanrasset* et que c&#8217;est la R\u00e9publique qui pr\u00e9pare la France Alg\u00e9rienne de Tamanrasset \u00e0 Dunkerque.<\/span><\/p>\n<div id=\"attachment_49271\" style=\"width: 510px\" class=\"wp-caption aligncenter\"><img loading=\"lazy\" decoding=\"async\" aria-describedby=\"caption-attachment-49271\" class=\"wp-image-49271 size-full\" src=\"https:\/\/charte-fontevrault-providentialisme.fr\/wp-content\/uploads\/2022\/09\/500px-AeroportTamanrasset.jpg\" alt=\"\" width=\"500\" height=\"375\" srcset=\"https:\/\/charte-fontevrault-providentialisme.fr\/wp-content\/uploads\/2022\/09\/500px-AeroportTamanrasset.jpg 500w, https:\/\/charte-fontevrault-providentialisme.fr\/wp-content\/uploads\/2022\/09\/500px-AeroportTamanrasset-300x225.jpg 300w, https:\/\/charte-fontevrault-providentialisme.fr\/wp-content\/uploads\/2022\/09\/500px-AeroportTamanrasset-240x180.jpg 240w\" sizes=\"auto, (max-width: 500px) 100vw, 500px\" \/><p id=\"caption-attachment-49271\" class=\"wp-caption-text\"><span style=\"color: #0000ff;\">https:\/\/fr.wikipedia.org\/wiki\/Tamanrasset#\/media\/Fichier:AeroportTamanrasset.jpg<\/span><\/p><\/div>\n<ul>\n<li><span style=\"color: #008000;\">Ville situ\u00e9e dans le Sud de l&#8217;<a style=\"color: #008000;\" title=\"Alg\u00e9rie\" href=\"https:\/\/fr.wikipedia.org\/wiki\/Alg%C3%A9rie\">Alg\u00e9rie<\/a>, \u00e0 1\u00a0900\u00a0<abbr class=\"abbr\" title=\"kilom\u00e8tre\">km<\/abbr> au sud d&#8217;Alger,.<\/span> <span style=\"color: #0000ff;\">https:\/\/fr.wikipedia.org\/wiki\/Tamanrasset<\/span><\/li>\n<\/ul>\n<p><span style=\"color: #008000; font-size: 12pt;\">\u00a0 \u00a0<\/span><strong><span style=\"color: #008000; font-size: 12pt;\">Mon message aux mouvements Royalistes : le Royalisme politique, pour sortir de l&#8217;hibernation o\u00f9 la Ralliement du 16 f\u00e9vrier 1892 l&#8217;a plong\u00e9, devra (re)devenir un mouvement Catholique autant que patriotique, rappelant la vocation Catholique de la France et de ses Rois, et pr\u00f4nant la doctrine sociale de l&#8217;Eglise comme ligne de conduite politique. Catholiques et Fran\u00e7ais toujours ! Et Royalistes parce que Catholiques et Fran\u00e7ais&#8230;<\/span><\/strong><\/p>\n<p><span style=\"color: #008000; font-size: 12pt;\">\u00a0 \u00a0 A partir de l\u00e0, dans une communion totale, tous conna\u00eetront mieux l&#8217;adversaire \u00e0 abattre pour construire l&#8217;avenir. Tel est le message que, fort de son exp\u00e9rience, la Contrer\u00e9volution veut maintenant lancer aujourd&#8217;hui.<\/span><\/p>\n<p><span style=\"color: #ff6600; font-size: 12pt;\">Herv\u00e9 J. VOLTO, CJA, Pr\u00e9sident Honoraire de la Charte de Fontevrault (Pr\u00e9sident 1991-1994), membre du Chapitre G\u00e9n\u00e9ral et D\u00e9l\u00e9gu\u00e9 Officiel pour l\u2019Italie<\/span><\/p>\n<p><span style=\"color: #008000; font-size: 12pt;\">Pour approfondir :<\/span><\/p>\n<p><span style=\"color: #008000; font-size: 12pt;\">Armorial des communes de l&#8217;Alg\u00e9rie Fran\u00e7aise<\/span><\/p>\n<p><span style=\"font-size: 12pt; color: #0000ff;\"><a style=\"color: #0000ff;\" href=\"http:\/\/forgalus.free.fr\/LE%20COIN%20DE%20JEAN%20PAUL%20FERNON\/BLASONS%20DE%20L%27ALGERIE%20FRANCAISE\/X%20Blasons%20d%27Algerie%20francaise%20-%20Planche%202017.pdf\">http:\/\/forgalus.free.fr\/LE%20COIN%20DE%20JEAN%20PAUL%20FERNON\/BLASONS%20DE%20L%27ALGERIE%20FRANCAISE\/X%20Blasons%20d%27Algerie%20francaise%20-%20Planche%202017.pdf<\/a><\/span><\/p>\n","protected":false},"excerpt":{"rendered":"<p>\u00a0 Votre serviteur a voulu \u00e9crire pour\u00a0 nos amis transalpins. Les Royalistes d\u2019un certain \u00e2ge se trouveront confirm\u00e9 dans leur Foi et leur Tradition, les plus jeunes apprendront peut-\u00eatre quelque&#8230; <a href=\"https:\/\/charte-fontevrault-providentialisme.fr\/index.php\/2022\/09\/26\/herve-voto-le-royalisme-en-algerie\/\">Cliquez pour lire davantage &raquo;<\/a><\/p>\n","protected":false},"author":2,"featured_media":0,"comment_status":"open","ping_status":"open","sticky":false,"template":"","format":"standard","meta":{"footnotes":""},"categories":[31069],"tags":[32341,32345,32343,32326,3903,8682,32344,9341,11939,32349,19533,32342,27511],"class_list":["post-49145","post","type-post","status-publish","format-standard","hentry","category-action-memorielle","tag-abbe-georges-de-nantes-1924-2010","tag-armorial-dalgerie","tag-armorial-des-communes-de-lalgerie","tag-cardinal-charles-lavigerie-1825-1892","tag-commune-de-dunkerque-59140","tag-harkis","tag-http-forgalus-free-fr","tag-http-fr-wikipedia-org","tag-islam","tag-le-ralliement-18-novembre-1890","tag-pieds-noirs","tag-robert-martel-chouan-de-la-mitidja-1921-1997","tag-tamanrasset-algerie"],"_links":{"self":[{"href":"https:\/\/charte-fontevrault-providentialisme.fr\/index.php\/wp-json\/wp\/v2\/posts\/49145","targetHints":{"allow":["GET"]}}],"collection":[{"href":"https:\/\/charte-fontevrault-providentialisme.fr\/index.php\/wp-json\/wp\/v2\/posts"}],"about":[{"href":"https:\/\/charte-fontevrault-providentialisme.fr\/index.php\/wp-json\/wp\/v2\/types\/post"}],"author":[{"embeddable":true,"href":"https:\/\/charte-fontevrault-providentialisme.fr\/index.php\/wp-json\/wp\/v2\/users\/2"}],"replies":[{"embeddable":true,"href":"https:\/\/charte-fontevrault-providentialisme.fr\/index.php\/wp-json\/wp\/v2\/comments?post=49145"}],"version-history":[{"count":10,"href":"https:\/\/charte-fontevrault-providentialisme.fr\/index.php\/wp-json\/wp\/v2\/posts\/49145\/revisions"}],"predecessor-version":[{"id":49279,"href":"https:\/\/charte-fontevrault-providentialisme.fr\/index.php\/wp-json\/wp\/v2\/posts\/49145\/revisions\/49279"}],"wp:attachment":[{"href":"https:\/\/charte-fontevrault-providentialisme.fr\/index.php\/wp-json\/wp\/v2\/media?parent=49145"}],"wp:term":[{"taxonomy":"category","embeddable":true,"href":"https:\/\/charte-fontevrault-providentialisme.fr\/index.php\/wp-json\/wp\/v2\/categories?post=49145"},{"taxonomy":"post_tag","embeddable":true,"href":"https:\/\/charte-fontevrault-providentialisme.fr\/index.php\/wp-json\/wp\/v2\/tags?post=49145"}],"curies":[{"name":"wp","href":"https:\/\/api.w.org\/{rel}","templated":true}]}}