{"id":49163,"date":"2022-09-21T10:32:16","date_gmt":"2022-09-21T08:32:16","guid":{"rendered":"https:\/\/charte-fontevrault-providentialisme.fr\/?p=49163"},"modified":"2022-09-20T21:40:47","modified_gmt":"2022-09-20T19:40:47","slug":"covid-19-vous-avez-dit-complotisme","status":"publish","type":"post","link":"https:\/\/charte-fontevrault-providentialisme.fr\/index.php\/2022\/09\/21\/covid-19-vous-avez-dit-complotisme\/","title":{"rendered":"Covid 19. Vous avez dit &#8220;complotisme&#8221; ?"},"content":{"rendered":"<p><span style=\"font-size: 12pt; color: #008000;\">Merci \u00e0 Christian Boineau, d\u00e9l\u00e9gu\u00e9 de la Charte de Fontevrault pour\u00a0 cette info.<\/span><\/p>\n<p><img loading=\"lazy\" decoding=\"async\" class=\"alignleft wp-image-49164 size-large\" src=\"https:\/\/charte-fontevrault-providentialisme.fr\/wp-content\/uploads\/2022\/09\/Capture-de\u0301cran-2022-09-20-a\u0300-12.06.53-1024x546.png\" alt=\"\" width=\"625\" height=\"333\" srcset=\"https:\/\/charte-fontevrault-providentialisme.fr\/wp-content\/uploads\/2022\/09\/Capture-de\u0301cran-2022-09-20-a\u0300-12.06.53-1024x546.png 1024w, https:\/\/charte-fontevrault-providentialisme.fr\/wp-content\/uploads\/2022\/09\/Capture-de\u0301cran-2022-09-20-a\u0300-12.06.53-300x160.png 300w, https:\/\/charte-fontevrault-providentialisme.fr\/wp-content\/uploads\/2022\/09\/Capture-de\u0301cran-2022-09-20-a\u0300-12.06.53-768x410.png 768w, https:\/\/charte-fontevrault-providentialisme.fr\/wp-content\/uploads\/2022\/09\/Capture-de\u0301cran-2022-09-20-a\u0300-12.06.53-1536x820.png 1536w, https:\/\/charte-fontevrault-providentialisme.fr\/wp-content\/uploads\/2022\/09\/Capture-de\u0301cran-2022-09-20-a\u0300-12.06.53-624x333.png 624w, https:\/\/charte-fontevrault-providentialisme.fr\/wp-content\/uploads\/2022\/09\/Capture-de\u0301cran-2022-09-20-a\u0300-12.06.53-1320x704.png 1320w, https:\/\/charte-fontevrault-providentialisme.fr\/wp-content\/uploads\/2022\/09\/Capture-de\u0301cran-2022-09-20-a\u0300-12.06.53.png 1784w\" sizes=\"auto, (max-width: 625px) 100vw, 625px\" \/><\/p>\n","protected":false},"excerpt":{"rendered":"<p>Merci \u00e0 Christian Boineau, d\u00e9l\u00e9gu\u00e9 de la Charte de Fontevrault pour\u00a0 cette info.<\/p>\n","protected":false},"author":2,"featured_media":0,"comment_status":"open","ping_status":"open","sticky":false,"template":"","format":"standard","meta":{"footnotes":""},"categories":[21],"tags":[3187,4523,5236],"class_list":["post-49163","post","type-post","status-publish","format-standard","hentry","category-limites-de-la-republique","tag-christian-boineau","tag-complotisme","tag-delegue-de-la-charte-de-fontevrault"],"_links":{"self":[{"href":"https:\/\/charte-fontevrault-providentialisme.fr\/index.php\/wp-json\/wp\/v2\/posts\/49163","targetHints":{"allow":["GET"]}}],"collection":[{"href":"https:\/\/charte-fontevrault-providentialisme.fr\/index.php\/wp-json\/wp\/v2\/posts"}],"about":[{"href":"https:\/\/charte-fontevrault-providentialisme.fr\/index.php\/wp-json\/wp\/v2\/types\/post"}],"author":[{"embeddable":true,"href":"https:\/\/charte-fontevrault-providentialisme.fr\/index.php\/wp-json\/wp\/v2\/users\/2"}],"replies":[{"embeddable":true,"href":"https:\/\/charte-fontevrault-providentialisme.fr\/index.php\/wp-json\/wp\/v2\/comments?post=49163"}],"version-history":[{"count":2,"href":"https:\/\/charte-fontevrault-providentialisme.fr\/index.php\/wp-json\/wp\/v2\/posts\/49163\/revisions"}],"predecessor-version":[{"id":49166,"href":"https:\/\/charte-fontevrault-providentialisme.fr\/index.php\/wp-json\/wp\/v2\/posts\/49163\/revisions\/49166"}],"wp:attachment":[{"href":"https:\/\/charte-fontevrault-providentialisme.fr\/index.php\/wp-json\/wp\/v2\/media?parent=49163"}],"wp:term":[{"taxonomy":"category","embeddable":true,"href":"https:\/\/charte-fontevrault-providentialisme.fr\/index.php\/wp-json\/wp\/v2\/categories?post=49163"},{"taxonomy":"post_tag","embeddable":true,"href":"https:\/\/charte-fontevrault-providentialisme.fr\/index.php\/wp-json\/wp\/v2\/tags?post=49163"}],"curies":[{"name":"wp","href":"https:\/\/api.w.org\/{rel}","templated":true}]}}