{"id":49438,"date":"2022-10-06T10:33:47","date_gmt":"2022-10-06T08:33:47","guid":{"rendered":"https:\/\/charte-fontevrault-providentialisme.fr\/?p=49438"},"modified":"2022-10-05T21:29:21","modified_gmt":"2022-10-05T19:29:21","slug":"rencontres-fontevristes-2022-1011-12-13-elements-du-compte-rendu-des-rencontres-fontevristes-2022-a-paraitre","status":"publish","type":"post","link":"https:\/\/charte-fontevrault-providentialisme.fr\/index.php\/2022\/10\/06\/rencontres-fontevristes-2022-1011-12-13-elements-du-compte-rendu-des-rencontres-fontevristes-2022-a-paraitre\/","title":{"rendered":"Rencontres fontevristes 2022 (12, 13, 14) : El\u00e9ments du Compte-rendu des Rencontres fontevristes 2022 (\u00e0 para\u00eetre)."},"content":{"rendered":"<ul>\n<li><span style=\"font-size: 12pt;\"><span style=\"color: #ff6600;\"><span style=\"color: #008000;\">10-Communication sur la succession des Rois de France.<\/span> Fran\u00e7ois Xavier Pachot. Gouverneur\u00a0 de la Charte 2O21-2024<\/span><\/span><\/li>\n<li><span style=\"color: #008000; font-size: 12pt;\">11-Rappel du centenaire de la proclamation\u00a0 de Marie , patronne principale et Jeanne d&#8217;arc patronne secondaire de la France\u00a0 2 Mars Mars 1922 par le Pape Pie XI. <span style=\"color: #ff6600;\">F<\/span><span style=\"font-size: 12pt;\"><span style=\"color: #ff6600;\">ran\u00e7ois Xavier Pachot. Gouverneur\u00a0 de la Charte 2O21-2024<\/span><\/span><\/span><\/li>\n<li><span style=\"font-size: 12pt; color: #008000;\">12- Pr\u00e9sentation de l&#8217;ouvrage\u00a0 d&#8217;Alain Texier &#8220;<em>Noblesse , Titres et armoiries<\/em>&#8220;`.<\/span><\/li>\n<li><span style=\"font-size: 12pt; color: #008000;\">13- Pr\u00e9sentation de l&#8217;ouvrage de Jean-Georges\u00a0 de Weer\u00a0 &#8220;<em>Louis XVII. Evasion , Descendance, R\u00e9demption&#8221;<\/em> .<\/span><span style=\"font-size: 12pt;\"><span style=\"color: #008000;\"><span style=\"color: #ff6600;\">\u00a0<\/span><\/span><\/span><\/li>\n<\/ul>\n","protected":false},"excerpt":{"rendered":"<p>10-Communication sur la succession des Rois de France. Fran\u00e7ois Xavier Pachot. Gouverneur\u00a0 de la Charte 2O21-2024 11-Rappel du centenaire de la proclamation\u00a0 de Marie , patronne principale et Jeanne d&#8217;arc&#8230; <a href=\"https:\/\/charte-fontevrault-providentialisme.fr\/index.php\/2022\/10\/06\/rencontres-fontevristes-2022-1011-12-13-elements-du-compte-rendu-des-rencontres-fontevristes-2022-a-paraitre\/\">Cliquez pour lire davantage &raquo;<\/a><\/p>\n","protected":false},"author":2,"featured_media":0,"comment_status":"open","ping_status":"open","sticky":false,"template":"","format":"standard","meta":{"footnotes":""},"categories":[5],"tags":[],"class_list":["post-49438","post","type-post","status-publish","format-standard","hentry","category-archives-de-la-charte-de-fontevrault"],"_links":{"self":[{"href":"https:\/\/charte-fontevrault-providentialisme.fr\/index.php\/wp-json\/wp\/v2\/posts\/49438","targetHints":{"allow":["GET"]}}],"collection":[{"href":"https:\/\/charte-fontevrault-providentialisme.fr\/index.php\/wp-json\/wp\/v2\/posts"}],"about":[{"href":"https:\/\/charte-fontevrault-providentialisme.fr\/index.php\/wp-json\/wp\/v2\/types\/post"}],"author":[{"embeddable":true,"href":"https:\/\/charte-fontevrault-providentialisme.fr\/index.php\/wp-json\/wp\/v2\/users\/2"}],"replies":[{"embeddable":true,"href":"https:\/\/charte-fontevrault-providentialisme.fr\/index.php\/wp-json\/wp\/v2\/comments?post=49438"}],"version-history":[{"count":4,"href":"https:\/\/charte-fontevrault-providentialisme.fr\/index.php\/wp-json\/wp\/v2\/posts\/49438\/revisions"}],"predecessor-version":[{"id":49449,"href":"https:\/\/charte-fontevrault-providentialisme.fr\/index.php\/wp-json\/wp\/v2\/posts\/49438\/revisions\/49449"}],"wp:attachment":[{"href":"https:\/\/charte-fontevrault-providentialisme.fr\/index.php\/wp-json\/wp\/v2\/media?parent=49438"}],"wp:term":[{"taxonomy":"category","embeddable":true,"href":"https:\/\/charte-fontevrault-providentialisme.fr\/index.php\/wp-json\/wp\/v2\/categories?post=49438"},{"taxonomy":"post_tag","embeddable":true,"href":"https:\/\/charte-fontevrault-providentialisme.fr\/index.php\/wp-json\/wp\/v2\/tags?post=49438"}],"curies":[{"name":"wp","href":"https:\/\/api.w.org\/{rel}","templated":true}]}}