{"id":50098,"date":"2022-11-22T10:32:09","date_gmt":"2022-11-22T09:32:09","guid":{"rendered":"https:\/\/charte-fontevrault-providentialisme.fr\/?p=50098"},"modified":"2022-11-22T11:02:20","modified_gmt":"2022-11-22T10:02:20","slug":"rangez-vos-archives-et-redonnez-sa-memoire-a-laction-francaise","status":"publish","type":"post","link":"https:\/\/charte-fontevrault-providentialisme.fr\/index.php\/2022\/11\/22\/rangez-vos-archives-et-redonnez-sa-memoire-a-laction-francaise\/","title":{"rendered":"Rangez vos archives et contribuez \u00e0 redonner sa m\u00e9moire \u00e0 l\u2019Action Fran\u00e7aise."},"content":{"rendered":"<p><span style=\"color: #008000;\">\u00a0 \u00a0 \u00a0Participez \u00e0 l\u2019op\u00e9ration nationale de sauvegarde du patrimoine historique de l\u2019Action Fran\u00e7aise, <span style=\"color: #0000ff;\">https:\/\/www.actionfrancaise.net\u00a0<\/span> lanc\u00e9e par le Secr\u00e9tariat G\u00e9n\u00e9ral du Mouvement. Tous documents ou objets divers nous int\u00e9ressent : photos, films, livres, journaux, correspondance, insignes, drapeaux etc. <\/span><\/p>\n<p><strong>\u00a0 \u00a0 Ecrire \u00e0 Michel Franceschetti : <span style=\"font-size: 12pt;\"><a href=\"mailto:chetti133@sfr.fr\">chetti133@sfr.fr<\/a>\u00a0<\/span><\/strong>.<strong><img loading=\"lazy\" decoding=\"async\" class=\"wp-image-3653355 alignnone\" src=\"https:\/\/www.jesuisfrancais.blog\/wp-content\/uploads\/2020\/12\/Logo-Je-Suis-Francais-Copie-Copie-Copie-1.jpg\" alt=\"\" width=\"32\" height=\"15\" \/><\/strong><\/p>\n<p><span style=\"font-size: 12pt;\"><strong>NDLRB.<\/strong> <span style=\"color: #800080;\">Que l&#8217;on permette \u00e0 nos amis de la\u00a0 &#8221; Vieille maison&#8221; de\u00a0 consulter les\u00a0 blogs dont les adresses suivent. Il y trouveront\u00a0 largement de quoi faire leur miel.<\/span><\/span><\/p>\n<p><span style=\"color: #800080; font-size: 12pt;\">https:\/\/charte-fontevrault-providentialisme.fr\/<\/span><\/p>\n<p><span style=\"color: #800080; font-size: 12pt;\">http:\/\/charte-de-fontevrault.over-blog.com\/<\/span><\/p>\n<p><span style=\"color: #800080;\"><span style=\"font-size: 12pt;\">http:\/\/charte-de-fontevrault-arom.over-blog.co<\/span>m<\/span><\/p>\n<p>&nbsp;<\/p>\n","protected":false},"excerpt":{"rendered":"<p>\u00a0 \u00a0 \u00a0Participez \u00e0 l\u2019op\u00e9ration nationale de sauvegarde du patrimoine historique de l\u2019Action Fran\u00e7aise, https:\/\/www.actionfrancaise.net\u00a0 lanc\u00e9e par le Secr\u00e9tariat G\u00e9n\u00e9ral du Mouvement. Tous documents ou objets divers nous int\u00e9ressent :&#8230; <a href=\"https:\/\/charte-fontevrault-providentialisme.fr\/index.php\/2022\/11\/22\/rangez-vos-archives-et-redonnez-sa-memoire-a-laction-francaise\/\">Cliquez pour lire davantage &raquo;<\/a><\/p>\n","protected":false},"author":2,"featured_media":0,"comment_status":"open","ping_status":"open","sticky":false,"template":"","format":"standard","meta":{"footnotes":""},"categories":[3],"tags":[552,9244,9246,31318,10839,32526],"class_list":["post-50098","post","type-post","status-publish","format-standard","hentry","category-action-orleaniste","tag-action-francaise-a-f","tag-http-charte-de-fontevrault-arom-over-blog-com","tag-http-charte-de-fontevrault-over-blog-com","tag-https-charte-fontevrault-providentialisme-fr","tag-https-www-actionfrancaise-net","tag-michel-franceschetti-1949"],"_links":{"self":[{"href":"https:\/\/charte-fontevrault-providentialisme.fr\/index.php\/wp-json\/wp\/v2\/posts\/50098","targetHints":{"allow":["GET"]}}],"collection":[{"href":"https:\/\/charte-fontevrault-providentialisme.fr\/index.php\/wp-json\/wp\/v2\/posts"}],"about":[{"href":"https:\/\/charte-fontevrault-providentialisme.fr\/index.php\/wp-json\/wp\/v2\/types\/post"}],"author":[{"embeddable":true,"href":"https:\/\/charte-fontevrault-providentialisme.fr\/index.php\/wp-json\/wp\/v2\/users\/2"}],"replies":[{"embeddable":true,"href":"https:\/\/charte-fontevrault-providentialisme.fr\/index.php\/wp-json\/wp\/v2\/comments?post=50098"}],"version-history":[{"count":6,"href":"https:\/\/charte-fontevrault-providentialisme.fr\/index.php\/wp-json\/wp\/v2\/posts\/50098\/revisions"}],"predecessor-version":[{"id":50169,"href":"https:\/\/charte-fontevrault-providentialisme.fr\/index.php\/wp-json\/wp\/v2\/posts\/50098\/revisions\/50169"}],"wp:attachment":[{"href":"https:\/\/charte-fontevrault-providentialisme.fr\/index.php\/wp-json\/wp\/v2\/media?parent=50098"}],"wp:term":[{"taxonomy":"category","embeddable":true,"href":"https:\/\/charte-fontevrault-providentialisme.fr\/index.php\/wp-json\/wp\/v2\/categories?post=50098"},{"taxonomy":"post_tag","embeddable":true,"href":"https:\/\/charte-fontevrault-providentialisme.fr\/index.php\/wp-json\/wp\/v2\/tags?post=50098"}],"curies":[{"name":"wp","href":"https:\/\/api.w.org\/{rel}","templated":true}]}}