{"id":50356,"date":"2022-12-04T15:51:12","date_gmt":"2022-12-04T14:51:12","guid":{"rendered":"https:\/\/charte-fontevrault-providentialisme.fr\/?p=50356"},"modified":"2022-12-04T15:51:12","modified_gmt":"2022-12-04T14:51:12","slug":"nouvelle-serie-de-statistiques-51-du-blog-de-la-charte-de-fontevrault-providentialisme-du-dimanche-27-novembre-au-samedi-3-decembre-2022","status":"publish","type":"post","link":"https:\/\/charte-fontevrault-providentialisme.fr\/index.php\/2022\/12\/04\/nouvelle-serie-de-statistiques-51-du-blog-de-la-charte-de-fontevrault-providentialisme-du-dimanche-27-novembre-au-samedi-3-decembre-2022\/","title":{"rendered":"Nouvelle s\u00e9rie de statistiques (51) du \u201dBlog de la Charte de Fontevrault- Providentialisme\u201d du Dimanche 27 Novembre au Samedi 3 d\u00e9cembre 2022"},"content":{"rendered":"<p><span style=\"font-size: 14pt;\"><strong>4 D\u00e9cembre 2022<\/strong><\/span><\/p>\n<p><span style=\"color: #800080;\"><strong>2 \u00e9me Dimanche de l\u2019Avent\u00a0\u00a0<\/strong><\/span><\/p>\n<p><strong>Voir<\/strong>\u00a0:<span style=\"color: #0000ff;\">\u00a0https:\/\/laportelatine.org\/ordo\u00a0<\/span><\/p>\n<p><em>\u00a0<\/em><strong><em>ou\u00a0<\/em>\u00a0 \u00a0 \u00a0 \u00a0 \u00a0 \u00a0 \u00a0 \u00a0 \u00a0 \u00a0 \u00a0 \u00a0 \u00a0 \u00a0 \u00a0 \u00a0 \u00a0 \u00a0 \u00a0 \u00a0 \u00a0 \u00a0 \u00a0 \u00a0 \u00a0 \u00a0 \u00a0 \u00a0 \u00a0 \u00a0 \u00a0 \u00a0 \u00a0 \u00a0<\/strong><\/p>\n<p><strong>2 <span style=\"color: #800080;\">\u00e9me Dimanche de l\u2019Avent\u00a0\u00a0<\/span>\u00a0 \u00a0 \u00a0 \u00a0 \u00a0 \u00a0 \u00a0 \u00a0 \u00a0 \u00a0 \u00a0 \u00a0 \u00a0 \u00a0 \u00a0 \u00a0 \u00a0 \u00a0 \u00a0 \u00a0<\/strong><\/p>\n<p><strong>Voir<\/strong>\u00a0:\u00a0<span style=\"color: #0000ff;\">https:\/\/www.prionseneglise.fr\/wp-content\/uploads\/2021\/09\/calendrier-litrugique2022.pdf<\/span><\/p>\n<p><span style=\"color: #008000;\">\u00a0 \u00a0Chaque Dimanche\u00a0 prenez l\u2019habitude\u00a0 apr\u00e8s la Messe c\u00e9l\u00e9br\u00e9e, si possible, en rite\u00a0 dit extraordinaire,\u00a0 le d\u00e9jeuner\u00a0 dominical et\u00a0 votre sieste \u00e9ventuelle de\u00a0 vous connecter\u00a0 sur la\u00a0 blog de la Charte de Fontevrault\u00a0 vers 15H30 -16 H.<\/span><\/p>\n<p><span style=\"color: #008000;\">\u00a0 \u00a0Vous\u00a0 y retrouverez les nouvelles\u00a0 que nous souhaitons\u00a0 vous donner\u00a0 sur le\u00a0<strong>seul blog\u00a0 providentialiste existant<\/strong>\u00a0et il ne tient\u00a0 qu\u2019\u00e0 vous que ces nouvelles soient meilleures de semaine en semaine\u2026<\/span><\/p>\n<p><span style=\"color: #ff6600;\"><strong>I.\u00a0 Consultations du blog\u00a0 de la Charte et\u00a0 du Providentialisme\u00a0 ( Du Lundi 28 novembre au samedi 3 d\u00e9cembre 2022 )<\/strong><\/span><\/p>\n<p><img loading=\"lazy\" decoding=\"async\" class=\"aligncenter size-large wp-image-50361\" src=\"https:\/\/charte-fontevrault-providentialisme.fr\/wp-content\/uploads\/2022\/12\/Capture-de\u0301cran-2022-12-04-a\u0300-15.15.50-1024x511.png\" alt=\"\" width=\"625\" height=\"312\" srcset=\"https:\/\/charte-fontevrault-providentialisme.fr\/wp-content\/uploads\/2022\/12\/Capture-de\u0301cran-2022-12-04-a\u0300-15.15.50-1024x511.png 1024w, https:\/\/charte-fontevrault-providentialisme.fr\/wp-content\/uploads\/2022\/12\/Capture-de\u0301cran-2022-12-04-a\u0300-15.15.50-300x150.png 300w, https:\/\/charte-fontevrault-providentialisme.fr\/wp-content\/uploads\/2022\/12\/Capture-de\u0301cran-2022-12-04-a\u0300-15.15.50-768x384.png 768w, https:\/\/charte-fontevrault-providentialisme.fr\/wp-content\/uploads\/2022\/12\/Capture-de\u0301cran-2022-12-04-a\u0300-15.15.50-1536x767.png 1536w, https:\/\/charte-fontevrault-providentialisme.fr\/wp-content\/uploads\/2022\/12\/Capture-de\u0301cran-2022-12-04-a\u0300-15.15.50-624x312.png 624w, https:\/\/charte-fontevrault-providentialisme.fr\/wp-content\/uploads\/2022\/12\/Capture-de\u0301cran-2022-12-04-a\u0300-15.15.50-780x390.png 780w, https:\/\/charte-fontevrault-providentialisme.fr\/wp-content\/uploads\/2022\/12\/Capture-de\u0301cran-2022-12-04-a\u0300-15.15.50-1320x659.png 1320w, https:\/\/charte-fontevrault-providentialisme.fr\/wp-content\/uploads\/2022\/12\/Capture-de\u0301cran-2022-12-04-a\u0300-15.15.50.png 1714w\" sizes=\"auto, (max-width: 625px) 100vw, 625px\" \/><\/p>\n<p><strong><span style=\"font-size: 12pt; color: #ff00ff;\">II. Statistiques de\u00a0 consultations de ce\u00a0 blog\u00a0 \u00e9tablies gr\u00e2ce aux analyses du Gouverneur F. X. P alias Chouandecoeur<\/span><\/strong><\/p>\n<p><img loading=\"lazy\" decoding=\"async\" class=\"aligncenter size-large wp-image-50363\" src=\"https:\/\/charte-fontevrault-providentialisme.fr\/wp-content\/uploads\/2022\/12\/Capture-de\u0301cran-2022-12-04-a\u0300-15.02.03-1024x485.png\" alt=\"\" width=\"625\" height=\"296\" srcset=\"https:\/\/charte-fontevrault-providentialisme.fr\/wp-content\/uploads\/2022\/12\/Capture-de\u0301cran-2022-12-04-a\u0300-15.02.03-1024x485.png 1024w, https:\/\/charte-fontevrault-providentialisme.fr\/wp-content\/uploads\/2022\/12\/Capture-de\u0301cran-2022-12-04-a\u0300-15.02.03-300x142.png 300w, https:\/\/charte-fontevrault-providentialisme.fr\/wp-content\/uploads\/2022\/12\/Capture-de\u0301cran-2022-12-04-a\u0300-15.02.03-768x364.png 768w, https:\/\/charte-fontevrault-providentialisme.fr\/wp-content\/uploads\/2022\/12\/Capture-de\u0301cran-2022-12-04-a\u0300-15.02.03-1536x727.png 1536w, https:\/\/charte-fontevrault-providentialisme.fr\/wp-content\/uploads\/2022\/12\/Capture-de\u0301cran-2022-12-04-a\u0300-15.02.03-2048x970.png 2048w, https:\/\/charte-fontevrault-providentialisme.fr\/wp-content\/uploads\/2022\/12\/Capture-de\u0301cran-2022-12-04-a\u0300-15.02.03-624x295.png 624w, https:\/\/charte-fontevrault-providentialisme.fr\/wp-content\/uploads\/2022\/12\/Capture-de\u0301cran-2022-12-04-a\u0300-15.02.03-1320x625.png 1320w\" sizes=\"auto, (max-width: 625px) 100vw, 625px\" \/><\/p>\n<p><strong style=\"font-size: 12pt;\"><span style=\"color: #ff00ff;\">III. Vous n&#8217;avez peut-\u00eatre\u00a0 pas eu l&#8217;opportunit\u00e9\u00a0 de consultez\u00a0 \u00a0les\u00a0 r\u00e9centes pubications de ce blog.\u00a0 Faites alors votre\u00a0 choix\u00a0 \u00a0parmi ce\u00a0 que nous\u00a0 vous avons offerts.<br \/>\n<\/span><\/strong><span style=\"font-size: 12pt;\"><span style=\"color: #008000;\">L<\/span><span style=\"color: #008000;\">es\u00a0 chiffres \u00e0 droite\u00a0 sont\u00a0 quelques exemples de chiffres de consultation.<\/span><\/span><\/p>\n<p><img loading=\"lazy\" decoding=\"async\" class=\"aligncenter size-large wp-image-50367\" src=\"https:\/\/charte-fontevrault-providentialisme.fr\/wp-content\/uploads\/2022\/12\/Capture-de\u0301cran-2022-12-04-a\u0300-15.24.53-1024x734.png\" alt=\"\" width=\"625\" height=\"448\" srcset=\"https:\/\/charte-fontevrault-providentialisme.fr\/wp-content\/uploads\/2022\/12\/Capture-de\u0301cran-2022-12-04-a\u0300-15.24.53-1024x734.png 1024w, https:\/\/charte-fontevrault-providentialisme.fr\/wp-content\/uploads\/2022\/12\/Capture-de\u0301cran-2022-12-04-a\u0300-15.24.53-300x215.png 300w, https:\/\/charte-fontevrault-providentialisme.fr\/wp-content\/uploads\/2022\/12\/Capture-de\u0301cran-2022-12-04-a\u0300-15.24.53-768x551.png 768w, https:\/\/charte-fontevrault-providentialisme.fr\/wp-content\/uploads\/2022\/12\/Capture-de\u0301cran-2022-12-04-a\u0300-15.24.53-1536x1101.png 1536w, https:\/\/charte-fontevrault-providentialisme.fr\/wp-content\/uploads\/2022\/12\/Capture-de\u0301cran-2022-12-04-a\u0300-15.24.53-2048x1468.png 2048w, https:\/\/charte-fontevrault-providentialisme.fr\/wp-content\/uploads\/2022\/12\/Capture-de\u0301cran-2022-12-04-a\u0300-15.24.53-624x447.png 624w, https:\/\/charte-fontevrault-providentialisme.fr\/wp-content\/uploads\/2022\/12\/Capture-de\u0301cran-2022-12-04-a\u0300-15.24.53-1320x946.png 1320w\" sizes=\"auto, (max-width: 625px) 100vw, 625px\" \/><\/p>\n<p><span style=\"font-size: 12pt;\"><strong><span style=\"color: #ff00ff;\">IV.Plongeons avec\u00a0 bonheur\u00a0 dans des archives qui t\u00e9moignent\u00a0 que , pour nous &#8211; et\u00a0 ce\u00a0 qui suit est bien immodeste-\u00a0 le service du roi est une affaire tr\u00e9s importante.<\/span><\/strong><\/span><\/p>\n<p><span style=\"font-size: 12pt;\"><span style=\"color: #ff00ff;\"><span style=\"color: #008000;\">Pour ses f\u00e9aux, le royalisme est affaire de raison ! Cependant, trop souvent, le royalisme c\u2019est une v\u00e9rit\u00e9 poss\u00e9dant en elle la virtualit\u00e9 de son accomplissement dans la r\u00e9alit\u00e9 concr\u00e8te, mais d\u00e9pourvue de bras ! Une chose est cependant certaine : on n\u2019est pas royaliste pour \u201c faire bien \u201d \u2026 rappelez-vous \u201c La politique consid\u00e9r\u00e9e comme souci \u201d de Pierre Boutang ! On ne na\u00eet \u2013 sans doute &#8211; pas royaliste, on le devient !<\/span><\/span><\/span><\/p>\n<p><span style=\"color: #ff00ff;\"><span style=\"color: #008000;\">\u00a0\u00a0\u00a0\u00a0\u00a0 Etre royaliste est, et a toujours \u00e9t\u00e9 affaire de c\u0153ur, j\u2019allais dire d\u2019\u00e2me \u2026 et donc jamais ais\u00e9. Que penser d\u2019ailleurs de ce qu\u2019\u00e9crivait Sidoine le mardi 2 d\u00e9cembre 2008 dans le Magazine Les Ep\u00e9es n\u00b0 27 : <em>\u201cJ&#8217;ai tellement rencontr\u00e9 de royalistes crisp\u00e9s sur une rh\u00e9torique et une liturgie, qu&#8217;ils soient royalistes de tradition ou intellectuels, un royalisme qui a la forme de ces sph\u00e8res utopiques de Boulle mais par\u00e9es comme un retable gothique. C&#8217;est souvent d\u00e9cevant, car comme le dit l&#8217;auteur de ce texte, le royaliste est plus souvent attach\u00e9 \u00e0 la forme du r\u00e9gime qu&#8217;\u00e0 la forme de la soci\u00e9t\u00e9 \u2026 &#8221;\u00a0<\/em> \u00a0 \u00a0 \u00a0 \u00a0 \u00a0 \u00a0 \u00a0 \u00a0 \u00a0 \u00a0 \u00a0 \u00a0 \u00a0 \u00a0 \u00a0 \u00a0 \u00a0 \u00a0 \u00a0 \u00a0 \u00a0 \u00a0 \u00a0 \u00a0 \u00a0 \u00a0 \u00a0 \u00a0 \u00a0 \u00a0 \u00a0 \u00a0 \u00a0 \u00a0 \u00a0 \u00a0 \u00a0 \u00a0 \u00a0 \u00a0 \u00a0 \u00a0 \u00a0 \u00a0 \u00a0 \u00a0 \u00a0 \u00a0 \u00a0 \u00a0 \u00a0 \u00a0 \u00a0 \u00a0 \u00a0 \u00a0 \u00a0 \u00a0 \u00a0 \u00a0\u00a0<\/span><\/span><\/p>\n<p><span style=\"font-size: 12pt;\"><span style=\"color: #ff00ff;\"><span style=\"color: #008000;\">\u00a0 \u00a0 \u00a0 \u00a0 Le fantasme royaliste est aux jeunes gens de bonne famille ce que la r\u00e9volution est aux fils d&#8217;ouvriers et de petits fonctionnaires, c&#8217;est un r\u00eave familier, et une pens\u00e9e alternative qui structure l&#8217;individu, et un groupe autour de rites et de symboles, le vieux r\u00eave balzacien du c\u00e9nacle, les Treize gargaris\u00e9s de rh\u00e9torique religieuse et combative, anim\u00e9s du sentiment du Prince dans le cocon confortable et rassurant de l&#8217;entre-soi \u2026 C&#8217;est le plat servi tout chaud \u00e0 une certaine jeunesse, \u00e9tay\u00e9e qu&#8217;elle est d\u00e9j\u00e0 par les institutions de l&#8217;Eglise et de la Tradition. C&#8217;est le vieux ciment habituel : l&#8217;Arm\u00e9e, l&#8217;Eglise, le Roi ; ajoutez des id\u00e9es, mais pas trop, ca donnera Maurras, le romantisme et voil\u00e0 Barr\u00e8s, et la clairvoyance un jour peut \u00eatre pour les plus chanceux, nous voil\u00e0 dans le jardin de Bernanos`<\/span><\/span><strong><span style=\"color: #ff00ff;\">`<\/span><\/strong><\/span><\/p>\n<p><span style=\"color: #0000ff; font-size: 12pt;\">http:\/\/charte-de-fontevrault-arom.over-blog.com\/page-1603902.html<\/span><\/p>\n<p><span style=\"font-size: 12pt; color: #ff00ff;\"><strong>IV. Coup d\u2019oeil\u00a0 sur l\u2019activit\u00e9\u00a0 du blog de la Charte \u00e0 l\u2019instant \u201cT\u201d. Dimanche 4 d\u00e9cembre 2022. 15H48.<\/strong><\/span><\/p>\n<p><img loading=\"lazy\" decoding=\"async\" class=\"aligncenter size-large wp-image-50371\" src=\"https:\/\/charte-fontevrault-providentialisme.fr\/wp-content\/uploads\/2022\/12\/Capture-de\u0301cran-2022-12-04-a\u0300-15.50.08-448x1024.png\" alt=\"\" width=\"448\" height=\"1024\" srcset=\"https:\/\/charte-fontevrault-providentialisme.fr\/wp-content\/uploads\/2022\/12\/Capture-de\u0301cran-2022-12-04-a\u0300-15.50.08-448x1024.png 448w, https:\/\/charte-fontevrault-providentialisme.fr\/wp-content\/uploads\/2022\/12\/Capture-de\u0301cran-2022-12-04-a\u0300-15.50.08-131x300.png 131w, https:\/\/charte-fontevrault-providentialisme.fr\/wp-content\/uploads\/2022\/12\/Capture-de\u0301cran-2022-12-04-a\u0300-15.50.08-624x1428.png 624w, https:\/\/charte-fontevrault-providentialisme.fr\/wp-content\/uploads\/2022\/12\/Capture-de\u0301cran-2022-12-04-a\u0300-15.50.08.png 764w\" sizes=\"auto, (max-width: 448px) 100vw, 448px\" \/><\/p>\n","protected":false},"excerpt":{"rendered":"<p>4 D\u00e9cembre 2022 2 \u00e9me Dimanche de l\u2019Avent\u00a0\u00a0 Voir\u00a0:\u00a0https:\/\/laportelatine.org\/ordo\u00a0 \u00a0ou\u00a0\u00a0 \u00a0 \u00a0 \u00a0 \u00a0 \u00a0 \u00a0 \u00a0 \u00a0 \u00a0 \u00a0 \u00a0 \u00a0 \u00a0 \u00a0 \u00a0 \u00a0 \u00a0 \u00a0 \u00a0 \u00a0&#8230; <a href=\"https:\/\/charte-fontevrault-providentialisme.fr\/index.php\/2022\/12\/04\/nouvelle-serie-de-statistiques-51-du-blog-de-la-charte-de-fontevrault-providentialisme-du-dimanche-27-novembre-au-samedi-3-decembre-2022\/\">Cliquez pour lire davantage &raquo;<\/a><\/p>\n","protected":false},"author":2,"featured_media":0,"comment_status":"open","ping_status":"open","sticky":false,"template":"","format":"standard","meta":{"footnotes":""},"categories":[5,27],"tags":[26943],"class_list":["post-50356","post","type-post","status-publish","format-standard","hentry","category-archives-de-la-charte-de-fontevrault","category-tirer-mieux-partie-de-ce-blog","tag-statistiques-de-consultation-de-ce-blog"],"_links":{"self":[{"href":"https:\/\/charte-fontevrault-providentialisme.fr\/index.php\/wp-json\/wp\/v2\/posts\/50356","targetHints":{"allow":["GET"]}}],"collection":[{"href":"https:\/\/charte-fontevrault-providentialisme.fr\/index.php\/wp-json\/wp\/v2\/posts"}],"about":[{"href":"https:\/\/charte-fontevrault-providentialisme.fr\/index.php\/wp-json\/wp\/v2\/types\/post"}],"author":[{"embeddable":true,"href":"https:\/\/charte-fontevrault-providentialisme.fr\/index.php\/wp-json\/wp\/v2\/users\/2"}],"replies":[{"embeddable":true,"href":"https:\/\/charte-fontevrault-providentialisme.fr\/index.php\/wp-json\/wp\/v2\/comments?post=50356"}],"version-history":[{"count":11,"href":"https:\/\/charte-fontevrault-providentialisme.fr\/index.php\/wp-json\/wp\/v2\/posts\/50356\/revisions"}],"predecessor-version":[{"id":50372,"href":"https:\/\/charte-fontevrault-providentialisme.fr\/index.php\/wp-json\/wp\/v2\/posts\/50356\/revisions\/50372"}],"wp:attachment":[{"href":"https:\/\/charte-fontevrault-providentialisme.fr\/index.php\/wp-json\/wp\/v2\/media?parent=50356"}],"wp:term":[{"taxonomy":"category","embeddable":true,"href":"https:\/\/charte-fontevrault-providentialisme.fr\/index.php\/wp-json\/wp\/v2\/categories?post=50356"},{"taxonomy":"post_tag","embeddable":true,"href":"https:\/\/charte-fontevrault-providentialisme.fr\/index.php\/wp-json\/wp\/v2\/tags?post=50356"}],"curies":[{"name":"wp","href":"https:\/\/api.w.org\/{rel}","templated":true}]}}