{"id":50922,"date":"2023-01-03T10:32:45","date_gmt":"2023-01-03T09:32:45","guid":{"rendered":"https:\/\/charte-fontevrault-providentialisme.fr\/?p=50922"},"modified":"2023-01-03T08:55:58","modified_gmt":"2023-01-03T07:55:58","slug":"50922","status":"publish","type":"post","link":"https:\/\/charte-fontevrault-providentialisme.fr\/index.php\/2023\/01\/03\/50922\/","title":{"rendered":"Apr\u00e9s ceux du duc d&#8217;Anjou retrouvez sur le  blog de la Charte de Fontevrault les Voeux 2023 du Comte de Paris."},"content":{"rendered":"<p><img loading=\"lazy\" decoding=\"async\" class=\"alignleft size-large wp-image-50923\" src=\"https:\/\/charte-fontevrault-providentialisme.fr\/wp-content\/uploads\/2023\/01\/Capture-decran-2023-01-03-a-08.42.12-1024x438.png\" alt=\"\" width=\"625\" height=\"267\" srcset=\"https:\/\/charte-fontevrault-providentialisme.fr\/wp-content\/uploads\/2023\/01\/Capture-decran-2023-01-03-a-08.42.12-1024x438.png 1024w, https:\/\/charte-fontevrault-providentialisme.fr\/wp-content\/uploads\/2023\/01\/Capture-decran-2023-01-03-a-08.42.12-300x128.png 300w, https:\/\/charte-fontevrault-providentialisme.fr\/wp-content\/uploads\/2023\/01\/Capture-decran-2023-01-03-a-08.42.12-768x328.png 768w, https:\/\/charte-fontevrault-providentialisme.fr\/wp-content\/uploads\/2023\/01\/Capture-decran-2023-01-03-a-08.42.12-1536x657.png 1536w, https:\/\/charte-fontevrault-providentialisme.fr\/wp-content\/uploads\/2023\/01\/Capture-decran-2023-01-03-a-08.42.12-624x267.png 624w, https:\/\/charte-fontevrault-providentialisme.fr\/wp-content\/uploads\/2023\/01\/Capture-decran-2023-01-03-a-08.42.12-1320x565.png 1320w, https:\/\/charte-fontevrault-providentialisme.fr\/wp-content\/uploads\/2023\/01\/Capture-decran-2023-01-03-a-08.42.12.png 1674w\" sizes=\"auto, (max-width: 625px) 100vw, 625px\" \/><\/p>\n<p>&nbsp;<\/p>\n<p><span style=\"font-size: 12pt; color: #008000;\"><strong>1er janvier 2023<\/strong><\/span><\/p>\n<p><span style=\"font-size: 12pt; color: #008000;\">Chers amis,<\/span><\/p>\n<p><span style=\"font-size: 12pt; color: #008000;\">\u00a0 \u00a0 En ce d\u00e9but d\u2019ann\u00e9e 2023, permettez-moi de vous pr\u00e9senter tous mes v\u0153ux pour la nouvelle ann\u00e9e.<\/span><\/p>\n<p><span style=\"font-size: 12pt; color: #008000;\">\u00a0 \u00a0 \u00a0\u00ab Gouverner, c\u2019est pr\u00e9voir \u00bb. Cette maxime d\u2019Adolphe Thiers nous donne \u00e0 m\u00e9diter sur la vertu de prudence dont nos gouvernants devraient s\u2019inspirer. Depuis plusieurs ann\u00e9es, les diverses crises qui secouent notre soci\u00e9t\u00e9 ne cessent d\u2019entamer en profondeur un mod\u00e8le \u00e9conomique, politique et social qui s\u2019essouffle. Il est temps de jeter sur notre monde un regard lucide pour pr\u00e9parer ce que nous souhaitons laisser \u00e0 nos enfants et aux g\u00e9n\u00e9rations futures. Un avenir commun que nous devons forger sous le sceau de la libert\u00e9 dans l\u2019unit\u00e9 et de la paix dans la justice. Une soci\u00e9t\u00e9 au c\u0153ur de laquelle nous repla\u00e7ons l\u2019homme, afin de redonner un souffle \u00e0 notre nation mill\u00e9naire.\u00a0\u00a0<\/span><\/p>\n<p><span style=\"font-size: 12pt; color: #008000;\">\u00a0 \u00a0 \u00a0 En France les nombreuses r\u00e9formes engag\u00e9es ont profond\u00e9ment creus\u00e9 les in\u00e9galit\u00e9s sociales et r\u00e9duit nos rapports sociaux \u00e0 minima sous l\u2019effet de mesures de plus en plus contraignantes. Face \u00e0 ces mauvais choix, souvent contraires aux aspirations des Fran\u00e7ais, une voie de vraies r\u00e9formes est certainement possible qui quitte le confort des cercles restreints pour s\u2019adresser au plus grand nombre. La voie vers un mod\u00e8le social plus solidaire et juste, un mod\u00e8le \u00e9conomique plus responsable et \u00e9quitable, un mod\u00e8le politique plus d\u00e9centralis\u00e9 et ind\u00e9pendant.<\/span><\/p>\n<p><span style=\"font-size: 12pt; color: #008000;\">\u00a0 \u00a0 \u00a0 Pour un futur apais\u00e9, il faut absolument sortir de ces rapports de forces violents et conflictuels qui \u00e9maillent trop souvent nos paroles et nos comportements. Nous devons r\u00e9tablir une relation de confiance entre les diff\u00e9rentes composantes de notre communaut\u00e9 nationale. Il faut \u00e9carter au plus vite ces id\u00e9ologies qui font la part belle aux id\u00e9es saugrenues et privatives de nos libert\u00e9s. Nous devons redonner toute sa place au principe de subsidiarit\u00e9 pour un mod\u00e8le politique \u00e9quilibr\u00e9 comme le dit tr\u00e8s bien l\u2019adage \u00ab le prince en ses conseils et le peuple en ses \u00e9tats \u00bb. Il est n\u00e9cessaire d\u2019\u00e9viter l\u2019engrenage mortif\u00e8re d\u2019une soci\u00e9t\u00e9 qui ne prot\u00e8ge pas ses enfants et ses personnes \u00e2g\u00e9es. C\u2019est une soci\u00e9t\u00e9 vivante avec la famille comme premi\u00e8re cellule sociale que nous devons appeler de nos v\u0153ux.<\/span><\/p>\n<p><span style=\"font-size: 12pt; color: #008000;\">\u00a0 \u00a0 \u00a0Notre communaut\u00e9 nationale est riche dans sa diversit\u00e9. Nous sommes capables d\u2019unir nos talents pour construire un avenir meilleur et r\u00e9aliser notre bien commun. Il nous faut en avoir la vision \u00e0 long terme et la volont\u00e9. Notre destin est entre nos mains.<\/span><\/p>\n<p><span style=\"font-size: 12pt; color: #008000;\">Belle et heureuse ann\u00e9e 2023<\/span><\/p>\n<p><span style=\"font-size: 12pt;\"><strong>Source<\/strong><span style=\"color: #0000ff;\">. https:\/\/comtedeparis.com\/voeux-2023\/<\/span><\/span><\/p>\n<p><span style=\"color: #800000; font-size: 12pt;\">\u00a0 \u00a0Dans la m\u00eame s\u00e9rie , retrouvez sur ce blog\u00a0 le <strong>texte int\u00e9gral <\/strong><span style=\"color: #800080;\"><strong>&#8211;<\/strong> et non plus seulement des extraits comme indiqu\u00e9 dans un premier temps<\/span>&#8211; de voeux <strong>de<\/strong> <strong>SAR le duc d&#8217;Anjou<\/strong><\/span><\/p>\n<p><span style=\"font-size: 12pt;\"><strong>Source.<\/strong> <span style=\"color: #0000ff;\">https:\/\/charte-fontevrault-providentialisme.fr\/index.php\/2022\/12\/26\/extrait-du-message-de-noel-2022-de-sar-le-duc-danjou\/<\/span><\/span><\/p>\n","protected":false},"excerpt":{"rendered":"<p>&nbsp; 1er janvier 2023 Chers amis, \u00a0 \u00a0 En ce d\u00e9but d\u2019ann\u00e9e 2023, permettez-moi de vous pr\u00e9senter tous mes v\u0153ux pour la nouvelle ann\u00e9e. \u00a0 \u00a0 \u00a0\u00ab Gouverner, c\u2019est pr\u00e9voir&#8230; <a href=\"https:\/\/charte-fontevrault-providentialisme.fr\/index.php\/2023\/01\/03\/50922\/\">Cliquez pour lire davantage &raquo;<\/a><\/p>\n","protected":false},"author":2,"featured_media":0,"comment_status":"open","ping_status":"open","sticky":false,"template":"","format":"standard","meta":{"footnotes":""},"categories":[2,3],"tags":[14665,20600,30245],"class_list":["post-50922","post","type-post","status-publish","format-standard","hentry","category-action-legitimiste","category-action-orleaniste","tag-louis-de-bourbon-duc-danjou-ne-le-25-avril-1974-louis-xx","tag-prince-jean-dorleans-comte-de-paris-ne-le-19-mai-1965-jean-iv","tag-voeux-de-nouvel-an"],"_links":{"self":[{"href":"https:\/\/charte-fontevrault-providentialisme.fr\/index.php\/wp-json\/wp\/v2\/posts\/50922","targetHints":{"allow":["GET"]}}],"collection":[{"href":"https:\/\/charte-fontevrault-providentialisme.fr\/index.php\/wp-json\/wp\/v2\/posts"}],"about":[{"href":"https:\/\/charte-fontevrault-providentialisme.fr\/index.php\/wp-json\/wp\/v2\/types\/post"}],"author":[{"embeddable":true,"href":"https:\/\/charte-fontevrault-providentialisme.fr\/index.php\/wp-json\/wp\/v2\/users\/2"}],"replies":[{"embeddable":true,"href":"https:\/\/charte-fontevrault-providentialisme.fr\/index.php\/wp-json\/wp\/v2\/comments?post=50922"}],"version-history":[{"count":4,"href":"https:\/\/charte-fontevrault-providentialisme.fr\/index.php\/wp-json\/wp\/v2\/posts\/50922\/revisions"}],"predecessor-version":[{"id":50927,"href":"https:\/\/charte-fontevrault-providentialisme.fr\/index.php\/wp-json\/wp\/v2\/posts\/50922\/revisions\/50927"}],"wp:attachment":[{"href":"https:\/\/charte-fontevrault-providentialisme.fr\/index.php\/wp-json\/wp\/v2\/media?parent=50922"}],"wp:term":[{"taxonomy":"category","embeddable":true,"href":"https:\/\/charte-fontevrault-providentialisme.fr\/index.php\/wp-json\/wp\/v2\/categories?post=50922"},{"taxonomy":"post_tag","embeddable":true,"href":"https:\/\/charte-fontevrault-providentialisme.fr\/index.php\/wp-json\/wp\/v2\/tags?post=50922"}],"curies":[{"name":"wp","href":"https:\/\/api.w.org\/{rel}","templated":true}]}}