{"id":51258,"date":"2023-01-20T10:32:27","date_gmt":"2023-01-20T09:32:27","guid":{"rendered":"https:\/\/charte-fontevrault-providentialisme.fr\/?p=51258"},"modified":"2023-01-20T09:27:23","modified_gmt":"2023-01-20T08:27:23","slug":"merci-au-populaire-limoges-qui-a-bien-voulu-annoncer-les-ceremonies-commemoratives-louis-xvi-2023","status":"publish","type":"post","link":"https:\/\/charte-fontevrault-providentialisme.fr\/index.php\/2023\/01\/20\/merci-au-populaire-limoges-qui-a-bien-voulu-annoncer-les-ceremonies-commemoratives-louis-xvi-2023\/","title":{"rendered":"Merci au Populaire ( Limoges)  qui a bien voulu annoncer les c\u00e9r\u00e9monies comm\u00e9moratives  Louis XVI 2023."},"content":{"rendered":"<p><img loading=\"lazy\" decoding=\"async\" class=\"alignleft size-full wp-image-51261\" src=\"https:\/\/charte-fontevrault-providentialisme.fr\/wp-content\/uploads\/2023\/01\/2023-1.jpeg\" alt=\"\" width=\"877\" height=\"627\" srcset=\"https:\/\/charte-fontevrault-providentialisme.fr\/wp-content\/uploads\/2023\/01\/2023-1.jpeg 877w, https:\/\/charte-fontevrault-providentialisme.fr\/wp-content\/uploads\/2023\/01\/2023-1-300x214.jpeg 300w, https:\/\/charte-fontevrault-providentialisme.fr\/wp-content\/uploads\/2023\/01\/2023-1-768x549.jpeg 768w, https:\/\/charte-fontevrault-providentialisme.fr\/wp-content\/uploads\/2023\/01\/2023-1-624x446.jpeg 624w\" sizes=\"auto, (max-width: 877px) 100vw, 877px\" \/><\/p>\n<p>&nbsp;<\/p>\n<p>&nbsp;<\/p>\n<p>&nbsp;<\/p>\n<p>&nbsp;<\/p>\n<p>&nbsp;<\/p>\n<p><strong><span style=\"font-size: 12pt;\">\u00a0 \u00a0 \u00a0 \u00a0Le\u00a0 manque\u00a0 de temps et aussi mon manque de patience ne m&#8217;a pas permis une pr\u00e9sentation plus soign\u00e9e\u00a0 de l&#8217;\u00e9cho important que le Populaire du centre a\u00a0 bien voulu consacrer \u00e0 la manifestation 2023 de notre fid\u00e9lit\u00e9 (Rubrique\u00a0 &#8221; Dans l&#8217;actu&#8221; 2 \u00e9me \u00e9cho.\u00a0 \u00a0 \u00a0 \u00a0 \u00a0 \u00a0 \u00a0 \u00a0 \u00a0 \u00a0 \u00a0 \u00a0 \u00a0 \u00a0 \u00a0 \u00a0 \u00a0 \u00a0 \u00a0 \u00a0 \u00a0 \u00a0 \u00a0 \u00a0 \u00a0 \u00a0 \u00a0 \u00a0 \u00a0 \u00a0 \u00a0 \u00a0 \u00a0 \u00a0 \u00a0 \u00a0 \u00a0 \u00a0 \u00a0 \u00a0 \u00a0 \u00a0 \u00a0 \u00a0 \u00a0Mais\u00a0 cette pr\u00e9sentation a du moins l&#8217;avantage de rendre\u00a0 compte\u00a0 de\u00a0 la qualit\u00e9\u00a0 quantitative de\u00a0 cette annonce. Que Le Populaire et toutes les &#8221; petits mains&#8221;qui ont permis cette insertion en soient\u00a0 sinc\u00e8rement remerci\u00e9s .\u00a0 \u00a0 \u00a0 \u00a0 \u00a0 \u00a0 \u00a0 <\/span><\/strong><strong><span style=\"color: #0000ff; font-size: 12pt;\">Le Populaire du 20 janvier 2023 P.10<\/span><\/strong><\/p>\n","protected":false},"excerpt":{"rendered":"<p>&nbsp; &nbsp; &nbsp; &nbsp; &nbsp; \u00a0 \u00a0 \u00a0 \u00a0Le\u00a0 manque\u00a0 de temps et aussi mon manque de patience ne m&#8217;a pas permis une pr\u00e9sentation plus soign\u00e9e\u00a0 de l&#8217;\u00e9cho important que&#8230; <a href=\"https:\/\/charte-fontevrault-providentialisme.fr\/index.php\/2023\/01\/20\/merci-au-populaire-limoges-qui-a-bien-voulu-annoncer-les-ceremonies-commemoratives-louis-xvi-2023\/\">Cliquez pour lire davantage &raquo;<\/a><\/p>\n","protected":false},"author":2,"featured_media":0,"comment_status":"open","ping_status":"open","sticky":false,"template":"","format":"standard","meta":{"footnotes":""},"categories":[31069],"tags":[2454,4021,11220,13845,32740,32499,23303,26878],"class_list":["post-51258","post","type-post","status-publish","format-standard","hentry","category-action-memorielle","tag-ceremonies-commemoratives-de-louis-xvi","tag-commune-de-limoges-hte-vienne","tag-https-www-lemarceau-limoges-com","tag-le-populaire-du-centre-limoges","tag-restaurant-le-marceau-limoges","tag-roi-de-france-et-de-navarre-louis-xvi-1754-1793-dit-le-bienfaisant","tag-rois-de-france-et-de-navarrre","tag-st-michel-des-lions-limoges"],"_links":{"self":[{"href":"https:\/\/charte-fontevrault-providentialisme.fr\/index.php\/wp-json\/wp\/v2\/posts\/51258","targetHints":{"allow":["GET"]}}],"collection":[{"href":"https:\/\/charte-fontevrault-providentialisme.fr\/index.php\/wp-json\/wp\/v2\/posts"}],"about":[{"href":"https:\/\/charte-fontevrault-providentialisme.fr\/index.php\/wp-json\/wp\/v2\/types\/post"}],"author":[{"embeddable":true,"href":"https:\/\/charte-fontevrault-providentialisme.fr\/index.php\/wp-json\/wp\/v2\/users\/2"}],"replies":[{"embeddable":true,"href":"https:\/\/charte-fontevrault-providentialisme.fr\/index.php\/wp-json\/wp\/v2\/comments?post=51258"}],"version-history":[{"count":4,"href":"https:\/\/charte-fontevrault-providentialisme.fr\/index.php\/wp-json\/wp\/v2\/posts\/51258\/revisions"}],"predecessor-version":[{"id":51264,"href":"https:\/\/charte-fontevrault-providentialisme.fr\/index.php\/wp-json\/wp\/v2\/posts\/51258\/revisions\/51264"}],"wp:attachment":[{"href":"https:\/\/charte-fontevrault-providentialisme.fr\/index.php\/wp-json\/wp\/v2\/media?parent=51258"}],"wp:term":[{"taxonomy":"category","embeddable":true,"href":"https:\/\/charte-fontevrault-providentialisme.fr\/index.php\/wp-json\/wp\/v2\/categories?post=51258"},{"taxonomy":"post_tag","embeddable":true,"href":"https:\/\/charte-fontevrault-providentialisme.fr\/index.php\/wp-json\/wp\/v2\/tags?post=51258"}],"curies":[{"name":"wp","href":"https:\/\/api.w.org\/{rel}","templated":true}]}}