{"id":52485,"date":"2023-03-29T16:52:52","date_gmt":"2023-03-29T14:52:52","guid":{"rendered":"https:\/\/charte-fontevrault-providentialisme.fr\/?p=52485"},"modified":"2023-03-30T09:36:27","modified_gmt":"2023-03-30T07:36:27","slug":"le-mot-du-gouverneur-salvo-valenti-prudence-prudence","status":"publish","type":"post","link":"https:\/\/charte-fontevrault-providentialisme.fr\/index.php\/2023\/03\/29\/le-mot-du-gouverneur-salvo-valenti-prudence-prudence\/","title":{"rendered":"Le mot du Gouverneur : Salvo Valenti ? Prudence, prudence !"},"content":{"rendered":"<p><span style=\"text-align: justify; font-size: 1rem;\"><br \/>\n<strong><span style=\"font-size: 12pt;\">Je pense que l\u2019article qui va suivre est tout-\u00e0-fait n\u00e9cessaire sur le site de la Charte de Fontevrault, site du Royalisme providentialiste.<\/span><\/strong><\/span><span style=\"text-align: justify; font-size: 12pt;\">\u00a0<\/span><\/p>\n<div>\n<p style=\"margin-top: 0pt; margin-bottom: 0pt; text-align: justify;\">Certains d\u2019entre vous ont certainement entendu parler des Groupes saint-Michel, groupes de pri\u00e8re organis\u00e9s depuis quelques ann\u00e9es par Salvatore Valenti (Salvo), sicilien recevant des messages de l\u2019Archange pour notre temps.<\/p>\n<p style=\"margin-top: 0pt; margin-bottom: 0pt; text-align: justify;\">Il se trouve que, depuis quelques mois, circulent sur divers canaux Internet, WhatsApp en particulier mais pas seulement, des r\u00e9flexions et messages de Salvo qui sont plut\u00f4t sujets \u00e0 caution.<\/p>\n<p style=\"margin-top: 0pt; margin-bottom: 0pt; text-align: justify;\"><span style=\"-aw-import: ignore;\">\u00a0<\/span><\/p>\n<p style=\"margin-top: 0pt; margin-bottom: 0pt; text-align: justify;\">Je ne parlerai ici que de ceux concernant deux th\u00e8mes :<\/p>\n<p style=\"margin-top: 0pt; margin-bottom: 0pt; text-align: justify;\">. Un th\u00e8me surnaturel et d\u2019Eglise,<\/p>\n<p style=\"margin-top: 0pt; margin-bottom: 0pt; text-align: justify;\">. Un th\u00e8me temporel et politique.<\/p>\n<p style=\"margin-top: 0pt; margin-bottom: 0pt; text-align: justify;\"><span style=\"-aw-import: ignore;\">\u00a0<\/span><\/p>\n<p style=\"margin-top: 0pt; margin-bottom: 0pt; text-align: justify;\">Remarque\u00a0:<\/p>\n<p style=\"margin-top: 0pt; margin-bottom: 0pt; text-align: justify;\">Dans ce qui suit, ces deux sujets sont d\u2019abord constitu\u00e9s des citations de Salvo, \u00e9ventuellement comment\u00e9e (en bleu), \u00e0 la suite et par moi-m\u00eame. De plus sont surlign\u00e9s les points litigieux.<\/p>\n<p style=\"margin-top: 0pt; margin-bottom: 0pt; text-align: justify;\"><span style=\"-aw-import: ignore;\">\u00a0<\/span><\/p>\n<p style=\"margin-top: 0pt; margin-bottom: 0pt; text-align: justify; line-height: 115%; font-size: 14pt;\"><span style=\"font-weight: bold;\">1. SUR LUCIFER ET SATAN<\/span><\/p>\n<p style=\"margin-top: 0pt; margin-bottom: 0pt; text-align: justify;\"><span style=\"-aw-import: ignore;\">\u00a0<\/span><\/p>\n<p style=\"margin-top: 0pt; margin-bottom: 0pt; text-align: justify;\"><span style=\"font-weight: bold;\">Dimanche 19-02-2023<\/span><\/p>\n<p style=\"margin-top: 0pt; margin-bottom: 0pt; text-align: justify;\">\u00ab\u00a0Saint-Michel Archange a dit \u00e0 Petralia\u00a0: <span style=\"font-style: italic;\">Vous \u00eates toujours tristes parce que vous avez vendu la joie de Dieu et, si vous continuez \u00e0 marcher sur le chemin des t\u00e9n\u00e8bres et du mal, <\/span><span style=\"font-style: italic; background-color: #00ffff;\">Lucifer enverra Satan<\/span><span style=\"font-style: italic;\"> qui vous saisira et vous conduira au feu \u00e9ternel, car m\u00eame Lucifer doit ob\u00e9ir au Seigneur.<\/span>\u00a0\u00bb<\/p>\n<p style=\"margin-top: 0pt; margin-bottom: 0pt; text-align: justify;\"><span style=\"-aw-import: ignore;\">\u00a0<\/span><\/p>\n<p style=\"margin-top: 0pt; margin-bottom: 0pt; text-align: justify;\"><span style=\"font-weight: bold; color: #0000ff;\">A la suite de remarques et de vives contestations de cette affirmation (\u00e9nonc\u00e9 par saint-Michel lui-m\u00eame), de la part de plusieurs chr\u00e9tiens (encore lucides) destinataires de ces messages, la r\u00e9ponse de Salvo est la suivante<\/span><span style=\"font-weight: bold; color: #0000ff;\">\u00a0<\/span><span style=\"font-weight: bold; color: #0000ff;\">:<\/span><\/p>\n<p style=\"margin-top: 0pt; margin-bottom: 0pt; text-align: justify;\"><span style=\"-aw-import: ignore;\">\u00a0<\/span><\/p>\n<p style=\"margin-top: 0pt; margin-bottom: 0pt; text-align: justify;\"><span style=\"font-weight: bold;\">Mardi 21-02-2023<\/span><\/p>\n<p style=\"margin-top: 0pt; margin-bottom: 0pt; text-align: justify;\">\u00ab\u00a0Je tiens \u00e0 pr\u00e9ciser que l\u2019Eglise n\u2019explique pas officiellement cette distinction entre Lucifer et Satan.<\/p>\n<p style=\"margin-top: 0pt; margin-bottom: 0pt; text-align: justify;\">J\u2019ai parl\u00e9 \u00e0 Don Marcello et \u00e0 d\u2019autres pr\u00eatres qui m\u2019ont dit que de nombreux exorcistes, dont le P\u00e8re Amorth, affirment que Lucifer et Satan sont deux esprits diff\u00e9rents, <span style=\"background-color: #00ffff;\">que Lucifer \u00e9tait un archange et Satan \u00e9tait un ange<\/span>.\u00a0\u00bb<\/p>\n<p style=\"margin-top: 0pt; margin-bottom: 0pt; text-align: justify;\"><span style=\"-aw-import: ignore;\">\u00a0<\/span><\/p>\n<p style=\"margin-top: 0pt; margin-bottom: 0pt; text-align: justify;\"><span style=\"font-weight: bold; color: #0000ff;\">Ceci contredit totalement l\u2019enseignement de l\u2019Eglise, et d\u2019une mani\u00e8re flagrante<\/span><span style=\"font-weight: bold; color: #0000ff;\">\u00a0<\/span><span style=\"font-weight: bold; color: #0000ff;\">!<\/span><\/p>\n<p style=\"margin-top: 0pt; margin-bottom: 0pt; text-align: justify;\"><span style=\"font-weight: bold; color: #0000ff;\">Est-ce \u00e0 dire que depuis 2000 ans le magist\u00e8re de l\u2019Eglise se trompe en enseignant que Lucifer et Satan sont le m\u00eame esprit, \u00ab<\/span><span style=\"font-weight: bold; color: #0000ff;\">\u00a0<\/span><span style=\"font-weight: bold; color: #0000ff;\">Lucifer<\/span><span style=\"font-weight: bold; color: #0000ff;\">\u00a0<\/span><span style=\"font-weight: bold; color: #0000ff;\">\u00bb le plus grand et le plus bel archange avant sa r\u00e9volte et sa chute, puis devenant imm\u00e9diatement et irr\u00e9m\u00e9diablement \u00ab<\/span><span style=\"font-weight: bold; color: #0000ff;\">\u00a0<\/span><span style=\"font-weight: bold; color: #0000ff;\">Satan<\/span><span style=\"font-weight: bold; color: #0000ff;\">\u00a0<\/span><span style=\"font-weight: bold; color: #0000ff;\">\u00bb signifiant l\u2019Adversaire, l\u2019Ennemi, \u00e0 sa chute<\/span><span style=\"font-weight: bold; color: #0000ff;\">\u00a0<\/span><span style=\"font-weight: bold; color: #0000ff;\">?<\/span><\/p>\n<p style=\"margin-top: 0pt; margin-bottom: 0pt; text-align: justify;\"><span style=\"font-weight: bold; color: #0000ff;\">Aurait-il donc fallu 2000 ans pour qu\u2019enfin, saint Michel Archange qui, justement, a chass\u00e9 le Mauvais hors du Ciel sur la Terre, corrige via son messager Salvo l\u2019erreur de la Sainte Eglise<\/span><span style=\"font-weight: bold; color: #0000ff;\">\u00a0<\/span><span style=\"font-weight: bold; color: #0000ff;\">?<\/span><\/p>\n<p style=\"margin-top: 0pt; margin-bottom: 0pt; text-align: justify;\"><span style=\"font-weight: bold; color: #0000ff;\">Mais alors devant cette contradiction et cette impossibilit\u00e9, qui parle \u00e0 Salvo<\/span><span style=\"font-weight: bold; color: #0000ff;\">\u00a0<\/span><span style=\"font-weight: bold; color: #0000ff;\">?<\/span><\/p>\n<p style=\"margin-top: 0pt; margin-bottom: 0pt; text-align: justify;\"><span style=\"font-weight: bold; color: #0000ff;\">Est-ce bien saint-Michel, ou celui qu\u2019il a chass\u00e9 et qui aurait le culot de se faire passer pour lui<\/span><span style=\"font-weight: bold; color: #0000ff;\">\u00a0<\/span><span style=\"font-weight: bold; color: #0000ff;\">?<\/span><\/p>\n<p style=\"margin-top: 0pt; margin-bottom: 0pt; text-align: justify;\"><span style=\"-aw-import: ignore;\">\u00a0<\/span><\/p>\n<p style=\"margin-top: 0pt; margin-bottom: 0pt; text-align: justify;\"><span style=\"-aw-import: ignore;\">\u00a0<\/span><\/p>\n<p style=\"margin-top: 0pt; margin-bottom: 0pt; text-align: justify; line-height: 115%; font-size: 14pt;\"><span style=\"font-weight: bold;\">2. SUR LE ROI ET LA DEMOCRATIE<\/span><\/p>\n<p style=\"margin-top: 0pt; margin-bottom: 0pt; text-align: justify;\">Alors l\u00e0, c\u2019est le pompon\u00a0!<\/p>\n<p style=\"margin-top: 0pt; margin-bottom: 0pt; text-align: justify;\"><span style=\"-aw-import: ignore;\">\u00a0<\/span><\/p>\n<p style=\"margin-top: 0pt; margin-bottom: 0pt; text-align: justify;\"><span style=\"font-weight: bold;\">Mercredi 14-09-22 (18<\/span><span style=\"font-weight: bold;\">\u00a0<\/span><span style=\"font-weight: bold;\">:29)<\/span><\/p>\n<p style=\"margin-top: 0pt; margin-bottom: 0pt; text-align: justify;\">Pens\u00e9e du soir\u00a0:<\/p>\n<p style=\"margin-top: 0pt; margin-bottom: 0pt; text-align: justify;\"><span style=\"background-color: #ffff00;\">La Monarchie dans les nations devrait \u00eatre abolie<\/span>. Le seul Roi \u00e0 exalter, celui que nous devons honorer et \u00e0 qui rendre hommage, est Notre Seigneur J\u00e9sus-Christ.<\/p>\n<p style=\"margin-top: 0pt; margin-bottom: 0pt; text-align: justify;\"><span style=\"font-weight: bold; color: #0000ff;\">A r\u00e9ception de ce message, un de mes amis m\u2019\u00e9crit<\/span><span style=\"font-weight: bold; color: #0000ff;\">\u00a0<\/span><span style=\"font-weight: bold; color: #0000ff;\">:<\/span><\/p>\n<p style=\"margin-top: 0pt; margin-bottom: 0pt; text-align: justify;\"><span style=\"font-weight: bold; color: #0000ff;\">\u00ab<\/span><span style=\"font-weight: bold; color: #0000ff;\">\u00a0<\/span><span style=\"font-weight: bold; color: #0000ff;\">Voil\u00e0 qui ne va pas aider pour la compr\u00e9hension et l\u2019ouverture de Salvo \u00e0 l\u2019\u0153uvre sp\u00e9cifique du Sacr\u00e9-C\u0153ur de J\u00e9sus sur la France et \u00e0 travers elle sur le monde entier.<\/span><span style=\"font-weight: bold; color: #0000ff;\">\u00a0<\/span><span style=\"font-weight: bold; color: #0000ff;\">\u00bb<\/span><\/p>\n<p style=\"margin-top: 0pt; margin-bottom: 0pt; text-align: justify;\"><span style=\"-aw-import: ignore;\">\u00a0<\/span><\/p>\n<p style=\"margin-top: 0pt; margin-bottom: 0pt; text-align: justify;\"><span style=\"font-weight: bold;\">Vendredi 16-09-2022<\/span><\/p>\n<p style=\"margin-top: 0pt; margin-bottom: 0pt; text-align: justify;\">Pens\u00e9e du soir\u00a0:<\/p>\n<p style=\"margin-top: 0pt; margin-bottom: 0pt; text-align: justify;\"><span style=\"background-color: #ffff00;\">La d\u00e9mocratie doit \u00eatre promue dans les nations<\/span>, et la d\u00e9mocratie doit avoir comme r\u00e9f\u00e9rence l\u2019Evangile de l\u2019unique Roi Notre Seigneur J\u00e9sus-Christ.<\/p>\n<p style=\"margin-top: 0pt; margin-bottom: 0pt; text-align: justify;\"><span style=\"-aw-import: ignore;\">\u00a0<\/span><\/p>\n<p style=\"margin-top: 0pt; margin-bottom: 0pt; text-align: justify;\"><span style=\"font-weight: bold;\">Dimanche 20-11-2022<\/span><\/p>\n<p style=\"margin-top: 0pt; margin-bottom: 0pt; text-align: justify;\">Pens\u00e9e \u00e0 la lumi\u00e8re de la Parole (Luc 23, 35-43)\u00a0:<\/p>\n<p style=\"margin-top: 0pt; margin-bottom: 0pt; text-align: justify;\">\u00ab\u00a0J\u00e9sus-Christ est notre seul Roi. Ensemble, avec saint-Michel Archange, et accompagn\u00e9s par nos anges gardiens, nous devons ramener les valeurs chr\u00e9tiennes dans le monde. Nous devons ramener notre seul Roi, Notre Seigneur J\u00e9sus-Christ, dans la soci\u00e9t\u00e9, les nations, les peuples et les gouvernements.<\/p>\n<p style=\"margin-top: 0pt; margin-bottom: 0pt; text-align: justify;\"><span style=\"background-color: #ffff00;\">Nous n\u2019avons pas besoin de nous prosterner devant aucun autre roi sur cette terre, mais nous devons former des d\u00e9mocraties guid\u00e9es par les valeurs chr\u00e9tiennes<\/span> de Notre Seigneur J\u00e9sus-Christ qui est notre seul Roi.<\/p>\n<p style=\"margin-top: 0pt; margin-bottom: 0pt; text-align: justify;\">Notre Seigneur J\u00e9sus-Christ est un Roi qui vient nous servir, nous aimer et nous sauver\u00a0; accueillons J\u00e9sus-Christ dans nos vies et nous entrerons dans son royaume et dans la joie \u00e9ternelle.\u00a0\u00bb<\/p>\n<p style=\"margin-top: 0pt; margin-bottom: 0pt; text-align: justify;\"><span style=\"-aw-import: ignore;\">\u00a0<\/span><\/p>\n<p style=\"margin-top: 0pt; margin-bottom: 0pt; text-align: justify;\"><span style=\"font-weight: bold; color: #0000ff;\">Et si tout cela ne suffisait pas, voici la 3<\/span><span style=\"line-height: 115%; font-size: 7.33pt; font-weight: bold; vertical-align: super; color: #0000ff;\">\u00e8me<\/span><span style=\"font-weight: bold; color: #0000ff;\"> r\u00e9cidive r\u00e9cente de Salvo, que je laisse \u00e0 votre sagacit\u00e9 et \u00e0 votre discernement<\/span><span style=\"font-weight: bold; color: #0000ff;\">\u00a0<\/span><span style=\"font-weight: bold; color: #0000ff;\">:<\/span><\/p>\n<p style=\"margin-top: 0pt; margin-bottom: 0pt; text-align: justify;\"><span style=\"-aw-import: ignore;\">\u00a0<\/span><\/p>\n<p style=\"margin-top: 0pt; margin-bottom: 0pt; text-align: justify;\"><span style=\"font-weight: bold;\">Vendredi 24-03-2023<\/span><\/p>\n<p style=\"margin-top: 0pt; margin-bottom: 0pt; text-align: justify;\">\u0152uvres de saint Michel Archange \u00e0 Petralia<\/p>\n<p style=\"margin-top: 0pt; margin-bottom: 0pt; text-align: justify;\">\u00ab\u00a0Ob\u00e9issance Pri\u00e8re Charit\u00e9\u00a0\u00bb \/ \u00ab\u00a0Arm\u00e9e du Christ\u00a0\u00bb<\/p>\n<p style=\"margin-top: 0pt; margin-bottom: 0pt; text-align: justify;\">Pens\u00e9e du soir\u00a0!<\/p>\n<p style=\"margin-top: 0pt; margin-bottom: 0pt; text-align: justify;\">\u00ab\u00a0<span style=\"background-color: #ffff00;\">Le bon chr\u00e9tien ne promeut pas<span style=\"font-size: 12pt;\"> la monarchie, mais la r\u00e9publique d\u00e9mocratique<\/span><\/span><span style=\"font-size: 12pt;\">.<\/span><\/p>\n<p style=\"margin-top: 0pt; margin-bottom: 0pt; text-align: justify;\"><span style=\"font-size: 12pt;\">Envoyez aux gouvernements des dirigeants chr\u00e9tiens qui d\u00e9fendent les valeurs chr\u00e9tiennes et glorifient J\u00e9sus, <span style=\"background-color: #ffff00;\">le seul Roi de toute d\u00e9mocratie<\/span> et de tout peuple.\u00a0\u00bb<\/span><\/p>\n<p style=\"margin-top: 0pt; margin-bottom: 0pt; text-align: justify;\"><span style=\"font-size: 12pt;\">\u00a0<\/span><\/p>\n<p style=\"margin-top: 0pt; margin-bottom: 0pt; text-align: justify;\"><span style=\"font-size: 12pt;\"><span style=\"font-weight: bold; color: #0000ff;\">C\u2019est la touche finale, et c\u2019est tr\u00e8s grave<\/span><span style=\"font-weight: bold; color: #0000ff;\">\u00a0<\/span><span style=\"font-weight: bold; color: #0000ff;\">!<\/span><\/span><\/p>\n<p>&nbsp;<\/p>\n<p style=\"margin-top: 0pt; margin-bottom: 0pt; text-align: justify; line-height: 115%; font-size: 14pt;\"><span style=\"line-height: 115%; font-size: 12pt; font-weight: bold; color: #0000ff;\">Dans cette pens\u00e9e du soir, Salvo <\/span><span style=\"font-weight: bold; text-decoration: underline; color: #0000ff; font-size: 12pt;\">juge<\/span><span style=\"font-size: 12pt;\"><span style=\"line-height: 115%; font-weight: bold; color: #0000ff;\"> comme<\/span><span style=\"line-height: 115%; font-weight: bold; color: #0000ff;\">\u00a0 <\/span><span style=\"line-height: 115%; font-weight: bold; color: #0000ff;\">\u00ab<\/span><span style=\"line-height: 115%; font-weight: bold; color: #0000ff;\">\u00a0<\/span><span style=\"line-height: 115%; font-weight: bold; color: #0000ff;\">mauvais chr\u00e9tien<\/span><span style=\"line-height: 115%; font-weight: bold; color: #0000ff;\">\u00a0<\/span><span style=\"line-height: 115%; font-weight: bold; color: #0000ff;\">\u00bb tout royaliste, quel qu\u2019il soit, non pas pour les p\u00e9ch\u00e9s qu\u2019il peut commettre dans sa vie, mais pour ce qu\u2019il est<\/span><span style=\"line-height: 115%; font-weight: bold; color: #0000ff;\">\u00a0<\/span><span style=\"line-height: 115%; font-weight: bold; color: #0000ff;\">: un royaliste&#8230; et pour ce qu\u2019il n\u2019est pas<\/span><span style=\"line-height: 115%; font-weight: bold; color: #0000ff;\">\u00a0<\/span><span style=\"line-height: 115%; font-weight: bold; color: #0000ff;\">: un d\u00e9mocrate.<\/span><\/span><\/p>\n<p>&nbsp;<\/p>\n<p style=\"margin-top: 0pt; margin-bottom: 0pt; text-align: justify;\"><span style=\"font-weight: bold; color: #0000ff;\">C\u2019est \u00e9pouvantable comme la d\u00e9mocratie chr\u00e9tienne a d\u00e9cervel\u00e9 les esprits&#8230;<\/span><\/p>\n<p style=\"margin-top: 0pt; margin-bottom: 0pt; text-align: justify;\"><span style=\"font-weight: bold; color: #0000ff;\">Je crois qu&#8217;elle est la pire d\u00e9mocratie de toutes, car elle se pare, s\u2019empare et se pr\u00e9vaut des trois vertus th\u00e9ologales.<\/span><\/p>\n<p style=\"margin-top: 0pt; margin-bottom: 0pt; text-align: justify;\"><span style=\"font-weight: bold; color: #0000ff;\">Quant \u00e0 l\u2019expression sotte de<\/span><span style=\"font-weight: bold; color: #0000ff;\">\u00a0<\/span><span style=\"font-weight: bold; color: #0000ff;\">\u00ab J\u00e9sus seul Roi de toutes d\u00e9mocratie<\/span><span style=\"font-weight: bold; color: #0000ff;\">\u00a0<\/span><span style=\"font-weight: bold; color: #0000ff;\">\u00bb, faut-il aller jusqu\u2019\u00e0 apprendre \u00e0 Salvo que pour pouvoir \u00eatre Roi, il faut avoir au moins un Royaume&#8230; Pauvre J\u00e9sus<\/span><span style=\"font-weight: bold; color: #0000ff;\">\u00a0<\/span><span style=\"font-weight: bold; color: #0000ff;\">! <\/span><\/p>\n<p style=\"margin-top: 0pt; margin-bottom: 0pt; text-align: justify;\"><span style=\"font-weight: bold; color: #0000ff; -aw-import: ignore;\">\u00a0<\/span><\/p>\n<p style=\"margin-top: 0pt; margin-bottom: 0pt; text-align: justify;\"><span style=\"font-weight: bold; color: #0000ff;\">Oui, pauvre J\u00e9sus<\/span><\/p>\n<p style=\"margin-top: 0pt; margin-bottom: 0pt; text-align: justify;\"><span style=\"font-weight: bold; color: #0000ff;\"><br \/>\nLorsque Vous f\u00fbtes couronn\u00e9 d\u2019\u00e9pines, habill\u00e9 de la pourpre royale et assis sur le tronc de colonne bris\u00e9e, Vous aviez tous les attributs du Roi, except\u00e9 un seul : le Sceptre<\/span><span style=\"font-weight: bold; color: #0000ff;\">\u00a0<\/span><span style=\"font-weight: bold; color: #0000ff;\">!<\/span><\/p>\n<p style=\"margin-top: 0pt; margin-bottom: 0pt; text-align: justify;\"><span style=\"font-weight: bold; color: #0000ff;\">Mais vos bourreaux ne furent pas longs \u00e0 Vous en trouver un. Et ce fut un roseau, le roseau qui s\u2019incline ici et l\u00e0 selon le vent qu\u2019il fait<\/span><span style=\"font-weight: bold; color: #0000ff;\">\u00a0<\/span><span style=\"font-weight: bold; color: #0000ff;\">; le roseau qui penche \u00e0 droite et \u00e0 gauche&#8230; Quelle diff\u00e9rence avec le sceptre de fer que Vous devez arborer \u00e0 la Fin des Temps dans la gloire de Votre Royaut\u00e9.<\/span><\/p>\n<p style=\"margin-top: 0pt; margin-bottom: 0pt; text-align: justify;\"><span style=\"font-weight: bold; color: #0000ff;\">Ce roseau changeant de direction \u00e0 la moindre brise c\u2019est bien le sceptre de la d\u00e9mocratie, et fich\u00e9 dans vos mains ligot\u00e9es, c\u2019est bien celui de la d\u00e9mocratie chr\u00e9tienne&#8230;<\/span><\/p>\n<p style=\"margin-top: 0pt; margin-bottom: 0pt; text-align: justify;\"><span style=\"font-weight: bold; color: #0000ff; -aw-import: ignore;\">\u00a0<\/span><\/p>\n<p style=\"margin-top: 0pt; margin-bottom: 0pt; text-align: justify;\"><span style=\"font-weight: bold; color: #0000ff;\">Pauvre J\u00e9sus, pauvre Roi<\/span><span style=\"font-weight: bold; color: #0000ff;\">\u00a0<\/span><span style=\"font-weight: bold; color: #0000ff;\">!<\/span><\/p>\n<p style=\"margin-top: 0pt; margin-bottom: 0pt; text-align: justify;\"><span style=\"font-weight: bold; color: #0000ff; -aw-import: ignore;\">\u00a0<\/span><\/p>\n<p style=\"margin-top: 0pt; margin-bottom: 0pt; text-align: justify;\"><span style=\"font-weight: bold; color: #0000ff;\">De plus, vos bourreaux vous ont band\u00e9 les yeux&#8230; Vous ne voyez plus<\/span><span style=\"font-weight: bold; color: #0000ff;\">\u00a0<\/span><span style=\"font-weight: bold; color: #0000ff;\">! Ce bandeau vous obstrue les oreilles&#8230; Vous n\u2019entendez plus<\/span><span style=\"font-weight: bold; color: #0000ff;\">\u00a0<\/span><span style=\"font-weight: bold; color: #0000ff;\">! Alors, aveugle, sourd, entrav\u00e9, on ass\u00e8ne sur votre couronne de d\u00e9rision une pluie de coups avec ce sceptre souple comme le mensonge et dur comme la haine, pour bien vous faire comprendre que votre Royaut\u00e9 est d\u00e9faite, que votre Royaut\u00e9 n\u2019est plus<\/span><span style=\"font-weight: bold; color: #0000ff;\">\u00a0<\/span><span style=\"font-weight: bold; color: #0000ff;\">!<\/span><\/p>\n<p style=\"margin-top: 0pt; margin-bottom: 0pt; text-align: justify;\"><span style=\"font-weight: bold; color: #0000ff; -aw-import: ignore;\">\u00a0<\/span><\/p>\n<p style=\"margin-top: 0pt; margin-bottom: 0pt; text-align: justify;\"><span style=\"font-weight: bold; color: #0000ff;\">Pauvre J\u00e9sus, pauvre Roi<\/span><span style=\"font-weight: bold; color: #0000ff;\">\u00a0<\/span><span style=\"font-weight: bold; color: #0000ff;\">!<\/span><\/p>\n<p style=\"margin-top: 0pt; margin-bottom: 0pt; text-align: justify;\"><span style=\"font-weight: bold; color: #0000ff;\"><br \/>\nSalvo, de gr\u00e2ce, ne frappez pas vous-m\u00eame avec ce sceptre<\/span><span style=\"font-weight: bold; color: #0000ff;\">\u00a0<\/span><span style=\"font-weight: bold; color: #0000ff;\">!<\/span><\/p>\n<p style=\"margin-top: 0pt; margin-bottom: 0pt; text-align: justify;\"><span style=\"font-weight: bold; color: #0000ff; -aw-import: ignore;\">\u00a0<\/span><\/p>\n<p style=\"margin-top: 0pt; margin-bottom: 0pt; text-align: justify;\"><span style=\"font-weight: bold; color: #0000ff;\">Et puis maintenant la cerise sur le g\u00e2teau<\/span><span style=\"font-weight: bold; color: #0000ff;\"> :<\/span><span style=\"font-weight: bold; color: #0000ff; -aw-import: ignore;\">\u00a0<\/span><\/p>\n<p style=\"margin-top: 0pt; margin-bottom: 0pt; text-align: justify;\"><span style=\"font-weight: bold; color: #0000ff;\">C\u2019est la transcription, \u00e0 partir d\u2019une vid\u00e9o, d\u2019un passage d&#8217;une conf\u00e9rence de Salvo en France<\/span><span style=\"font-weight: bold; color: #0000ff;\">\u00a0<\/span><span style=\"font-weight: bold; color: #0000ff;\">:<\/span><\/p>\n<p style=\"margin-top: 0pt; margin-bottom: 0pt; text-align: justify;\"><span style=\"font-weight: bold;\">Vid\u00e9o de la conf\u00e9rence de Salvo Valenti du samedi 08-10-22 dans une \u00e9glise proche du Mont-saint-Michel en Normandie.<\/span><\/p>\n<p style=\"margin-top: 0pt; margin-bottom: 0pt; text-align: justify;\"><a style=\"text-decoration: none;\" href=\"https:\/\/youtu.be\/YP6fY-InmuU\"><span style=\"text-decoration: underline; color: #0000ff;\">https:\/\/youtu.be\/YP6fY-InmuU<\/span><\/a><\/p>\n<p style=\"margin-top: 0pt; margin-bottom: 0pt; text-align: justify;\"><span style=\"-aw-import: ignore;\">\u00a0<\/span><\/p>\n<p style=\"margin-top: 0pt; margin-bottom: 0pt; text-align: justify;\"><span style=\"font-weight: bold;\">Transcription exacte et litt\u00e9rale de la Question\/R\u00e9ponse de Mme xxx pr\u00e9sente \u00e0 la conf\u00e9rence.<\/span><\/p>\n<p style=\"margin-top: 0pt; margin-bottom: 0pt; text-align: justify;\">D\u00e9but de la question de Mme xxx : 34\u201953\u2019\u2019 &gt; 35\u201925\u2019\u2019.<\/p>\n<p style=\"margin-top: 0pt; margin-bottom: 0pt; text-align: justify;\">R\u00e9ponse de Salvo\u00a0: 38\u201943\u2019\u2019 &gt; 42\u201913\u2019\u2019<\/p>\n<p style=\"margin-top: 0pt; margin-bottom: 0pt; text-align: justify;\"><span style=\"-aw-import: ignore;\">\u00a0<\/span><\/p>\n<p style=\"margin-top: 0pt; margin-bottom: 0pt; text-align: justify;\"><span style=\"font-weight: bold;\">Question de Mme xxx<\/span><span style=\"font-weight: bold;\">\u00a0<\/span><span style=\"font-weight: bold;\">:<\/span><\/p>\n<p style=\"margin-top: 0pt; margin-bottom: 0pt; text-align: justify;\"><span style=\"font-style: italic;\">\u00ab<\/span><span style=\"font-style: italic;\">\u00a0<\/span><span style=\"font-style: italic;\">Je reviens au niveau politique, parce que beaucoup attendent la fin de la R\u00e9publique, qu\u2019elle meure, pour qu\u2019un roi vienne, parce qu\u2019on entend beaucoup ceci dans les proph\u00e9ties. C\u2019est pour cette raison qu\u2019au niveau politique beaucoup ont baiss\u00e9 les bras.<\/span><\/p>\n<p style=\"margin-top: 0pt; margin-bottom: 0pt; text-align: justify;\"><span style=\"font-style: italic;\">Est-ce que Saint Michel peut nous \u00e9clairer<\/span><span style=\"font-style: italic;\">\u00a0<\/span><span style=\"font-style: italic;\">?<\/span><span style=\"font-style: italic;\">\u00a0<\/span><span style=\"font-style: italic;\">\u00bb<\/span><\/p>\n<p style=\"margin-top: 0pt; margin-bottom: 0pt; text-align: justify;\"><span style=\"-aw-import: ignore;\">\u00a0<\/span><\/p>\n<p style=\"margin-top: 0pt; margin-bottom: 0pt; text-align: justify;\"><span style=\"font-weight: bold;\">Grand silence&#8230;<\/span><\/p>\n<p style=\"margin-top: 0pt; margin-bottom: 0pt; text-align: justify;\">Aldo, le traducteur, n\u2019arrive pas \u00e0 traduire.<\/p>\n<p style=\"margin-top: 0pt; margin-bottom: 0pt; text-align: justify;\">Il parle \u00e0 Salvo&#8230;<\/p>\n<p style=\"margin-top: 0pt; margin-bottom: 0pt; text-align: justify;\"><span style=\"-aw-import: ignore;\">\u00a0<\/span><\/p>\n<p style=\"margin-top: 0pt; margin-bottom: 0pt; text-align: justify;\">Sarah, une traductrice assise au premier rang dans le public prend la place d\u2019Aldo, \u00e0 c\u00f4t\u00e9 de Salvo et dit\u00a0:<\/p>\n<p style=\"margin-top: 0pt; margin-bottom: 0pt; text-align: justify;\"><span style=\"font-style: italic;\">\u00ab<\/span><span style=\"font-style: italic;\">\u00a0<\/span><span style=\"font-style: italic;\">Mon fr\u00e8re (Aldo) est tr\u00e8s fatigu\u00e9, il est \u00e9puis\u00e9 depuis une semaine.<\/span><span style=\"font-style: italic;\">\u00a0<\/span><span style=\"font-style: italic;\">\u00bb<\/span><\/p>\n<p style=\"margin-top: 0pt; margin-bottom: 0pt; text-align: justify;\">Salvo aussi est \u00e9puis\u00e9.<\/p>\n<p style=\"margin-top: 0pt; margin-bottom: 0pt; text-align: justify;\"><span style=\"-aw-import: ignore;\">\u00a0<\/span><\/p>\n<p style=\"margin-top: 0pt; margin-bottom: 0pt; text-align: justify;\">Sarah commence <span style=\"text-decoration: underline;\">par parler en fran\u00e7ais<\/span><span style=\"text-decoration: underline;\">\u00a0<\/span><span style=\"text-decoration: underline;\">(???)<\/span> de <span style=\"font-style: italic;\">\u00ab<\/span><span style=\"font-style: italic;\">\u00a0<\/span><span style=\"font-style: italic;\">s\u2019agenouiller devant le roi<\/span><span style=\"font-style: italic;\">\u00a0<\/span><span style=\"font-style: italic;\">\u00bb<\/span> \u00e0 Salvo.<\/p>\n<p style=\"margin-top: 0pt; margin-bottom: 0pt; text-align: justify;\"><span style=\"font-weight: bold; color: #0000ff;\">(Soulign\u00e9 par moi : ce n\u2019\u00e9tait pas le sujet de la demande).<\/span><\/p>\n<p style=\"margin-top: 0pt; margin-bottom: 0pt; text-align: justify;\"><span style=\"font-weight: bold; color: #0000ff; -aw-import: ignore;\">\u00a0<\/span><\/p>\n<p style=\"margin-top: 0pt; margin-bottom: 0pt; text-align: justify;\"><span style=\"font-weight: bold;\">R\u00e9ponse de Salvo (38\u201943\u2019\u2019)<\/span><\/p>\n<p style=\"margin-top: 0pt; margin-bottom: 0pt; text-align: justify;\"><span style=\"font-style: italic;\">\u00ab<\/span><span style=\"font-style: italic;\">\u00a0<\/span><span style=\"font-style: italic;\">Tr\u00e8s difficile, tr\u00e8s difficile pour moi de m\u2019agenouiller devant un roi. Mon unique Roi c\u2019est J\u00e9sus-Christ.<\/span><\/p>\n<p style=\"margin-top: 0pt; margin-bottom: 0pt; text-align: justify;\"><span style=\"font-style: italic;\">\u00ab<\/span><span style=\"font-style: italic;\">\u00a0<\/span><span style=\"font-style: italic;\">Moi, avec Saint-Michel Archange, nous sommes en train d\u2019avancer, de porter en avant le triomphe pour l\u2019unique Roi J\u00e9sus-Christ.<\/span><\/p>\n<p style=\"margin-top: 0pt; margin-bottom: 0pt; text-align: justify;\"><span style=\"font-style: italic;\">\u00ab<\/span><span style=\"font-style: italic;\">\u00a0<\/span><span style=\"font-style: italic;\">Nous devons apporter le Christ-Roi dans toutes les r\u00e9publiques d\u00e9mocratiques dans toute l\u2019Europe.<\/span><\/p>\n<p style=\"margin-top: 0pt; margin-bottom: 0pt; text-align: justify;\"><span style=\"font-style: italic;\">Pour moi, Saint-Michel est celui qui est pour le retour du Roi J\u00e9sus-Christ et le retour des valeurs chr\u00e9tiennes dans la d\u00e9mocratie, et nous remercions Saint-Michel. (40\u201953\u2019\u2019)<\/span><\/p>\n<p style=\"margin-top: 0pt; margin-bottom: 0pt; text-align: justify;\"><span style=\"font-style: italic; -aw-import: ignore;\">\u00a0<\/span><\/p>\n<p style=\"margin-top: 0pt; margin-bottom: 0pt; text-align: justify;\"><span style=\"font-weight: bold; font-style: italic; text-decoration: underline;\">\u00ab<\/span><span style=\"font-weight: bold; font-style: italic; text-decoration: underline;\">\u00a0<\/span><span style=\"font-weight: bold; font-style: italic; text-decoration: underline;\">En ce moment m\u00eame l\u2019Archange Saint-Michel est venu me donner ces explications<\/span><span style=\"font-weight: bold; font-style: italic;\">.<\/span><\/p>\n<p style=\"margin-top: 0pt; margin-bottom: 0pt; text-align: justify;\"><span style=\"font-weight: bold; color: #0000ff;\">(Soulign\u00e9 et mis en gras par moi, car intervention de saint Michel en temps r\u00e9el<\/span><span style=\"font-weight: bold; color: #0000ff;\">\u00a0<\/span><span style=\"font-weight: bold; color: #0000ff;\">!).<\/span><\/p>\n<p style=\"margin-top: 0pt; margin-bottom: 0pt; text-align: justify;\"><span style=\"font-style: italic; -aw-import: ignore;\">\u00a0<\/span><\/p>\n<p style=\"margin-top: 0pt; margin-bottom: 0pt; text-align: justify;\"><span style=\"font-style: italic;\">\u00ab<\/span><span style=\"font-style: italic;\">\u00a0<\/span><span style=\"font-style: italic;\">Je r\u00e9p\u00e8te, la d\u00e9mocratie, nous devons la d\u00e9fendre avec les valeurs chr\u00e9tiennes en m\u00eame temps, parce que Dieu nous a cr\u00e9\u00e9s libres. En personnes libres, nous devons vivre de fa\u00e7on \u00e0 jeter en dehors de la d\u00e9mocratie les gouvernants satanistes qui sont \u00e0 l\u2019int\u00e9rieur, et nous, nous avons la libert\u00e9 de valeurs chr\u00e9tiennes.<\/span><\/p>\n<p style=\"margin-top: 0pt; margin-bottom: 0pt; text-align: justify;\"><span style=\"font-style: italic; -aw-import: ignore;\">\u00a0<\/span><\/p>\n<p style=\"margin-top: 0pt; margin-bottom: 0pt; text-align: justify;\"><span style=\"font-style: italic;\">Merci<\/span><span style=\"font-style: italic;\">\u00a0<\/span><span style=\"font-style: italic;\">!<\/span>\u00a0\u00bb (42\u201913\u2019\u2019)<\/p>\n<p style=\"margin-top: 0pt; margin-bottom: 0pt; text-align: justify;\"><span style=\"-aw-import: ignore;\">\u00a0<\/span><\/p>\n<p style=\"margin-top: 0pt; margin-bottom: 0pt; text-align: justify;\">Fin de la vid\u00e9o et applaudissements&#8230;<\/p>\n<p style=\"margin-top: 0pt; margin-bottom: 0pt; text-align: justify;\"><span style=\"font-weight: bold; color: #0000ff; -aw-import: ignore;\">\u00a0<\/span><\/p>\n<p style=\"margin-top: 0pt; margin-bottom: 0pt; text-align: justify;\"><span style=\"font-weight: bold; color: #0000ff;\">Sur les deux sujets \u00e9voqu\u00e9s, en prenant en compte tous ces messages ou commentaires personnels de Salvo, qu\u2019ils soient \u00ab<\/span><span style=\"font-weight: bold; color: #0000ff;\">\u00a0<\/span><span style=\"font-weight: bold; color: #0000ff;\">pens\u00e9es du soir<\/span><span style=\"font-weight: bold; color: #0000ff;\">\u00a0<\/span><span style=\"font-weight: bold; color: #0000ff;\">\u00bb, \u00ab<\/span><span style=\"font-weight: bold; color: #0000ff;\">\u00a0<\/span><span style=\"font-weight: bold; color: #0000ff;\">messages<\/span><span style=\"font-weight: bold; color: #0000ff;\">\u00a0<\/span><span style=\"font-weight: bold; color: #0000ff;\">\u00bb de l\u2019Archange ou&#8230; \u00ab<\/span><span style=\"font-weight: bold; color: #0000ff;\">\u00a0<\/span><span style=\"font-weight: bold; color: #0000ff;\">son intervention en direct<\/span><span style=\"font-weight: bold; color: #0000ff;\">\u00a0<\/span><span style=\"font-weight: bold; color: #0000ff;\">lors de la conf\u00e9rence \u00bb, et \u00e0 la r\u00e9flexion (et au discernement) sur leur contenu, on ne peut qu\u2019\u00eatre tr\u00e8s dubitatif sur la v\u00e9ritable identit\u00e9 de l\u2019esprit s\u2019adressant \u00e0 Salvatore Valenti.<\/span><\/p>\n<p style=\"margin-top: 0pt; margin-bottom: 0pt; text-align: justify;\"><span style=\"font-weight: bold; color: #0000ff; -aw-import: ignore;\">\u00a0<\/span><\/p>\n<p style=\"margin-top: 0pt; margin-bottom: 0pt; text-align: justify;\"><span style=\"font-weight: bold; color: #0000ff;\">Car enfin<\/span><span style=\"font-weight: bold; color: #0000ff;\">\u00a0<\/span><span style=\"font-weight: bold; color: #0000ff;\">:<\/span><\/p>\n<p style=\"margin-top: 0pt; margin-bottom: 0pt; text-align: justify;\"><span style=\"font-weight: bold; color: #0000ff;\">. Soit les \u00ab<\/span><span style=\"font-weight: bold; color: #0000ff;\">\u00a0<\/span><span style=\"font-weight: bold; color: #0000ff;\">pens\u00e9es du soir<\/span><span style=\"font-weight: bold; color: #0000ff;\">\u00a0<\/span><span style=\"font-weight: bold; color: #0000ff;\">\u00bb de Salvo sont des r\u00e9flexions uniquement personnelles, mais alors elles sont en totale contradiction avec les faits, les gestes et les messages de saint-Michel dans le pass\u00e9, comme avec sa mission tut\u00e9laire d\u2019ange gardien de la Sainte Eglise et de la France&#8230; <\/span><\/p>\n<p style=\"margin-top: 0pt; margin-bottom: 0pt; text-align: justify;\"><span style=\"font-weight: bold; color: #0000ff;\">Et Salvo n\u2019est plus cr\u00e9dible<\/span><span style=\"font-weight: bold; color: #0000ff;\">\u00a0<\/span><span style=\"font-weight: bold; color: #0000ff;\">!<\/span><\/p>\n<p style=\"margin-top: 0pt; margin-bottom: 0pt; text-align: justify;\"><span style=\"font-weight: bold; color: #0000ff; -aw-import: ignore;\">\u00a0<\/span><\/p>\n<p style=\"margin-top: 0pt; margin-bottom: 0pt; text-align: justify;\"><span style=\"font-weight: bold; color: #0000ff;\">. Soit les \u00ab<\/span><span style=\"font-weight: bold; color: #0000ff;\">\u00a0<\/span><span style=\"font-weight: bold; color: #0000ff;\">pens\u00e9es du soir<\/span><span style=\"font-weight: bold; color: #0000ff;\">\u00a0<\/span><span style=\"font-weight: bold; color: #0000ff;\">\u00bb de Salvo sont inspir\u00e9es et\/ou \u00e9mises par Saint-Michel, qui alors se contredit lui-m\u00eame&#8230; et alors c\u2019est saint-Michel qui n\u2019est pas cr\u00e9dible&#8230;<\/span><\/p>\n<p style=\"margin-top: 0pt; margin-bottom: 0pt; text-align: justify;\"><span style=\"font-weight: bold; color: #0000ff;\">Et Salvo, de nouveau, n\u2019est plus cr\u00e9dible<\/span><span style=\"font-weight: bold; color: #0000ff;\">\u00a0<\/span><span style=\"font-weight: bold; color: #0000ff;\">!<\/span><\/p>\n<p style=\"margin-top: 0pt; margin-bottom: 0pt; text-align: justify;\"><span style=\"font-weight: bold; color: #0000ff; -aw-import: ignore;\">\u00a0<\/span><\/p>\n<p style=\"margin-top: 0pt; margin-bottom: 0pt; text-align: justify;\"><span style=\"font-weight: bold; color: #0000ff;\">On peut en dire autant des messages proprement dits du suppos\u00e9 archange. Quant \u00e0 leur r\u00e9ception en temps r\u00e9el<\/span><span style=\"font-weight: bold; color: #0000ff;\">\u00a0<\/span><span style=\"font-weight: bold; color: #0000ff;\">!!!<\/span><\/p>\n<p style=\"margin-top: 0pt; margin-bottom: 0pt; text-align: justify;\"><span style=\"font-weight: bold; color: #0000ff; -aw-import: ignore;\">\u00a0<\/span><\/p>\n<p style=\"margin-top: 0pt; margin-bottom: 0pt; text-align: justify;\"><span style=\"font-weight: bold; color: #0000ff;\">Salvo Valenti est italien, c\u2019est indiscutable. Il peut ne pas conna\u00eetre la geste de Jeanne la Pucelle et de saint-Michel qui la chaperonnait \u00e0 tout instant.<\/span><\/p>\n<p style=\"margin-top: 0pt; margin-bottom: 0pt; text-align: justify;\"><span style=\"font-weight: bold; color: #0000ff;\">Jeanne est l\u2019\u00e9pine dans le pied de Salvo<\/span><span style=\"font-weight: bold; color: #0000ff;\">\u00a0<\/span><span style=\"font-weight: bold; color: #0000ff;\">: La mission de Jeanne est l\u2019exact contraire de celle sugg\u00e9r\u00e9e \u00e0 Salvo.<\/span><\/p>\n<p style=\"margin-top: 0pt; margin-bottom: 0pt; text-align: justify;\"><span style=\"font-weight: bold; color: #0000ff; -aw-import: ignore;\">\u00a0<\/span><\/p>\n<p style=\"margin-top: 0pt; margin-bottom: 0pt; text-align: justify;\"><span style=\"font-weight: bold; color: #0000ff;\">A la lecture de cette analyse et de cette alerte, certains appartenant aux groupes de pri\u00e8res St-Michel, ne me croiront pas. Pourtant d\u2019autres sont d\u00e9j\u00e0 \u00e9branl\u00e9s par les contre-v\u00e9rit\u00e9s de Salvo. De plus, des personnes qui pensaient y rentrer se sont abstenues apr\u00e8s en avoir \u00e9t\u00e9 inform\u00e9es.<\/span><\/p>\n<p style=\"margin-top: 0pt; margin-bottom: 0pt; text-align: justify;\"><span style=\"font-weight: bold; color: #0000ff; -aw-import: ignore;\">\u00a0<\/span><\/p>\n<p style=\"margin-top: 0pt; margin-bottom: 0pt; text-align: justify;\"><span style=\"font-weight: bold; color: #0000ff;\">Alors<\/span><span style=\"font-weight: bold; color: #0000ff;\">\u00a0<\/span><span style=\"font-weight: bold; color: #0000ff;\">?<\/span><\/p>\n<p style=\"margin-top: 0pt; margin-bottom: 0pt; text-align: justify;\"><span style=\"font-weight: bold; color: #0000ff; -aw-import: ignore;\">\u00a0<\/span><\/p>\n<p style=\"margin-top: 0pt; margin-bottom: 0pt; text-align: justify;\"><span style=\"font-weight: bold; color: #0000ff;\">Alors \u00e0 tous, en conclusion et pour faire court, voici ce que r\u00e9pondait l\u2019Abb\u00e9 Marie-L\u00e9on Vial dans son livre <\/span><span style=\"font-weight: bold; font-style: italic; text-decoration: underline; color: #0000ff;\">Jeanne d\u2019Arc et la Monarchie<\/span><span style=\"font-weight: bold; color: #0000ff;\"> (Ed. Casterman 1910 &#8211; note de la page 157), \u00e0 des attaques similaires \u00e0 celles de Salvo<\/span><span style=\"font-weight: bold; color: #0000ff;\">\u00a0<\/span><span style=\"font-weight: bold; color: #0000ff;\">:<\/span><\/p>\n<p style=\"margin-top: 0pt; margin-bottom: 0pt; text-align: justify;\"><span style=\"font-weight: bold; font-style: italic; color: #0000ff;\">[&#8230;] Parce que la France catholique a re\u00e7u \u00e0 son bapt\u00eame une mission sp\u00e9ciale, dont \u00ab<\/span><span style=\"font-weight: bold; font-style: italic; color: #0000ff;\">\u00a0<\/span><span style=\"font-weight: bold; font-style: italic; color: #0000ff;\">la Monarchie Tr\u00e8s Chr\u00e9tienne est l\u2019instrument n\u00e9cessaire dans l\u2019intention de Dieu<\/span><span style=\"font-weight: bold; font-style: italic; color: #0000ff;\">\u00a0<\/span><span style=\"font-weight: bold; font-style: italic; color: #0000ff;\">\u00bb.<\/span><\/p>\n<p style=\"margin-top: 0pt; margin-bottom: 0pt; text-align: justify;\"><span style=\"font-weight: bold; color: #0000ff; -aw-import: ignore;\">\u00a0<\/span><\/p>\n<p style=\"margin-top: 0pt; margin-bottom: 0pt; text-align: justify;\"><span style=\"font-weight: bold; color: #0000ff;\">Allez, la messe est dite<\/span><span style=\"font-weight: bold; color: #0000ff;\">\u00a0<\/span><span style=\"font-weight: bold; color: #0000ff;\">!<\/span><\/p>\n<p style=\"margin-top: 0pt; margin-bottom: 0pt; text-align: justify;\"><span style=\"font-weight: bold; color: #0000ff; -aw-import: ignore;\">\u00a0<\/span><\/p>\n<p style=\"margin-top: 0pt; margin-bottom: 0pt; text-align: justify;\"><span style=\"font-weight: bold; color: #0000ff;\">Chouandecoeur<\/span><\/p>\n<p style=\"margin-top: 0pt; margin-bottom: 0pt; text-align: justify;\"><span style=\"font-weight: bold; color: #0000ff; -aw-import: ignore;\">\u00a0<\/span><\/p>\n<p style=\"margin-top: 0pt; margin-bottom: 0pt; text-align: justify;\"><span style=\"font-weight: bold; color: #0000ff; -aw-import: ignore;\">\u00a0<\/span><\/p>\n<\/div>\n<p>&nbsp;<\/p>\n","protected":false},"excerpt":{"rendered":"<p>Je pense que l\u2019article qui va suivre est tout-\u00e0-fait n\u00e9cessaire sur le site de la Charte de Fontevrault, site du Royalisme providentialiste.\u00a0 Certains d\u2019entre vous ont certainement entendu parler des&#8230; <a href=\"https:\/\/charte-fontevrault-providentialisme.fr\/index.php\/2023\/03\/29\/le-mot-du-gouverneur-salvo-valenti-prudence-prudence\/\">Cliquez pour lire davantage &raquo;<\/a><\/p>\n","protected":false},"author":7,"featured_media":0,"comment_status":"open","ping_status":"open","sticky":false,"template":"","format":"standard","meta":{"footnotes":""},"categories":[30913],"tags":[],"class_list":["post-52485","post","type-post","status-publish","format-standard","hentry","category-action-providentialiste"],"_links":{"self":[{"href":"https:\/\/charte-fontevrault-providentialisme.fr\/index.php\/wp-json\/wp\/v2\/posts\/52485","targetHints":{"allow":["GET"]}}],"collection":[{"href":"https:\/\/charte-fontevrault-providentialisme.fr\/index.php\/wp-json\/wp\/v2\/posts"}],"about":[{"href":"https:\/\/charte-fontevrault-providentialisme.fr\/index.php\/wp-json\/wp\/v2\/types\/post"}],"author":[{"embeddable":true,"href":"https:\/\/charte-fontevrault-providentialisme.fr\/index.php\/wp-json\/wp\/v2\/users\/7"}],"replies":[{"embeddable":true,"href":"https:\/\/charte-fontevrault-providentialisme.fr\/index.php\/wp-json\/wp\/v2\/comments?post=52485"}],"version-history":[{"count":13,"href":"https:\/\/charte-fontevrault-providentialisme.fr\/index.php\/wp-json\/wp\/v2\/posts\/52485\/revisions"}],"predecessor-version":[{"id":52504,"href":"https:\/\/charte-fontevrault-providentialisme.fr\/index.php\/wp-json\/wp\/v2\/posts\/52485\/revisions\/52504"}],"wp:attachment":[{"href":"https:\/\/charte-fontevrault-providentialisme.fr\/index.php\/wp-json\/wp\/v2\/media?parent=52485"}],"wp:term":[{"taxonomy":"category","embeddable":true,"href":"https:\/\/charte-fontevrault-providentialisme.fr\/index.php\/wp-json\/wp\/v2\/categories?post=52485"},{"taxonomy":"post_tag","embeddable":true,"href":"https:\/\/charte-fontevrault-providentialisme.fr\/index.php\/wp-json\/wp\/v2\/tags?post=52485"}],"curies":[{"name":"wp","href":"https:\/\/api.w.org\/{rel}","templated":true}]}}