{"id":52588,"date":"2023-04-05T10:32:20","date_gmt":"2023-04-05T08:32:20","guid":{"rendered":"https:\/\/charte-fontevrault-providentialisme.fr\/?p=52588"},"modified":"2023-04-05T15:14:21","modified_gmt":"2023-04-05T13:14:21","slug":"faut-il-encore-compter-sur-une-candidature-parmiste-au-trone-de-france","status":"publish","type":"post","link":"https:\/\/charte-fontevrault-providentialisme.fr\/index.php\/2023\/04\/05\/faut-il-encore-compter-sur-une-candidature-parmiste-au-trone-de-france\/","title":{"rendered":"Faut-il encore  compter  sur une candidature parmiste au tr\u00f4ne de France ?"},"content":{"rendered":"<div id=\"attachment_52589\" style=\"width: 233px\" class=\"wp-caption alignleft\"><img loading=\"lazy\" decoding=\"async\" aria-describedby=\"caption-attachment-52589\" class=\"wp-image-52589 size-medium\" src=\"https:\/\/charte-fontevrault-providentialisme.fr\/wp-content\/uploads\/2023\/04\/Sixtehenribp-223x300.jpg\" alt=\"\" width=\"223\" height=\"300\" srcset=\"https:\/\/charte-fontevrault-providentialisme.fr\/wp-content\/uploads\/2023\/04\/Sixtehenribp-223x300.jpg 223w, https:\/\/charte-fontevrault-providentialisme.fr\/wp-content\/uploads\/2023\/04\/Sixtehenribp.jpg 400w\" sizes=\"auto, (max-width: 223px) 100vw, 223px\" \/><p id=\"caption-attachment-52589\" class=\"wp-caption-text\"><span style=\"color: #0000ff;\">https:\/\/fr.wikipedia.org\/wiki\/Sixte-Henri_de_Bourbon-Parme<\/span><\/p><\/div>\n<p><span style=\"color: #008000;\">Il est aussi trente-quatri\u00e8me dans l&#8217;<a style=\"color: #008000;\" title=\"Ordre de succession l\u00e9gitimiste au tr\u00f4ne de France\" href=\"https:\/\/fr.wikipedia.org\/wiki\/Ordre_de_succession_l%C3%A9gitimiste_au_tr%C3%B4ne_de_France\">ordre de succession l\u00e9gitimiste au tr\u00f4ne de France<\/a>\u00a0\u00e9tant un descendant direct de\u00a0<a style=\"color: #008000;\" title=\"Philippe V (roi d'Espagne)\" href=\"https:\/\/fr.wikipedia.org\/wiki\/Philippe_V_(roi_d%27Espagne)\">Philippe V<\/a>, lui-m\u00eame petit-fils de\u00a0<a style=\"color: #008000;\" title=\"Louis XIV\" href=\"https:\/\/fr.wikipedia.org\/wiki\/Louis_XIV\">Louis XIV<\/a>.<\/span><\/p>\n<p><span style=\"color: #008000;\"><strong>NDLRB<\/strong>. Sixte-Henri n&#8217;a pas de descendance.<\/span><\/p>\n","protected":false},"excerpt":{"rendered":"<p>Il est aussi trente-quatri\u00e8me dans l&#8217;ordre de succession l\u00e9gitimiste au tr\u00f4ne de France\u00a0\u00e9tant un descendant direct de\u00a0Philippe V, lui-m\u00eame petit-fils de\u00a0Louis XIV. NDLRB. Sixte-Henri n&#8217;a pas de descendance.<\/p>\n","protected":false},"author":2,"featured_media":0,"comment_status":"open","ping_status":"open","sticky":false,"template":"","format":"standard","meta":{"footnotes":""},"categories":[2],"tags":[6487,23558,33065],"class_list":["post-52588","post","type-post","status-publish","format-standard","hentry","category-action-legitimiste","tag-encyclopedie-wikipedia","tag-royalisme-parmiste","tag-sixte-henri-de-bourbon-parme-1940"],"_links":{"self":[{"href":"https:\/\/charte-fontevrault-providentialisme.fr\/index.php\/wp-json\/wp\/v2\/posts\/52588","targetHints":{"allow":["GET"]}}],"collection":[{"href":"https:\/\/charte-fontevrault-providentialisme.fr\/index.php\/wp-json\/wp\/v2\/posts"}],"about":[{"href":"https:\/\/charte-fontevrault-providentialisme.fr\/index.php\/wp-json\/wp\/v2\/types\/post"}],"author":[{"embeddable":true,"href":"https:\/\/charte-fontevrault-providentialisme.fr\/index.php\/wp-json\/wp\/v2\/users\/2"}],"replies":[{"embeddable":true,"href":"https:\/\/charte-fontevrault-providentialisme.fr\/index.php\/wp-json\/wp\/v2\/comments?post=52588"}],"version-history":[{"count":2,"href":"https:\/\/charte-fontevrault-providentialisme.fr\/index.php\/wp-json\/wp\/v2\/posts\/52588\/revisions"}],"predecessor-version":[{"id":52594,"href":"https:\/\/charte-fontevrault-providentialisme.fr\/index.php\/wp-json\/wp\/v2\/posts\/52588\/revisions\/52594"}],"wp:attachment":[{"href":"https:\/\/charte-fontevrault-providentialisme.fr\/index.php\/wp-json\/wp\/v2\/media?parent=52588"}],"wp:term":[{"taxonomy":"category","embeddable":true,"href":"https:\/\/charte-fontevrault-providentialisme.fr\/index.php\/wp-json\/wp\/v2\/categories?post=52588"},{"taxonomy":"post_tag","embeddable":true,"href":"https:\/\/charte-fontevrault-providentialisme.fr\/index.php\/wp-json\/wp\/v2\/tags?post=52588"}],"curies":[{"name":"wp","href":"https:\/\/api.w.org\/{rel}","templated":true}]}}