{"id":52963,"date":"2023-04-29T14:38:00","date_gmt":"2023-04-29T12:38:00","guid":{"rendered":"https:\/\/charte-fontevrault-providentialisme.fr\/?p=52963"},"modified":"2023-04-29T21:47:28","modified_gmt":"2023-04-29T19:47:28","slug":"apres-saint-michel-saint-louis","status":"publish","type":"post","link":"https:\/\/charte-fontevrault-providentialisme.fr\/index.php\/2023\/04\/29\/apres-saint-michel-saint-louis\/","title":{"rendered":"&#8220;La libre pens\u00e9e&#8221; &#8211; Perseverare diabolicum : Apr\u00e8s Saint-Michel&#8230; Saint-Louis !"},"content":{"rendered":"<p><span style=\"color: #800080; font-size: 12pt;\"><strong>Encore une agression de nos saints protecteurs de la Franc<\/strong>e :<\/span><\/p>\n<p><iframe loading=\"lazy\" title=\"Gabrielle CLUZEL : La CAF fait d\u00e9boulonner une statue de Saint Louis | 27.04.23 CNEWS\" width=\"625\" height=\"352\" src=\"https:\/\/www.youtube.com\/embed\/1cvoV1BO7fU?feature=oembed\" frameborder=\"0\" allow=\"accelerometer; autoplay; clipboard-write; encrypted-media; gyroscope; picture-in-picture; web-share\" referrerpolicy=\"strict-origin-when-cross-origin\" allowfullscreen><\/iframe><\/p>\n<p>&nbsp;<\/p>\n<p><img loading=\"lazy\" decoding=\"async\" class=\"wp-image-52969 \" src=\"https:\/\/charte-fontevrault-providentialisme.fr\/wp-content\/uploads\/2023\/04\/saint-louis-1024x589.jpg\" alt=\"\" width=\"602\" height=\"347\" srcset=\"https:\/\/charte-fontevrault-providentialisme.fr\/wp-content\/uploads\/2023\/04\/saint-louis-1024x589.jpg 1024w, https:\/\/charte-fontevrault-providentialisme.fr\/wp-content\/uploads\/2023\/04\/saint-louis-300x173.jpg 300w, https:\/\/charte-fontevrault-providentialisme.fr\/wp-content\/uploads\/2023\/04\/saint-louis-768x442.jpg 768w, https:\/\/charte-fontevrault-providentialisme.fr\/wp-content\/uploads\/2023\/04\/saint-louis-624x359.jpg 624w, https:\/\/charte-fontevrault-providentialisme.fr\/wp-content\/uploads\/2023\/04\/saint-louis.jpg 1200w\" sizes=\"auto, (max-width: 602px) 100vw, 602px\" \/><\/p>\n<div class=\"item style-scope ytd-watch-metadata\"><\/div>\n<div style=\"text-align: justify;\"><span style=\"font-size: 12pt;\"><a href=\"https:\/\/www.fdesouche.com\/2023\/04\/22\/bourbon-lancy-71-afin-doctroyer-une-subvention-pour-rehabiliter-un-batiment-la-caf-exige-le-retrait-dune-statue-de-saint-louis-et-dune-croix-pourtant-historiquement-presentes\/\">https:\/\/www.fdesouche.com\/2023\/04\/22\/bourbon-lancy-71-afin-doctroyer-une-subvention-pour-rehabiliter-un-batiment-la-caf-exige-le-retrait-dune-statue-de-saint-louis-et-dune-croix-pourtant-historiquement-presentes\/<\/a><\/span><\/div>\n<div><\/div>\n<p>&nbsp;<\/p>\n<p style=\"text-align: justify;\"><span style=\"color: #800080; font-size: 12pt;\">D\u00e9cid\u00e9ment, les pauvres libres-penseurs ne sont pas libres&#8230; Verts de peur et blancs de trouille, esclaves sont-ils de leur panique \u00e0 la vue d&#8217;une simple statue.<\/span><br \/>\n<span style=\"color: #800080; font-size: 12pt;\">Quant \u00e0 ceux qui les craignent et font leur quatre volont\u00e9s par poltronnerie, ils se font leurs eunuques de service.<\/span><br \/>\n<span style=\"color: #800080; font-size: 12pt;\">Mais les libres-penseurs ont-ils seulement un cerveau ?<\/span><br \/>\n<span style=\"color: #800080; font-size: 12pt;\">A ce sujet, je me rappelle une histoire que je vous soumets :<\/span><\/p>\n<p style=\"text-align: justify;\"><span style=\"color: #800080; font-size: 12pt;\">Un libre-penseur de grande renomm\u00e9e, vient \u00e0 mourir. Pour asseoir objectivement et scientifiquement leur philosophie une fois pour toute, les grands responsables de diverses officines et associations d\u00e9cident, pour le conserver et l&#8217;exposer, de pr\u00e9lever le cerveau de leur grand ami et mod\u00e8le.<\/span><br \/>\n<span style=\"color: #800080; font-size: 12pt;\">On proc\u00e8de donc \u00e0 la tr\u00e9panation et lorsque la calotte cr\u00e2nienne est soulev\u00e9e, les m\u00e9decins sont abasourdis de trouver une cavit\u00e9 avec un fil rouge tendu en travers \u00e0 l&#8217;int\u00e9rieur.<\/span><br \/>\n<span style=\"color: #800080; font-size: 12pt;\">Discussions&#8230; h\u00e9sitation&#8230;!<\/span><br \/>\n<span style=\"color: #800080; font-size: 12pt;\">Finalement devant cet \u00e9tat de fait encore jamais constat\u00e9, les m\u00e9decins d\u00e9cident de couper le fil&#8230; pour voir !<\/span><br \/>\n<span style=\"color: #800080; font-size: 12pt;\">On coupe donc&#8230; et les deux oreilles tombent.<\/span><\/p>\n<p style=\"text-align: justify;\"><span style=\"color: #ff6600; font-size: 12pt;\">Chouandecoeur<\/span><\/p>\n<p style=\"text-align: justify;\">\n","protected":false},"excerpt":{"rendered":"<p>Encore une agression de nos saints protecteurs de la France : &nbsp; https:\/\/www.fdesouche.com\/2023\/04\/22\/bourbon-lancy-71-afin-doctroyer-une-subvention-pour-rehabiliter-un-batiment-la-caf-exige-le-retrait-dune-statue-de-saint-louis-et-dune-croix-pourtant-historiquement-presentes\/ &nbsp; D\u00e9cid\u00e9ment, les pauvres libres-penseurs ne sont pas libres&#8230; Verts de peur et blancs de trouille, esclaves&#8230; <a href=\"https:\/\/charte-fontevrault-providentialisme.fr\/index.php\/2023\/04\/29\/apres-saint-michel-saint-louis\/\">Cliquez pour lire davantage &raquo;<\/a><\/p>\n","protected":false},"author":7,"featured_media":0,"comment_status":"open","ping_status":"open","sticky":false,"template":"","format":"standard","meta":{"footnotes":""},"categories":[33142,1],"tags":[1018,33143,7787,14197,14710,27601],"class_list":["post-52963","post","type-post","status-publish","format-standard","hentry","category-analyses-proposees-par-le-gouverneur-chouandecoeur","category-non-classe","tag-archange-saint-michel","tag-burbon-lancy-saone-et-loire","tag-gabrielle-cluzel","tag-libre-pensee","tag-louis-ix-saint-louis","tag-television-c-news"],"_links":{"self":[{"href":"https:\/\/charte-fontevrault-providentialisme.fr\/index.php\/wp-json\/wp\/v2\/posts\/52963","targetHints":{"allow":["GET"]}}],"collection":[{"href":"https:\/\/charte-fontevrault-providentialisme.fr\/index.php\/wp-json\/wp\/v2\/posts"}],"about":[{"href":"https:\/\/charte-fontevrault-providentialisme.fr\/index.php\/wp-json\/wp\/v2\/types\/post"}],"author":[{"embeddable":true,"href":"https:\/\/charte-fontevrault-providentialisme.fr\/index.php\/wp-json\/wp\/v2\/users\/7"}],"replies":[{"embeddable":true,"href":"https:\/\/charte-fontevrault-providentialisme.fr\/index.php\/wp-json\/wp\/v2\/comments?post=52963"}],"version-history":[{"count":16,"href":"https:\/\/charte-fontevrault-providentialisme.fr\/index.php\/wp-json\/wp\/v2\/posts\/52963\/revisions"}],"predecessor-version":[{"id":52980,"href":"https:\/\/charte-fontevrault-providentialisme.fr\/index.php\/wp-json\/wp\/v2\/posts\/52963\/revisions\/52980"}],"wp:attachment":[{"href":"https:\/\/charte-fontevrault-providentialisme.fr\/index.php\/wp-json\/wp\/v2\/media?parent=52963"}],"wp:term":[{"taxonomy":"category","embeddable":true,"href":"https:\/\/charte-fontevrault-providentialisme.fr\/index.php\/wp-json\/wp\/v2\/categories?post=52963"},{"taxonomy":"post_tag","embeddable":true,"href":"https:\/\/charte-fontevrault-providentialisme.fr\/index.php\/wp-json\/wp\/v2\/tags?post=52963"}],"curies":[{"name":"wp","href":"https:\/\/api.w.org\/{rel}","templated":true}]}}