{"id":5299,"date":"2014-08-01T11:50:28","date_gmt":"2014-08-01T11:50:28","guid":{"rendered":"http:\/\/chartedefontevraultprovidentialisme.wordpress.com\/?p=5299"},"modified":"2014-08-01T11:50:28","modified_gmt":"2014-08-01T11:50:28","slug":"face-aux-conflits-en-gestation-le-ramollissement-mental-et-la-passivitevoila-la-faiblesse-des-europeens","status":"publish","type":"post","link":"https:\/\/charte-fontevrault-providentialisme.fr\/index.php\/2014\/08\/01\/face-aux-conflits-en-gestation-le-ramollissement-mental-et-la-passivitevoila-la-faiblesse-des-europeens\/","title":{"rendered":"Face aux conflits en gestation ; Le &#8220;ramollissement mental&#8221; et la &#8220;passivit\u00e9&#8221;, voil\u00e0 la faiblesse des europ\u00e9ens."},"content":{"rendered":"<table width=\"454\">\n<tbody>\n<tr>\n<td width=\"414\"><strong>Une Troisi\u00e8me guerre mondiale, d\u2019 une ampleur probablement \u00e9gale ou sup\u00e9rieure aux deux pr\u00e9c\u00e9dentes est en pr\u00e9paration et \u00e9clatera dans la premi\u00e8re moiti\u00e9 de ce si\u00e8cle. Voici pourquoi et voici quels seront ses protagonistes. \u00a0<\/strong>La guerre de 1914-1918 dont nous f\u00eatons ( <strong>NDLRB<\/strong>. Sic,\u00a0 comm\u00e9morons\u00a0 plut\u00f4t) le centenaire et qui fut une catastrophe majeure pour l\u2019Europe \u00e9tait pr\u00e9visible bien des ann\u00e9es auparavant. La Seconde guerre mondiale ne fut que son prolongement et, elle aussi, \u00e9tait pr\u00e9visible d\u00e8s la signature du Trait\u00e9 de Versailles et surtout d\u00e8s l\u2019 arriv\u00e9e de Hitler au pouvoir et du parti belliciste au Japon.La \u201dGuerre froide\u201d (1945-1991) qui opposa les Alli\u00e9s, sous direction am\u00e9ricaine, au camp sovi\u00e9tique (et, partiellement communiste chinois) ressembla \u00e0 un avortement. Parce que c\u2019 \u00e9tait un affrontement sans enjeux forts. L\u2019Urss s\u2019 est effondr\u00e9e comme un soufflet, sans violences. Pourquoi la guerre froide, communisme contre monde libre, n\u2019 a-t-elle jamais d\u00e9bouch\u00e9 sur une guerre chaude\u00a0? Parce qu\u2019 elle \u00e9tait id\u00e9ologique et non ethnique, religieuse ou \u00e9conomique. <strong>Les trois ressorts passionnels et belliqueux de l\u2019 humanit\u00e9, ceux qui donnent naissance aux guerres, sont le\u00a0<em>nationalisme ethnique<\/em>, la\u00a0<em>religion<\/em>\u00a0et\u00a0<em>l\u2019 int\u00e9r\u00eat \u00e9conomique<\/em>\u00a0sous toutes ses formes<\/strong>. La sacralit\u00e9 et le mat\u00e9rialisme vital. L\u2019 affrontement communisme \/ capitalisme, purement id\u00e9ologique, relevait d\u2019 une forme froide de conflit qui n\u2019a jamais d\u00e9bouch\u00e9 sur une confrontation g\u00e9n\u00e9rale, mais seulement sur des guerres limit\u00e9es (Cor\u00e9e, Vietnam). C\u2019 est cette raison, et non pas la crainte d\u2019 une apocalypse nucl\u00e9aire, qui a \u00e9vit\u00e9 la guerre g\u00e9n\u00e9ralis\u00e9e entre l\u2019Otan et l\u2019Urss.<\/p>\n<p>Dans l\u2019Antiquit\u00e9, les guerres puniques \u00e9taient pr\u00e9visibles parce que Rome et Carthage \u00e9taient dans une rivalit\u00e9 \u00e9conomique vitale pour le contr\u00f4le des circuits \u00e9conomiques de la M\u00e9diterran\u00e9e occidentale. La Premi\u00e8re guerre mondiale \u00e9tait pr\u00e9visible (et tout le monde s\u2019 y pr\u00e9parait ) \u00e0 cause de l\u2019 exacerbation nationaliste des \u00c9tats europ\u00e9ens et de leurs peuples, opinions publiques chauff\u00e9es \u00e0 blanc. De m\u00eame, aujourd\u2019hui, une troisi\u00e8me grande confrontation mondiale est pr\u00e9visible, nous allons le voir.<\/p>\n<p>Depuis l\u2019Antiquit\u00e9, le d\u00e9clenchement des guerres est, au fond, pr\u00e9visible. Il repose\u00a0\u00a0sur les m\u00eames m\u00e9canismes que les lois de la physique\u00a0: une\u00a0<em>tension\u00a0<\/em>finit toujours par \u00e9clater en d\u00e9flagration. La mont\u00e9e en temp\u00e9rature d\u2019 un gaz donne lieu \u00e0 une explosion, la pouss\u00e9e de plaques tectoniques se termine en s\u00e9isme, l\u2019 accumulation de cumulo-nimbus finit par provoquer un orage, des pr\u00e9cipitations\u00a0\u00a0trop fortes provoquent des inondations, etc.\u00a0\u00a0On peut parfaitement pr\u00e9voir, donc, le d\u00e9clenchement des guerres. En revanche, on ne peut pas pronostiquer la forme qu\u2019 elles prendront.<\/p>\n<p>Comme l\u2019 \u00e9thologie humaine\u00a0 le d\u00e9montre\u00a0 (<strong>NDLRB<\/strong>. Etude biologique du comportement de l&#8217;homme) , l\u2019 \u00e9tat de paix ne correspond pas \u00e0 la nature humaine. L\u2019 agressivit\u00e9 intrasp\u00e9cifique est la r\u00e8gle dans notre esp\u00e8ce. L\u2019 id\u00e9al kantien ou chr\u00e9tien moderne de la \u201dpaix perp\u00e9tuelle\u201d, n\u2019 a jamais fonctionn\u00e9. L\u2019 histoire humaine est v\u00e9ritablement structur\u00e9e par la guerre. L\u2019 \u00e9tat de paix n\u2019 est qu\u2019 une transition passag\u00e8re entre deux \u00e9tats de guerre. La guerre est tr\u00e8s ambigu\u00eb, ambivalente plut\u00f4t, comme la fameuse \u201dinnovation destructrice\u201d de Schumpeter. Elle est \u00e0 la fois un facteur de destruction et d\u2019 \u00e9volution. Contrairement \u00e0 une id\u00e9e re\u00e7ue, depuis la fin du n\u00e9olithique les guerres n\u2019 ont repr\u00e9sent\u00e9 qu\u2019 une cause marginale de la mortalit\u00e9. Vouloir \u00e9liminer la guerre (id\u00e9ologie pacifiste), c\u00a0\u2018est aussi stupide que de vouloir \u00e9liminer la sexuation (id\u00e9ologie du genre), la religion et l\u2019 \u00e9conomie priv\u00e9e (id\u00e9ologie marxiste) ou le sentiment d\u2019 appartenance et d\u00a0\u2018identit\u00e9 ethniques (id\u00e9ologie cosmopolite).<\/p>\n<p>Le probl\u00e8me n\u2019 est pas d\u2019\u00a0\u00e9liminer les guerres, c\u2019 est de les gagner\u00a0; et\u00a0<em>le plus rapidement possible<\/em>, pour que les effets positifs de la victoire l\u2019 emportent sur les effets n\u00e9gatifs de l\u2019 effort guerrier trop prolong\u00e9. L\u2019 auteur de cette vision de la guerre n\u2019 est ni Sun-Tzu ni Clausewitz, c\u2019 est un certain Jules C\u00e9sar.<\/p>\n<p>Pourquoi parler de \u201dguerre mondiale\u201d\u00a0? Depuis 1945, on s\u2019 imagine qu\u2019 il n\u2019 y aura plus jamais de guerre mondiale, mais seulement des guerres locales et r\u00e9gionales, et que l\u2019 ONU parviendra \u00e0 \u00e9viter une Troisi\u00e8me guerre mondiale. On avait commis la m\u00eame grave erreur apr\u00e8s 14-18 \u2013 qu\u2019 on appelait d\u2019 ailleurs la \u201dDer des Ders\u201d \u2013 et la cr\u00e9ation de la SDN. Or, dans un environnement\u00a0<em>mondialis\u00e9<\/em>, ce qui est le cas, en gros, depuis 1880, il est in\u00e9vitable qu\u2019 \u00e9clatent des guerres mondiales. Dire \u201d il n\u2019 y aura plus jamais de guerre mondiale\u201d, c\u2019 est comme dire \u201d je ne mourrai jamais\u201d ou \u201dl\u2019 \u00e9t\u00e9 durera \u00e9ternellement\u201d.<\/p>\n<p><strong>\u00c9tudions maintenant le sc\u00e9nario de la future Troisi\u00e8me guerre mondiale, la TGM.<\/strong><\/p>\n<p><strong>Les foyers de tensions sont multiples et ne cessent de s\u2019 aggraver. Jamais, dans toute l\u2019 histoire de l\u2019 humanit\u00e9, d\u2019 une humanit\u00e9 devenue globalis\u00e9e et de plus tr\u00e8s nombreuse (9,5 milliards bient\u00f4t), sur une plan\u00e8te rapetiss\u00e9e, les risques d\u2019 un incendie g\u00e9n\u00e9ral n\u2019 ont \u00e9t\u00e9 aussi forts. La globalisation est un facteur de confrontation g\u00e9ante, plus que de cr\u00e9ation d\u2019 un \u00c9tat universel qui n\u2019 aurait que des probl\u00e8mes de police \u00e0 r\u00e9gler. Cette globalisation (ou mondialisation pouss\u00e9e au maximum) n\u2019 est pas un facteur de paix, mais de guerre g\u00e9n\u00e9ralis\u00e9e.<\/strong><\/p>\n<p>Voici quels sont les foyers de tension qui risquent d\u2019interagir et de provoquer\u00a0un embrasement g\u00e9n\u00e9ral\u00a0:<\/p>\n<p>1) L\u2019 immigration massive en Europe (surtout de l\u2019Ouest) sous la banni\u00e8re de l\u2019 islam va progressivement d\u00e9river vers une guerre civile ethnique. L\u2019 incapacit\u00e9 de l\u2019Europe \u00e0 endiguer\u00a0\u00a0l\u2019immigration invasive en provenance du Maghreb et de l\u2019Afrique continentale en explosion d\u00e9mographique d\u00e9bouchera in\u00e9vitablement sur un conflit majeur.\u00a0<strong>(1)<\/strong>\u00a0La pr\u00e9sence en Europe de tr\u00e8s fortes masses de man\u0153uvres jeunes, d\u2019origine arabo-musulmane, de plus en plus islamis\u00e9es, avec une minorit\u00e9 form\u00e9e militairement et voulant en d\u00e9coudre dans un\u00a0<em>djihad<\/em>\u00a0d\u2019\u00e9meutes insurrectionnelles et de terrorisme, sera le facteur d\u00e9clencheur d\u2019une spirale incontr\u00f4lable.<\/p>\n<p>2) La confrontation globale entre islam et Occident (y compris Russie) en d\u00e9pit de la guerre de religion entre sunnites et chiites va peu \u00e0 peu dominer le paysage et prendre une forme militaire, avec conflits inter\u00e9tatiques. Impossible actuellement de pr\u00e9voir leur forme. \u00c0 l\u2019\u00e9chelle du monde, l\u2019islam \u2013 qui est une id\u00e9ologie-religion, ou\u00a0<em>id\u00e9oreligion<\/em>\u00a0fortement ethnicis\u00e9e \u2013 ne cesse de se renforcer et de s\u2019extr\u00e9miser dans le monde entier. L\u2019islam est un facteur majeur de l\u2019explosion mondiale in\u00e9vitable.<\/p>\n<p>3) Le probl\u00e8me d\u2019Isra\u00ebl, insoluble, va in\u00e9vitablement d\u00e9boucher sur une nouvelle guerre entre l\u2019\u00c9tat h\u00e9breu et ses voisins, avec, en toile de fond la r\u00e9volte contre les colons juifs int\u00e9gristes de Cisjordanie et la mont\u00e9e en puissance des organisations terroristes islamistes. Sans oublier que l\u2019Iran r\u00e9ussira tr\u00e8s probablement \u00e0 se doter de quelques t\u00eates nucl\u00e9aires. L\u2019\u00e9radication d\u2019Isra\u00ebl est une id\u00e9e fixe de tous les musulmans. Y compris du r\u00e9gime turc d\u2019Erdogan, n\u00e9o-islamiste et n\u00e9o-ottoman. L\u2019embrasement est programm\u00e9 et les USA ne pourront pas ne pas intervenir.<\/p>\n<p>4) Le monde arabo-musulman (\u00e0 l\u2019exception du Maroc) est entr\u00e9 dans une spirale de chaos qui ne va que s\u2019accentuer, avec deux fronts entrem\u00eal\u00e9s\u00a0: sunnites contre chiites et\u00a0\u00a0dictatures militaires contre islamistes. Sans oublier la volont\u00e9 de liquider tous les chr\u00e9tiens. D\u2019o\u00f9 l\u2019accentuation des d\u00e9sordres qui ne peuvent qu\u2019amplifier l\u2019immigration vers l\u2019Europe. Les actuels \u00e9v\u00e9nements guerriers de Syrie et d\u2019Irak qui voient la naissance d\u2019un \u00c9tat islamique \u201dsauvage\u201d (le \u201dcalifat\u201d) sont un pas de plus vers une confrontation<\/p>\n<p>5) Le conflit Chine-Usa dans le Pacifique, choc entre deux imp\u00e9rialismes de nature essentiellement \u00e9conomique, va d\u00e9boucher sur un heurt\u00a0\u00a0g\u00e9opolitique majeur. La Chine veut ravir aux Usa le statut de premi\u00e8re puissance mondiale. Circonstance aggravante\u00a0: la tension Chine\u2013Japon (alli\u00e9 des Usa) ne fait que cro\u00eetre et ce dernier pays, travaill\u00e9 par un n\u00e9o-nationalisme, vient de lever l\u2019obstacle constitutionnel aux interventions arm\u00e9es.<\/p>\n<p>6) Les conflits en latence Inde-Pakistan et Inde-Chine (toutes puissances nucl\u00e9aires) doivent aussi \u00eatre pris en compte.<\/p>\n<p>Il faut mentionner les facteurs aggravants, essentiellement \u00e9conomiques et \u00e9cologiques, qui vont peser sur le climat, sur les ressources \u00e9nerg\u00e9tiques fossiles, sur l\u2019eau (le bien rare par excellence), sur les ressources mini\u00e8res. Le point de rupture physique se situe dans la premi\u00e8re moiti\u00e9 de ce si\u00e8cle. Sans oublier \u00e9videmment le terrorisme de grande ampleur, notamment avec des moyens nucl\u00e9aires \u201dartisanaux\u201d, ce \u00e0 quoi nous n\u2019\u00e9chapperons pas.<\/p>\n<p>L\u2019islam est le principal facteur de d\u00e9clenchement d\u2019une Troisi\u00e8me guerre mondiale , dans la mesure o\u00f9 l\u2019on assiste partout \u00e0 la mont\u00e9e du radicalisme islamiste, en partie financ\u00e9 par l\u2019Arabie et le Qatar, avec un ennemi implicite mais tr\u00e8s clairement pr\u00e9sent dans les esprits\u00a0: la \u201dcivilisation occidentale\u201d, \u00e0 laquelle la Russie est d\u2019ailleurs assimil\u00e9e. <strong>En gros, dans l\u2019esprit des islamistes du monde entier, dont l\u2019id\u00e9ologie se r\u00e9pand comme un virus, l\u2019ennemi c\u2019est \u201dle monde blanc et chr\u00e9tien\u201d, m\u00eame si cela ne correspond \u00e0 aucune r\u00e9alit\u00e9 sociopolitique.<\/strong>\u00a0<strong>(2)<\/strong><\/p>\n<p>Les lignes de force des confrontations et des alliances seront complexes, plus encore que pendant la pr\u00e9c\u00e9dente guerre mondiale. Les\u00a0\u00a0zones majeures g\u00e9opolitiques d\u2019explosion sont\u00a0\u00a0l\u2019Europe,\u00a0\u00a0l\u2019Afrique du Nord, le Moyen Orient et, \u00e9ventuellement le Pacifique. La forme de cette guerre\u00a0: elle sera \u00e0 foyers multiples et additionnera les guerres civiles, les affrontements inter\u00e9tatiques, les gu\u00e9rillas\u00a0\u00a0et les frappes nucl\u00e9aires. \u00c0 ce propos, l\u2019\u00c9tat d\u2019Isra\u00ebl est en grand danger. Bien qu\u2019il dispose de la dissuasion nucl\u00e9aire, cela n\u2019emp\u00eachera pas certains de ses voisins, probablement bient\u00f4t dot\u00e9s de la m\u00eame arme, de jouer les kamikaze et de le frapper. On imagine le carnage\u2026Il faut bien comprendre que les fanatiques islamis\u00e9s ne raisonnent absolument pas comme les Russes et les Am\u00e9ricains pendant la guerre froide, avec la retenue de la dissuasion mutuelle.\u00a0\u00a0Isra\u00ebl peut parfaitement \u00eatre l\u2019amorce de l\u2019explosion g\u00e9n\u00e9rale.<\/p>\n<p>Contrairement \u00e0 ce\u00a0que\u00a0rab\u00e2chent tous les perroquets, la Russie ne sera absolument pas un facteur de troubles. L\u2019imp\u00e9rialisme russe orient\u00e9 vers l\u2019Europe orientale et qui constituerait un danger d\u2019agression est un mythe construit par la propagande de certains cercles de Washington. En revanche, la Russie, elle aussi, est aux prises avec l\u2019islam.<\/p>\n<p>La pr\u00e9visible confrontation mondiale\u00a0\u00a0produira bien entendu une catastrophe \u00e9conomique, notamment \u00e0 cause de la rupture des approvisionnements p\u00e9trogaziers de l\u2019Afrique du Nord et du Moyen Orient. Une \u00e9conomie mondialis\u00e9e, tr\u00e8s fragile parce que tr\u00e8s complexe, fond\u00e9e sur les flux intenses (maritimes, a\u00e9riens, num\u00e9riques, etc.) tombera comme un jeu de dominos en cas de perturbation conflictuelle de grande ampleur.<\/p>\n<p>La principale faiblesse des Occidentaux, surtout des Europ\u00e9ens de l\u2019Ouest, r\u00e9side dans leur vieillissement d\u00e9mographique et dans leur ramollissement mental, leur passivit\u00e9, leur crainte de se d\u00e9fendre,\u00a0\u00a0un syndrome qui avait frapp\u00e9 les Romains \u00e0 partir du IIe si\u00e8cle.\u00a0\u00a0La TGM, comme la Premi\u00e8re guerre mondiale, pourra commencer par un \u00e9v\u00e9nement localement limit\u00e9 et se poursuivre par un encha\u00eenement de faits incontr\u00f4lables, comme une avalanche. La TGM verra tr\u00e8s probablement des \u00e9changes de coups nucl\u00e9aires. Mais ils ne seront pas plus graves qu\u2019Hiroshima et Nagasaki. Leurs effets seront plus destructeurs sur le plan psychologique que physique.<\/p>\n<p>On pourra assister \u00e0 un recul global de l\u2019humanit\u00e9, sur les plans technique et d\u00e9mographique, pendant plusieurs si\u00e8cles. Pas du tout du fait des morts de la TGM, mais \u00e0 cause de l\u2019effondrement \u00e9conomique et sanitaire qu\u2019elle provoquera. L\u2019embrasement risque de se produire vers 2025-2035. Apr\u00e8s, les choses pourront mettre plusieurs si\u00e8cles \u00e0 se r\u00e9tablir.\u00a0\u00a0Le recul de civilisation s\u2019est d\u00e9j\u00e0 produit au Ve si\u00e8cle quand Rome s\u2019est effondr\u00e9e. On a mis mille ans \u00e0 s\u2019en remettre. Une pichenette \u00e0 l\u2019\u00e9chelle de l\u2019histoire. Simplement, au moment o\u00f9 l\u2019on va f\u00eater, dans une euphorie feinte, le centenaire de la Premi\u00e8re guerre mondiale, il serait bon de se pr\u00e9parer \u00e0 la Troisi\u00e8me qui se profile.<\/p>\n<p style=\"text-align:right;\"><strong>Guillaume Faye<\/strong><\/p>\n<p style=\"text-align:center;\"><strong>NOTES<\/strong><\/p>\n<p>\u00a0(1). Th\u00e8se d\u00e9fendue par l\u2019\u00e9conomiste Jean-Herv\u00e9 Lorenzi dans son r\u00e9cent essai\u00a0<em>Un monde de violences, l\u2019\u00e9conomie mondiale 2015-2030<\/em>. (Eyrolles). Pour lui, les fortes migrations en Europe occidentale, tendant \u00e0 un v\u00e9ritable remplacement de populations, associ\u00e9es \u00e0 un vieillissement des autochtones et \u00e0 une stagnation \u00e9conomique, d\u00e9boucheront sur le retour du populisme et de la guerre. Il \u00e9crit\u00a0:\u00a0<em>\u00ab\u00a0 ce sc\u00e9nario, qui para\u00eet utopique aujourd\u2019hui, est in\u00e9luctable et doit donc \u00eatre pris en compte comme un invariant\u00a0\u00bb<\/em>. Cf. aussi\u00a0<em>La convergence des catastrophes<\/em>. Guillaume Corvus. Voir r\u00e9f\u00e9rencements net.<\/p>\n<p>(2). N\u2019oublions pas ce qu\u2019expliquait\u00a0\u00a0Carl Schmitt\u00a0: ce qui compte le plus en politique et en pol\u00e9mologie, ce n\u2019est pas la d\u00e9finition que l\u2019on se donne de soi-m\u00eame mais celle que donne l\u2019ennemi de nous-m\u00eames, selon ce qu\u2019il per\u00e7oit.<\/td>\n<\/tr>\n<\/tbody>\n<\/table>\n<p><a href=\"http:\/\/www.gfaye.com\/la-troisieme-guerre-mondiale-predictions\/\">http:\/\/www.gfaye.com\/la-troisieme-guerre-mondiale-predictions\/<\/a><\/p>\n","protected":false},"excerpt":{"rendered":"<p>Une Troisi\u00e8me guerre mondiale, d\u2019 une ampleur probablement \u00e9gale ou sup\u00e9rieure aux deux pr\u00e9c\u00e9dentes est en pr\u00e9paration et \u00e9clatera dans la premi\u00e8re moiti\u00e9 de ce si\u00e8cle. Voici pourquoi et voici&#8230; <a href=\"https:\/\/charte-fontevrault-providentialisme.fr\/index.php\/2014\/08\/01\/face-aux-conflits-en-gestation-le-ramollissement-mental-et-la-passivitevoila-la-faiblesse-des-europeens\/\">Cliquez pour lire davantage &raquo;<\/a><\/p>\n","protected":false},"author":2,"featured_media":0,"comment_status":"open","ping_status":"open","sticky":false,"template":"","format":"standard","meta":{"footnotes":""},"categories":[21],"tags":[3601,8519,8521,8563],"class_list":["post-5299","post","type-post","status-publish","format-standard","hentry","category-limites-de-la-republique","tag-commemoration-de-la-guerre-de-14-18","tag-guerre-froide","tag-guerre-mondiale","tag-guillaume-faye"],"_links":{"self":[{"href":"https:\/\/charte-fontevrault-providentialisme.fr\/index.php\/wp-json\/wp\/v2\/posts\/5299","targetHints":{"allow":["GET"]}}],"collection":[{"href":"https:\/\/charte-fontevrault-providentialisme.fr\/index.php\/wp-json\/wp\/v2\/posts"}],"about":[{"href":"https:\/\/charte-fontevrault-providentialisme.fr\/index.php\/wp-json\/wp\/v2\/types\/post"}],"author":[{"embeddable":true,"href":"https:\/\/charte-fontevrault-providentialisme.fr\/index.php\/wp-json\/wp\/v2\/users\/2"}],"replies":[{"embeddable":true,"href":"https:\/\/charte-fontevrault-providentialisme.fr\/index.php\/wp-json\/wp\/v2\/comments?post=5299"}],"version-history":[{"count":0,"href":"https:\/\/charte-fontevrault-providentialisme.fr\/index.php\/wp-json\/wp\/v2\/posts\/5299\/revisions"}],"wp:attachment":[{"href":"https:\/\/charte-fontevrault-providentialisme.fr\/index.php\/wp-json\/wp\/v2\/media?parent=5299"}],"wp:term":[{"taxonomy":"category","embeddable":true,"href":"https:\/\/charte-fontevrault-providentialisme.fr\/index.php\/wp-json\/wp\/v2\/categories?post=5299"},{"taxonomy":"post_tag","embeddable":true,"href":"https:\/\/charte-fontevrault-providentialisme.fr\/index.php\/wp-json\/wp\/v2\/tags?post=5299"}],"curies":[{"name":"wp","href":"https:\/\/api.w.org\/{rel}","templated":true}]}}