{"id":53501,"date":"2023-05-25T10:32:29","date_gmt":"2023-05-25T08:32:29","guid":{"rendered":"https:\/\/charte-fontevrault-providentialisme.fr\/?p=53501"},"modified":"2023-05-24T21:15:45","modified_gmt":"2023-05-24T19:15:45","slug":"jean-yves-pons-nouveau-retour-vers-le-futur-france-archives-mediatise-lart-heraldique","status":"publish","type":"post","link":"https:\/\/charte-fontevrault-providentialisme.fr\/index.php\/2023\/05\/25\/jean-yves-pons-nouveau-retour-vers-le-futur-france-archives-mediatise-lart-heraldique\/","title":{"rendered":"Jean-Yves Pons. Nouveau retour vers le futur ? France Archives m\u00e9diatise l&#8217;art h\u00e9raldique."},"content":{"rendered":"<p><span style=\"font-size: 12pt; color: #993300;\">\u00a0 \u00a0 \u00a0&#8220;<em> Nul n&#8217;est proph\u00e8te en son pays<\/em> &#8221; nous r\u00e9p\u00e8te-t-on \u00e0 l&#8217;envie ! Eh bien sachez que c&#8217;est faux car nous en avons la d\u00e9monstration avec la mise en ligne, au d\u00e9but de ce mois de mai, d&#8217;une excellente publication de <strong>FRANCE ARCHIVE<\/strong>, le portail internet des Archives nationales de France, une institution on ne peut plus officielle pour ne pas dire gouvernementale, et intelligemment consacr\u00e9e \u00e0 ce domaine essentiel de notre histoire (dont nous n&#8217;avions cess\u00e9 de regretter l&#8217;oubli et m\u00eame la volont\u00e9 d\u00e9lib\u00e9r\u00e9e de beaucoup de nos \u00e9lites de le faire dispara\u00eetre), l&#8217; <strong>HERALDIQUE<\/strong> ou science et art des armoirie<\/span>s <span style=\"color: #0000ff;\"><strong><span style=\"font-size: 12pt;\">(<a style=\"color: #0000ff;\" tabindex=\"9999\" href=\"https:\/\/francearchives.gouv.fr\/fr\/article\/235485917#h2_6e30e96517c7355070a376399fc499b69c7560bd30)\" target=\"_blank\" rel=\"noopener\">https:\/\/francearchives.gouv.fr\/fr\/article\/235485917#h2_6e30e96517c7355070a376399fc499b69c7560bd30)<\/a>.<\/span><\/strong><\/span><\/p>\n<p>P<span style=\"color: #993300; font-size: 12pt;\">articuli\u00e8rement bien\u00a0con\u00e7u, tr\u00e8s complet, remarquablement\u00a0didactique et r\u00e9f\u00e9renc\u00e9, vous y trouverez r\u00e9ponses \u00e0 bien des questions aussi bien th\u00e9oriques que pratiques que vous vous posez peut-\u00eatre \u00e0 propos de ce que l&#8217;on nomme commun\u00e9ment (mais de mani\u00e8re partiellement inad\u00e9quate) le <strong>BLASON.<\/strong>* Vous y d\u00e9couvrirez bien s\u00fbr combien nous avons eu raison, pendant tant d&#8217;ann\u00e9es, de militer pour la red\u00e9couverte de l&#8217;h\u00e9raldique et de ses qualit\u00e9s embl\u00e9matiques irrempla\u00e7ables. <em>Vous n&#8217;en serez que davantage incit\u00e9s \u00e0 vous procurer aussi les ouvrages de notre ami Alain Texier qui lui sont consacr\u00e9s et que nous vous avons d\u00e9j\u00e0 pr\u00e9sent\u00e9s sur ce blogue.\u00a0<\/em><\/span><\/p>\n<p><span style=\"font-size: 12pt; color: #993300;\">\u00a0 \u00a0 \u00a0 L&#8217;h\u00e9raldique demeure en effet une science (mais aussi un art) m\u00e9connue qui passe \u00e0 tort pour \u00e9sot\u00e9rique et a souvent \u00e9t\u00e9, notamment en France, mal re\u00e7u de nos pr\u00e9tendues \u00e9lites et, par voie de cons\u00e9quence du grand public. Les raisons de ce d\u00e9samour, dans le pays m\u00eame o\u00f9 elle fut imagin\u00e9e, se trouvent principalement dans l&#8217;assimilation qui a \u00e9t\u00e9 et continue d&#8217;\u00eatre faite \u00e0 tort entre appartenance \u00e0 la noblesse et port d&#8217;armoiries. Bien des profanes (ou des incultes) croient encore que les armoiries sont des marques exclusives de noblesse et que seuls peuvent en porter ceux qui sont nobles.<\/span><\/p>\n<p><span style=\"font-size: 12pt; color: #993300;\">\u00a0 \u00a0 \u00a0 Or, nulle part en Europe occidentale, \u00e0 aucun moment entre le XIIe si\u00e8cle (date de leur apparition) et le XXIe, l&#8217;usage des armoiries n&#8217;a \u00e9t\u00e9 r\u00e9serv\u00e9 \u00e0 une classe sociale. Chaque individu, chaque famille, chaque groupe ou collectivit\u00e9 a toujours et partout \u00e9t\u00e9 libre d&#8217;adopter les armoiries de son choix et d&#8217;en faire l&#8217;usage priv\u00e9 qui lui plaisait, \u00e0 la seule condition&#8230; de ne pas usurper celles d&#8217;autrui.<\/span><\/p>\n<p><span style=\"font-size: 12pt; color: #993300;\">Alors, &#8220;<strong>\u00c0 VOS ARMES CITOYENS !<\/strong>&#8220;<\/span><\/p>\n<p><strong><span style=\"color: #ff6600;\"><span style=\"font-size: 12pt;\">Pour le CER et la Charte de Fontevrault, Jean-Yves Pons, CJA<\/span>.<\/span><\/strong><\/p>\n<p><span style=\"color: #993300; font-size: 12pt;\"><strong>*<\/strong>\u00a0On doit en effet parler plut\u00f4t <strong>d&#8217;armoiries<\/strong> pour parler des embl\u00e8mes en couleurs, propres \u00e0 un individu, \u00e0 une famille ou \u00e0 une collectivit\u00e9 et soumis dans leur composition \u00e0 des r\u00e8gles particuli\u00e8res. Le terme <strong>blason<\/strong>\u00a0consistant, en r\u00e9alit\u00e9, dans ces r\u00e8gles et la langue qui permet de d\u00e9crire lesdites armoiries.<\/span><\/p>\n<p><span style=\"font-size: 12pt;\"><span style=\"color: #800080;\">PS : pour ceux qui sont parisiens ou comptent se rendre courageusement dans notre capitale, qu&#8217;ils ne manquent pas de visiter la remarquable exposition actuelle consacr\u00e9e \u00e0 Louis XVI et la famille royale pendant leur s\u00e9jour forc\u00e9 aux Tuileries. Elle se tient pr\u00e9cis\u00e9ment aux Archives nationales, site H\u00f4tel de Soubise<\/span>.<\/span><\/p>\n<p><span style=\"font-size: 12pt; color: #0000ff;\">https:\/\/www.parismatch.com\/royal-blog\/louis-xvi-et-marie-antoinette-aux-tuileries-une-expo-mais-aussi-un-livre-224348<\/span><\/p>\n","protected":false},"excerpt":{"rendered":"<p>\u00a0 \u00a0 \u00a0&#8220; Nul n&#8217;est proph\u00e8te en son pays &#8221; nous r\u00e9p\u00e8te-t-on \u00e0 l&#8217;envie ! Eh bien sachez que c&#8217;est faux car nous en avons la d\u00e9monstration avec la mise&#8230; <a href=\"https:\/\/charte-fontevrault-providentialisme.fr\/index.php\/2023\/05\/25\/jean-yves-pons-nouveau-retour-vers-le-futur-france-archives-mediatise-lart-heraldique\/\">Cliquez pour lire davantage &raquo;<\/a><\/p>\n","protected":false},"author":2,"featured_media":0,"comment_status":"open","ping_status":"open","sticky":false,"template":"","format":"standard","meta":{"footnotes":""},"categories":[6,26],"tags":[33244,33245,33247,1099,1753,12682,33246],"class_list":["post-53501","post","type-post","status-publish","format-standard","hentry","category-art-heraldique","category-societe-traditionnelle","tag-alain-texier-ouvrage-noblesse-titres-et-armoiries-lgm-2021","tag-alain-texier-ouvrage-approches-de-lheraldique-lgm-2022","tag-archives-nationales-paris-75003","tag-armoiries","tag-blason-ou-art-heraldique","tag-jean-yves-pons-cja","tag-kotel-de-soubise-75003-paris-paris"],"_links":{"self":[{"href":"https:\/\/charte-fontevrault-providentialisme.fr\/index.php\/wp-json\/wp\/v2\/posts\/53501","targetHints":{"allow":["GET"]}}],"collection":[{"href":"https:\/\/charte-fontevrault-providentialisme.fr\/index.php\/wp-json\/wp\/v2\/posts"}],"about":[{"href":"https:\/\/charte-fontevrault-providentialisme.fr\/index.php\/wp-json\/wp\/v2\/types\/post"}],"author":[{"embeddable":true,"href":"https:\/\/charte-fontevrault-providentialisme.fr\/index.php\/wp-json\/wp\/v2\/users\/2"}],"replies":[{"embeddable":true,"href":"https:\/\/charte-fontevrault-providentialisme.fr\/index.php\/wp-json\/wp\/v2\/comments?post=53501"}],"version-history":[{"count":1,"href":"https:\/\/charte-fontevrault-providentialisme.fr\/index.php\/wp-json\/wp\/v2\/posts\/53501\/revisions"}],"predecessor-version":[{"id":53502,"href":"https:\/\/charte-fontevrault-providentialisme.fr\/index.php\/wp-json\/wp\/v2\/posts\/53501\/revisions\/53502"}],"wp:attachment":[{"href":"https:\/\/charte-fontevrault-providentialisme.fr\/index.php\/wp-json\/wp\/v2\/media?parent=53501"}],"wp:term":[{"taxonomy":"category","embeddable":true,"href":"https:\/\/charte-fontevrault-providentialisme.fr\/index.php\/wp-json\/wp\/v2\/categories?post=53501"},{"taxonomy":"post_tag","embeddable":true,"href":"https:\/\/charte-fontevrault-providentialisme.fr\/index.php\/wp-json\/wp\/v2\/tags?post=53501"}],"curies":[{"name":"wp","href":"https:\/\/api.w.org\/{rel}","templated":true}]}}