{"id":53648,"date":"2023-06-04T20:00:34","date_gmt":"2023-06-04T18:00:34","guid":{"rendered":"https:\/\/charte-fontevrault-providentialisme.fr\/?p=53648"},"modified":"2023-06-04T20:46:44","modified_gmt":"2023-06-04T18:46:44","slug":"nouvelle-serie-de-statistiques-77-du-blog-de-la-charte-de-fontevrault-providentialisme-du-dimanche-28-mai-au-samedi-3-juin-2023","status":"publish","type":"post","link":"https:\/\/charte-fontevrault-providentialisme.fr\/index.php\/2023\/06\/04\/nouvelle-serie-de-statistiques-77-du-blog-de-la-charte-de-fontevrault-providentialisme-du-dimanche-28-mai-au-samedi-3-juin-2023\/","title":{"rendered":"Nouvelle s\u00e9rie de statistiques (77) du \u201dBlog de la Charte de Fontevrault-Providentialisme\u201d du Dimanche 28 mai au Samedi 3 juin 2023."},"content":{"rendered":"<p style=\"text-align: center;\"><span style=\"font-size: 14pt;\"><b>4 juin 2023<\/b><\/span><\/p>\n<p><span style=\"font-size: 12pt;\"><strong>\u00a0Calendrier romain<\/strong><\/span><\/p>\n<div>\n<p class=\"ordo-nomen ordo-solemnitas color-albus\"><span style=\"font-size: 12pt; color: #ff00ff;\">Dimanche\u00a0 de la Tr\u00e9s Sainte Trinit\u00e9.<\/span><\/p>\n<p class=\"ordo-nomen ordo-solemnitas color-albus\"><span style=\"font-size: 12pt;\"><strong>Voir<\/strong>\u00a0:\u00a0 <span style=\"color: #0000ff;\">https:\/\/laportelatine.org\/ordo\u00a0<\/span><\/span><\/p>\n<\/div>\n<p><span style=\"font-size: 12pt;\"><strong>\u00a0Calendrier r\u00e9form\u00e9<\/strong><\/span><\/p>\n<div class=\"page\" title=\"Page 4\">\n<div class=\"section\">\n<div class=\"layoutArea\">\n<div class=\"column\">\n<p><span style=\"font-size: 12pt; color: #ff00ff;\">Dimanche\u00a0 de la Tr\u00e9s Sainte Trinit\u00e9.<\/span><\/p>\n<p><span style=\"font-size: 12pt;\"><strong>Voir<\/strong><span style=\"color: #0000ff;\"><a style=\"color: #0000ff;\" href=\"https:\/\/laportelatine.org\/ordo\">: https:\/\/www.prionseneglise.fr\/calendrier-liturgique<\/a><\/span><\/span><\/p>\n<\/div>\n<p><span style=\"font-size: 12pt; color: #008000;\">\u00a0 \u00a0Chaque Dimanche\u00a0 prenez l\u2019habitude\u00a0 apr\u00e8s la Messe c\u00e9l\u00e9br\u00e9e, si possible, en rite\u00a0 dit extraordinaire,\u00a0 le d\u00e9jeuner\u00a0 dominical et\u00a0 votre sieste \u00e9ventuelle de\u00a0 vous connecter\u00a0 sur la\u00a0 blog de la Charte de Fontevrault dans l\u2019apr\u00e8s-Midi.<\/span><\/p>\n<p><span style=\"font-size: 12pt; color: #008000;\">\u00a0 \u00a0Vous\u00a0 y retrouverez les nouvelles\u00a0 que nous souhaitons\u00a0 vous donner\u00a0 sur le\u00a0<strong>seul blog\u00a0 providentialiste existant<\/strong>\u00a0et il ne tient\u00a0 qu\u2019\u00e0 vous que ces nouvelles soient meilleures de semaine en semaine<\/span><\/p>\n<\/div>\n<p><span style=\"color: #ff6600; font-size: 14pt;\"><strong>I.\u00a0 Consultations du blog\u00a0 de la Charte et\u00a0 du Providentialisme\u00a0 ( Du Mercredi 5 avril\u00a0 au Dimanche 4 juin 2023 \u00e0 19H30<\/strong><\/span><\/p>\n<p><img loading=\"lazy\" decoding=\"async\" class=\"alignleft wp-image-53651 size-large\" src=\"https:\/\/charte-fontevrault-providentialisme.fr\/wp-content\/uploads\/2023\/06\/Capture-decran-2023-06-04-a-19.18.02-1024x335.png\" alt=\"\" width=\"625\" height=\"204\" srcset=\"https:\/\/charte-fontevrault-providentialisme.fr\/wp-content\/uploads\/2023\/06\/Capture-decran-2023-06-04-a-19.18.02-1024x335.png 1024w, https:\/\/charte-fontevrault-providentialisme.fr\/wp-content\/uploads\/2023\/06\/Capture-decran-2023-06-04-a-19.18.02-300x98.png 300w, https:\/\/charte-fontevrault-providentialisme.fr\/wp-content\/uploads\/2023\/06\/Capture-decran-2023-06-04-a-19.18.02-768x251.png 768w, https:\/\/charte-fontevrault-providentialisme.fr\/wp-content\/uploads\/2023\/06\/Capture-decran-2023-06-04-a-19.18.02-1536x502.png 1536w, https:\/\/charte-fontevrault-providentialisme.fr\/wp-content\/uploads\/2023\/06\/Capture-decran-2023-06-04-a-19.18.02-2048x669.png 2048w, https:\/\/charte-fontevrault-providentialisme.fr\/wp-content\/uploads\/2023\/06\/Capture-decran-2023-06-04-a-19.18.02-624x204.png 624w, https:\/\/charte-fontevrault-providentialisme.fr\/wp-content\/uploads\/2023\/06\/Capture-decran-2023-06-04-a-19.18.02-1320x431.png 1320w\" sizes=\"auto, (max-width: 625px) 100vw, 625px\" \/><\/p>\n<\/div>\n<p>&nbsp;<\/p>\n<p>&nbsp;<\/p>\n<p>&nbsp;<\/p>\n<p><span style=\"font-size: 14pt;\"><strong><span style=\"color: #ff6600;\">\u00a0II. Statistiques de\u00a0 consultations de ce\u00a0 blog\u00a0 \u00e9tablies gr\u00e2ce \u00e0 Chouandecoeur<\/span><\/strong><\/span><\/p>\n<\/div>\n<p><img loading=\"lazy\" decoding=\"async\" class=\"alignleft wp-image-53654 size-large\" src=\"https:\/\/charte-fontevrault-providentialisme.fr\/wp-content\/uploads\/2023\/06\/Capture-decran-2023-06-04-a-19.23.38-1024x780.png\" alt=\"\" width=\"625\" height=\"476\" srcset=\"https:\/\/charte-fontevrault-providentialisme.fr\/wp-content\/uploads\/2023\/06\/Capture-decran-2023-06-04-a-19.23.38-1024x780.png 1024w, https:\/\/charte-fontevrault-providentialisme.fr\/wp-content\/uploads\/2023\/06\/Capture-decran-2023-06-04-a-19.23.38-300x228.png 300w, https:\/\/charte-fontevrault-providentialisme.fr\/wp-content\/uploads\/2023\/06\/Capture-decran-2023-06-04-a-19.23.38-768x585.png 768w, https:\/\/charte-fontevrault-providentialisme.fr\/wp-content\/uploads\/2023\/06\/Capture-decran-2023-06-04-a-19.23.38-624x475.png 624w, https:\/\/charte-fontevrault-providentialisme.fr\/wp-content\/uploads\/2023\/06\/Capture-decran-2023-06-04-a-19.23.38.png 1074w\" sizes=\"auto, (max-width: 625px) 100vw, 625px\" \/><\/p>\n<div class=\"page\" title=\"Page 4\">\n<p>&nbsp;<\/p>\n<p>&nbsp;<\/p>\n<p>&nbsp;<\/p>\n<p>&nbsp;<\/p>\n<p>&nbsp;<\/p>\n<\/div>\n<p><img loading=\"lazy\" decoding=\"async\" class=\"alignleft wp-image-53655 size-full\" src=\"https:\/\/charte-fontevrault-providentialisme.fr\/wp-content\/uploads\/2023\/06\/Capture-decran-2023-06-04-a-19.23.51.png\" alt=\"\" width=\"982\" height=\"808\" srcset=\"https:\/\/charte-fontevrault-providentialisme.fr\/wp-content\/uploads\/2023\/06\/Capture-decran-2023-06-04-a-19.23.51.png 982w, https:\/\/charte-fontevrault-providentialisme.fr\/wp-content\/uploads\/2023\/06\/Capture-decran-2023-06-04-a-19.23.51-300x247.png 300w, https:\/\/charte-fontevrault-providentialisme.fr\/wp-content\/uploads\/2023\/06\/Capture-decran-2023-06-04-a-19.23.51-768x632.png 768w, https:\/\/charte-fontevrault-providentialisme.fr\/wp-content\/uploads\/2023\/06\/Capture-decran-2023-06-04-a-19.23.51-624x513.png 624w\" sizes=\"auto, (max-width: 982px) 100vw, 982px\" \/><\/p>\n<div class=\"page\" title=\"Page 4\">\n<p>&nbsp;<\/p>\n<p>&nbsp;<\/p>\n<p>&nbsp;<\/p>\n<p>&nbsp;<\/p>\n<p>&nbsp;<\/p>\n<p>&nbsp;<\/p>\n<p>&nbsp;<\/p>\n<p>&nbsp;<\/p>\n<p>&nbsp;<\/p>\n<p><span style=\"font-size: 12pt; color: #008000;\"><strong><span style=\"font-size: 14pt;\"><span style=\"color: #ff00ff;\"><span style=\"color: #ff6600;\">III. M\u00e9daille d&#8217;or des consultations de ce blog\u00a0<\/span><\/span><\/span><\/strong><\/span><\/p>\n<p><span style=\"font-size: 12pt; color: #008000;\">Les articles mis en ligne\u00a0 sur\u00a0 ce\u00a0 blog par Herv\u00e9 Volto sont une valeur sure . La preuve !<\/span><\/p>\n<p><img loading=\"lazy\" decoding=\"async\" class=\"alignleft wp-image-53658 size-full\" src=\"https:\/\/charte-fontevrault-providentialisme.fr\/wp-content\/uploads\/2023\/06\/Capture-decran-2023-06-04-a-19.30.48.png\" alt=\"\" width=\"3368\" height=\"942\" srcset=\"https:\/\/charte-fontevrault-providentialisme.fr\/wp-content\/uploads\/2023\/06\/Capture-decran-2023-06-04-a-19.30.48.png 3368w, https:\/\/charte-fontevrault-providentialisme.fr\/wp-content\/uploads\/2023\/06\/Capture-decran-2023-06-04-a-19.30.48-300x84.png 300w, https:\/\/charte-fontevrault-providentialisme.fr\/wp-content\/uploads\/2023\/06\/Capture-decran-2023-06-04-a-19.30.48-1024x286.png 1024w, https:\/\/charte-fontevrault-providentialisme.fr\/wp-content\/uploads\/2023\/06\/Capture-decran-2023-06-04-a-19.30.48-768x215.png 768w, https:\/\/charte-fontevrault-providentialisme.fr\/wp-content\/uploads\/2023\/06\/Capture-decran-2023-06-04-a-19.30.48-1536x430.png 1536w, https:\/\/charte-fontevrault-providentialisme.fr\/wp-content\/uploads\/2023\/06\/Capture-decran-2023-06-04-a-19.30.48-2048x573.png 2048w, https:\/\/charte-fontevrault-providentialisme.fr\/wp-content\/uploads\/2023\/06\/Capture-decran-2023-06-04-a-19.30.48-624x175.png 624w, https:\/\/charte-fontevrault-providentialisme.fr\/wp-content\/uploads\/2023\/06\/Capture-decran-2023-06-04-a-19.30.48-1320x369.png 1320w\" sizes=\"auto, (max-width: 3368px) 100vw, 3368px\" \/><\/p>\n<\/div>\n<p>&nbsp;<\/p>\n<p>&nbsp;<\/p>\n<p>&nbsp;<\/p>\n<p><a href=\"https:\/\/www.over-blog.com\/user\/1343763.html\"><span style=\"font-size: 14pt; color: #ff6600;\"><strong><span style=\"color: #ff6600;\">IV. Ce post, lui, est d\u00e9j\u00e0 ancien mais il\u00a0m\u00e9rite probablement d\u2019\u00eatre mieux connu<\/span><\/strong><\/span><\/a><\/p>\n<div class=\"page\" title=\"Page 4\">\n<div id=\"attachment_53660\" style=\"width: 635px\" class=\"wp-caption alignleft\"><img loading=\"lazy\" decoding=\"async\" aria-describedby=\"caption-attachment-53660\" class=\"wp-image-53660 size-large\" src=\"https:\/\/charte-fontevrault-providentialisme.fr\/wp-content\/uploads\/2023\/06\/Capture-decran-2023-06-04-a-20.33.09-1024x492.png\" alt=\"\" width=\"625\" height=\"300\" srcset=\"https:\/\/charte-fontevrault-providentialisme.fr\/wp-content\/uploads\/2023\/06\/Capture-decran-2023-06-04-a-20.33.09-1024x492.png 1024w, https:\/\/charte-fontevrault-providentialisme.fr\/wp-content\/uploads\/2023\/06\/Capture-decran-2023-06-04-a-20.33.09-300x144.png 300w, https:\/\/charte-fontevrault-providentialisme.fr\/wp-content\/uploads\/2023\/06\/Capture-decran-2023-06-04-a-20.33.09-768x369.png 768w, https:\/\/charte-fontevrault-providentialisme.fr\/wp-content\/uploads\/2023\/06\/Capture-decran-2023-06-04-a-20.33.09-1536x738.png 1536w, https:\/\/charte-fontevrault-providentialisme.fr\/wp-content\/uploads\/2023\/06\/Capture-decran-2023-06-04-a-20.33.09-624x300.png 624w, https:\/\/charte-fontevrault-providentialisme.fr\/wp-content\/uploads\/2023\/06\/Capture-decran-2023-06-04-a-20.33.09-1320x634.png 1320w, https:\/\/charte-fontevrault-providentialisme.fr\/wp-content\/uploads\/2023\/06\/Capture-decran-2023-06-04-a-20.33.09.png 1544w\" sizes=\"auto, (max-width: 625px) 100vw, 625px\" \/><p id=\"caption-attachment-53660\" class=\"wp-caption-text\"><span style=\"font-size: 12pt; color: #0000ff;\">https:\/\/www.over-blog.com\/user\/1343763.html\u00a0 \u00a0 \u00a0 \u00a0 \u00a0 \u00a0 \u00a0 \u00a0 \u00a0 \u00a0 \u00a0 \u00a0 \u00a0 \u00a0 \u00a0 \u00a0 \u00a0 \u00a0 \u00a0 \u00a0 \u00a0 \u00a0 \u00a0 \u00a0 \u00a0 \u00a0 \u00a0 \u00a0 \u00a0 \u00a0 \u00a0 \u00a0 \u00a0 \u00a0 \u00a0 \u00a0 \u00a0 \u00a0 \u00a0 \u00a0 \u00a0 \u00a0 \u00a0 \u00a0 \u00a0 \u00a0 \u00a0 \u00a0 \u00a0 \u00a0 \u00a0 \u00a0 \u00a0 \u00a0 \u00a0 \u00a0 \u00a0 \u00a0 \u00a0 \u00a0 \u00a0 \u00a0 \u00a0 \u00a0 \u00a0 \u00a0 \u00a0 \u00a0 \u00a0 \u00a0 \u00a0 \u00a0 \u00a0 \u00a0 \u00a0 \u00a0 \u00a0 \u00a0 \u00a0 \u00a0 \u00a0 \u00a0 \u00a0 \u00a0 \u00a0 \u00a0 \u00a0 \u00a0 \u00a0 \u00a0 \u00a0 \u00a0 \u00a0 \u00a0 \u00a0 \u00a0 \u00a0 \u00a0 \u00a0 \u00a0 \u00a0 \u00a0 \u00a0 \u00a0 \u00a0 \u00a0 \u00a0 \u00a0 \u00a0 \u00a0 <strong><span style=\"font-size: 14pt; color: #ff6600;\">V. Le monde entier s&#8217;int\u00e9resse au royalisme providentialiste\u00a0 \u00a0 \u00a0 \u00a0 \u00a0 \u00a0 \u00a0 \u00a0 \u00a0 \u00a0<\/span><\/strong><\/span><\/p><\/div>\n<p><img loading=\"lazy\" decoding=\"async\" class=\"alignleft wp-image-53662 size-full\" src=\"https:\/\/charte-fontevrault-providentialisme.fr\/wp-content\/uploads\/2023\/06\/Capture-decran-2023-06-04-a-20.39.55.png\" alt=\"\" width=\"3242\" height=\"862\" srcset=\"https:\/\/charte-fontevrault-providentialisme.fr\/wp-content\/uploads\/2023\/06\/Capture-decran-2023-06-04-a-20.39.55.png 3242w, https:\/\/charte-fontevrault-providentialisme.fr\/wp-content\/uploads\/2023\/06\/Capture-decran-2023-06-04-a-20.39.55-300x80.png 300w, https:\/\/charte-fontevrault-providentialisme.fr\/wp-content\/uploads\/2023\/06\/Capture-decran-2023-06-04-a-20.39.55-1024x272.png 1024w, https:\/\/charte-fontevrault-providentialisme.fr\/wp-content\/uploads\/2023\/06\/Capture-decran-2023-06-04-a-20.39.55-768x204.png 768w, https:\/\/charte-fontevrault-providentialisme.fr\/wp-content\/uploads\/2023\/06\/Capture-decran-2023-06-04-a-20.39.55-1536x408.png 1536w, https:\/\/charte-fontevrault-providentialisme.fr\/wp-content\/uploads\/2023\/06\/Capture-decran-2023-06-04-a-20.39.55-2048x545.png 2048w, https:\/\/charte-fontevrault-providentialisme.fr\/wp-content\/uploads\/2023\/06\/Capture-decran-2023-06-04-a-20.39.55-624x166.png 624w, https:\/\/charte-fontevrault-providentialisme.fr\/wp-content\/uploads\/2023\/06\/Capture-decran-2023-06-04-a-20.39.55-1320x351.png 1320w\" sizes=\"auto, (max-width: 3242px) 100vw, 3242px\" \/><\/p>\n<p>&nbsp;<\/p>\n<\/div>\n<p>&nbsp;<\/p>\n","protected":false},"excerpt":{"rendered":"<p>4 juin 2023 \u00a0Calendrier romain Dimanche\u00a0 de la Tr\u00e9s Sainte Trinit\u00e9. Voir\u00a0:\u00a0 https:\/\/laportelatine.org\/ordo\u00a0 \u00a0Calendrier r\u00e9form\u00e9 Dimanche\u00a0 de la Tr\u00e9s Sainte Trinit\u00e9. Voir: https:\/\/www.prionseneglise.fr\/calendrier-liturgique \u00a0 \u00a0Chaque Dimanche\u00a0 prenez l\u2019habitude\u00a0 apr\u00e8s la&#8230; <a href=\"https:\/\/charte-fontevrault-providentialisme.fr\/index.php\/2023\/06\/04\/nouvelle-serie-de-statistiques-77-du-blog-de-la-charte-de-fontevrault-providentialisme-du-dimanche-28-mai-au-samedi-3-juin-2023\/\">Cliquez pour lire davantage &raquo;<\/a><\/p>\n","protected":false},"author":2,"featured_media":0,"comment_status":"open","ping_status":"open","sticky":false,"template":"","format":"standard","meta":{"footnotes":""},"categories":[5,27],"tags":[26943],"class_list":["post-53648","post","type-post","status-publish","format-standard","hentry","category-archives-de-la-charte-de-fontevrault","category-tirer-mieux-partie-de-ce-blog","tag-statistiques-de-consultation-de-ce-blog"],"_links":{"self":[{"href":"https:\/\/charte-fontevrault-providentialisme.fr\/index.php\/wp-json\/wp\/v2\/posts\/53648","targetHints":{"allow":["GET"]}}],"collection":[{"href":"https:\/\/charte-fontevrault-providentialisme.fr\/index.php\/wp-json\/wp\/v2\/posts"}],"about":[{"href":"https:\/\/charte-fontevrault-providentialisme.fr\/index.php\/wp-json\/wp\/v2\/types\/post"}],"author":[{"embeddable":true,"href":"https:\/\/charte-fontevrault-providentialisme.fr\/index.php\/wp-json\/wp\/v2\/users\/2"}],"replies":[{"embeddable":true,"href":"https:\/\/charte-fontevrault-providentialisme.fr\/index.php\/wp-json\/wp\/v2\/comments?post=53648"}],"version-history":[{"count":9,"href":"https:\/\/charte-fontevrault-providentialisme.fr\/index.php\/wp-json\/wp\/v2\/posts\/53648\/revisions"}],"predecessor-version":[{"id":53663,"href":"https:\/\/charte-fontevrault-providentialisme.fr\/index.php\/wp-json\/wp\/v2\/posts\/53648\/revisions\/53663"}],"wp:attachment":[{"href":"https:\/\/charte-fontevrault-providentialisme.fr\/index.php\/wp-json\/wp\/v2\/media?parent=53648"}],"wp:term":[{"taxonomy":"category","embeddable":true,"href":"https:\/\/charte-fontevrault-providentialisme.fr\/index.php\/wp-json\/wp\/v2\/categories?post=53648"},{"taxonomy":"post_tag","embeddable":true,"href":"https:\/\/charte-fontevrault-providentialisme.fr\/index.php\/wp-json\/wp\/v2\/tags?post=53648"}],"curies":[{"name":"wp","href":"https:\/\/api.w.org\/{rel}","templated":true}]}}