{"id":54341,"date":"2023-09-07T10:30:38","date_gmt":"2023-09-07T08:30:38","guid":{"rendered":"https:\/\/charte-fontevrault-providentialisme.fr\/?p=54341"},"modified":"2023-09-07T21:18:25","modified_gmt":"2023-09-07T19:18:25","slug":"les-francs-macons-au-parlement-est-ce-vraiment-un-scoop","status":"publish","type":"post","link":"https:\/\/charte-fontevrault-providentialisme.fr\/index.php\/2023\/09\/07\/les-francs-macons-au-parlement-est-ce-vraiment-un-scoop\/","title":{"rendered":"Les Fran\u00e7s-ma\u00e7ons au Parlement&#8230; Est ce vraiment un scoop?"},"content":{"rendered":"<p><span style=\"font-size: 12pt;\"><strong>Voir\u00a0:<\/strong> h<span style=\"color: #0000ff;\">ttps:\/\/www.bvoltaire.fr\/35-des-parlementaires-sont-francs-macons-sommes-nous-en-democratie-2-2\/<\/span><\/span><\/p>\n<p>&#8230;&#8230;.<\/p>\n<p><span style=\"font-size: 12pt; color: #008000;\"><strong>I. B. Vous insistez sur le r\u00f4le de la Fraternelle parlementaire&#8230;<\/strong><\/span><\/p>\n<p><span style=\"font-size: 12pt; color: #008000;\"><strong>S. A.-G.<\/strong>\u00a0La Fraternelle parlementaire est un groupe de francs-ma\u00e7ons parlementaires agissant secr\u00e8tement aux fins d\u2019introduire dans le dispositif l\u00e9gislatif national l\u2019id\u00e9ologie ma\u00e7onnique. Que l\u2019on ne m\u2019accuse pas de complotisme : ce fut son cr\u00e9ateur Henri Caillavet, aid\u00e9 par le pr\u00e9sident du Conseil de l\u2019\u00e9poque, Paul Ramadier, franc-ma\u00e7on \u00e9galement, qui imagina qu\u2019il fallait,\u00a0<em>\u00ab afin de faire passer en lois les id\u00e9es r\u00e9formistes, construire un cheval de Troie \u00bb<\/em>. Selon les dires de l\u2019un de ses ex-pr\u00e9sidents, le nombre des parlementaires francs-ma\u00e7ons appartenant \u00e0 la Fraternelle serait d\u2019environ 35 % du nombre d\u2019\u00e9lus parlementaires. Selon ce m\u00eame pr\u00e9sident, s\u2019il arrive \u00e0 jouer correctement son r\u00f4le,\u00a0<em>\u00ab les d\u00e9put\u00e9s francs-ma\u00e7ons de droite comme de gauche voteront ensemble \u00bb<\/em>. Je consid\u00e8re que la Fraternelle parlementaire est un v\u00e9ritable scandale et porte atteinte \u00e0 la d\u00e9mocratie dans la mesure o\u00f9 les \u00e9lus qui en font partie n\u2019ont pas \u00e9t\u00e9 \u00e9lus par les citoyens pour\u00a0<em>\u00ab porter aupr\u00e8s des Assembl\u00e9es les id\u00e9aux \u00e9labor\u00e9s dans les loges \u00bb<\/em>\u00a0(d\u00e9claration de Fred Zeller, ex-grand ma\u00eetre du Grand Orient) mais pour repr\u00e9senter la population. Or, les francs-ma\u00e7ons, en France, repr\u00e9sentent 0,34 % des \u00e9lecteurs, alors que le nombre des parlementaires francs-ma\u00e7ons s\u2019\u00e9l\u00e8ve \u00e0 35 % des parlementaires ! Sommes-nous vraiment en d\u00e9mocratie ? La seconde conclusion qui s\u2019impose est que si, comme je le d\u00e9montre, la franc-ma\u00e7onnerie est une religion \u00e0 part enti\u00e8re, la loi de 1905 n\u2019est-elle pas ainsi viol\u00e9e ?<\/span><\/p>\n<p><span style=\"font-size: 12pt; color: #008000;\"><strong>. Quel est le lien entre cette Fraternit\u00e9 parlementaire et l\u2019\u00c9lys\u00e9e ou Matignon ?<\/strong><\/span><\/p>\n<p><span style=\"font-size: 12pt; color: #008000;\"><strong>S. A.-G.<\/strong>\u00a0Le lien de la Fraternelle, et au sens plus large de la franc-ma\u00e7onnerie, avec l\u2019\u00c9lys\u00e9e et avec Matignon est direct. En effet, d\u2019une part, chaque ann\u00e9e, les loges produisent un rapport synth\u00e9tisant l\u2019opinion de la franc-ma\u00e7onnerie sur des sujets soci\u00e9taux, c\u2019est-\u00e0-dire politiques. Ce rapport est remis par les instances nationales ma\u00e7onniques au chef de l\u2019\u00c9tat ainsi qu\u2019au chef du gouvernement et \u00e0 divers ministres ou \u00e9lus nationaux qui en font la demande. Que dirait-on si l\u2019\u00c9glise ou les instances religieuses musulmanes agissaient de la sorte ? Une r\u00e9cente et excellente\u00a0<a style=\"font-style: inherit; font-weight: inherit; color: #008000;\" href=\"https:\/\/www.theses.fr\/2016PA020063\">th\u00e8se de doctorat<\/a>, parfaitement document\u00e9e, d\u00e9montre l\u2019influence politique de la franc-ma\u00e7onnerie :\u00a0<em style=\"font-weight: inherit;\">\u00ab Le ma\u00e7on est amen\u00e9 \u00e0 influer sur l\u2019\u00e9laboration de la norme de deux fa\u00e7ons : d\u2019abord \u00e0 l\u2019Assembl\u00e9e ou au S\u00e9nat, il dispose de l\u2019initiative, ensuite, les ma\u00e7ons \u00e9lus \u2013 notamment- se retrouvent au sein de la Fraternelle parlementaire, une structure privil\u00e9gi\u00e9e de l\u2019exercice de l\u2019influence. <\/em><\/span><\/p>\n<p><span style=\"font-size: 12pt; color: #008000;\">&#8230;&#8230;.<\/span><\/p>\n<p>https:\/\/www.bvoltaire.fr\/35-des-parlementaires-sont-francs-macons-sommes-nous-en-democratie-2-2\/<\/p>\n<div id=\"attachment_54929\" style=\"width: 326px\" class=\"wp-caption aligncenter\"><img loading=\"lazy\" decoding=\"async\" aria-describedby=\"caption-attachment-54929\" class=\"wp-image-54929 size-full\" src=\"https:\/\/charte-fontevrault-providentialisme.fr\/wp-content\/uploads\/2023\/07\/9782740319598-475x500-1.webp\" alt=\"\" width=\"316\" height=\"500\" srcset=\"https:\/\/charte-fontevrault-providentialisme.fr\/wp-content\/uploads\/2023\/07\/9782740319598-475x500-1.webp 316w, https:\/\/charte-fontevrault-providentialisme.fr\/wp-content\/uploads\/2023\/07\/9782740319598-475x500-1-190x300.webp 190w\" sizes=\"auto, (max-width: 316px) 100vw, 316px\" \/><p id=\"caption-attachment-54929\" class=\"wp-caption-text\"><span style=\"font-size: 12pt; color: #0000ff;\">https:\/\/www.furet.com\/livres\/je-servais-lucifer-sans-le-savoir-serge-abad-gallardo-9782740319598.html<\/span><\/p><\/div>\n","protected":false},"excerpt":{"rendered":"<p>Voir\u00a0: https:\/\/www.bvoltaire.fr\/35-des-parlementaires-sont-francs-macons-sommes-nous-en-democratie-2-2\/ &#8230;&#8230;. I. B. Vous insistez sur le r\u00f4le de la Fraternelle parlementaire&#8230; S. A.-G.\u00a0La Fraternelle parlementaire est un groupe de francs-ma\u00e7ons parlementaires agissant secr\u00e8tement aux fins d\u2019introduire dans&#8230; <a href=\"https:\/\/charte-fontevrault-providentialisme.fr\/index.php\/2023\/09\/07\/les-francs-macons-au-parlement-est-ce-vraiment-un-scoop\/\">Cliquez pour lire davantage &raquo;<\/a><\/p>\n","protected":false},"author":2,"featured_media":0,"comment_status":"open","ping_status":"open","sticky":false,"template":"","format":"standard","meta":{"footnotes":""},"categories":[21],"tags":[7478,10902,33522,31850,33523,33521],"class_list":["post-54341","post","type-post","status-publish","format-standard","hentry","category-limites-de-la-republique","tag-franc-maconnerie","tag-https-www-bvoltaire-fr","tag-https-www-furet-com-livres","tag-lucifer","tag-maurice-caillet-1933-2021","tag-serge-abad-gallardo"],"_links":{"self":[{"href":"https:\/\/charte-fontevrault-providentialisme.fr\/index.php\/wp-json\/wp\/v2\/posts\/54341","targetHints":{"allow":["GET"]}}],"collection":[{"href":"https:\/\/charte-fontevrault-providentialisme.fr\/index.php\/wp-json\/wp\/v2\/posts"}],"about":[{"href":"https:\/\/charte-fontevrault-providentialisme.fr\/index.php\/wp-json\/wp\/v2\/types\/post"}],"author":[{"embeddable":true,"href":"https:\/\/charte-fontevrault-providentialisme.fr\/index.php\/wp-json\/wp\/v2\/users\/2"}],"replies":[{"embeddable":true,"href":"https:\/\/charte-fontevrault-providentialisme.fr\/index.php\/wp-json\/wp\/v2\/comments?post=54341"}],"version-history":[{"count":3,"href":"https:\/\/charte-fontevrault-providentialisme.fr\/index.php\/wp-json\/wp\/v2\/posts\/54341\/revisions"}],"predecessor-version":[{"id":54930,"href":"https:\/\/charte-fontevrault-providentialisme.fr\/index.php\/wp-json\/wp\/v2\/posts\/54341\/revisions\/54930"}],"wp:attachment":[{"href":"https:\/\/charte-fontevrault-providentialisme.fr\/index.php\/wp-json\/wp\/v2\/media?parent=54341"}],"wp:term":[{"taxonomy":"category","embeddable":true,"href":"https:\/\/charte-fontevrault-providentialisme.fr\/index.php\/wp-json\/wp\/v2\/categories?post=54341"},{"taxonomy":"post_tag","embeddable":true,"href":"https:\/\/charte-fontevrault-providentialisme.fr\/index.php\/wp-json\/wp\/v2\/tags?post=54341"}],"curies":[{"name":"wp","href":"https:\/\/api.w.org\/{rel}","templated":true}]}}