{"id":5472,"date":"2013-08-28T09:28:37","date_gmt":"2013-08-28T09:28:37","guid":{"rendered":"http:\/\/chartedefontevraultprovidentialisme.wordpress.com\/?p=5472"},"modified":"2013-08-28T09:28:37","modified_gmt":"2013-08-28T09:28:37","slug":"avec-la-charte-de-fontevrault-a-fontevraud-labbaye-il-etait-une-foi-compte-rendu-2-des-xxvi-emes-rencontres-2013-de-la-charte","status":"publish","type":"post","link":"https:\/\/charte-fontevrault-providentialisme.fr\/index.php\/2013\/08\/28\/avec-la-charte-de-fontevrault-a-fontevraud-labbaye-il-etait-une-foi-compte-rendu-2-des-xxvi-emes-rencontres-2013-de-la-charte\/","title":{"rendered":"Avec la Charte de Fontevrault \u00e0 Fontevraud l\u2019Abbaye : Il \u00e9tait une Foi. Compte-rendu (2) des XXVI \u00e8mes Rencontres (2013) de la Charte ."},"content":{"rendered":"<ul>\n<li><a href=\"https:\/\/chartedefontevraultprovidentialisme.files.wordpress.com\/2014\/08\/dsc05250.jpg\"><img loading=\"lazy\" decoding=\"async\" class=\"aligncenter size-full wp-image-5473\" src=\"http:\/\/chartedefontevraultprovidentialisme.files.wordpress.com\/2014\/08\/dsc05250.jpg\" alt=\"DSC05250\" width=\"640\" height=\"360\" srcset=\"https:\/\/charte-fontevrault-providentialisme.fr\/wp-content\/uploads\/2014\/08\/dsc05250.jpg 1920w, https:\/\/charte-fontevrault-providentialisme.fr\/wp-content\/uploads\/2014\/08\/dsc05250-300x169.jpg 300w, https:\/\/charte-fontevrault-providentialisme.fr\/wp-content\/uploads\/2014\/08\/dsc05250-1024x576.jpg 1024w, https:\/\/charte-fontevrault-providentialisme.fr\/wp-content\/uploads\/2014\/08\/dsc05250-768x432.jpg 768w, https:\/\/charte-fontevrault-providentialisme.fr\/wp-content\/uploads\/2014\/08\/dsc05250-1536x864.jpg 1536w, https:\/\/charte-fontevrault-providentialisme.fr\/wp-content\/uploads\/2014\/08\/dsc05250-624x351.jpg 624w\" sizes=\"auto, (max-width: 640px) 100vw, 640px\" \/><\/a>L&#8217;on remarquera\u00a0 plus particuli\u00e8rement :<\/li>\n<li>Portant le drapeau, Fr\u00e9deric PACHOT,&#8221;Ordonnance&#8221; de la Charte de Fontevrault<\/li>\n<li>A gauche du porte-drapeau , Jeanine Le DERFF, <em>Gouverneur en exercice<\/em>\u00a0 (2012-2013) de la Charte<\/li>\n<li>A droite , Gis\u00e8le MARTENET\u00a0 ( \u00e9charpe\u00a0 blanche),\u00a0 <em>Grande orante de la Charte.<\/em><\/li>\n<li>Derri\u00e8re Gis\u00e8le, chemise\u00a0 bleue, col ouvert,\u00a0 Fran\u00e7ois -Xavier PACHOT (o<em>rdonnateur des p\u00e9l\u00e9rinages \u00e0 Pontmain pour le retour du roi de France)<\/em><\/li>\n<li>Portant une cane dans la main droite, Claude LABALLE aves\u00a0 son \u00e9pouse (en ensemble marron) Ariane.<\/li>\n<\/ul>\n<p>&nbsp;<\/p>\n","protected":false},"excerpt":{"rendered":"<p>L&#8217;on remarquera\u00a0 plus particuli\u00e8rement : Portant le drapeau, Fr\u00e9deric PACHOT,&#8221;Ordonnance&#8221; de la Charte de Fontevrault A gauche du porte-drapeau , Jeanine Le DERFF, Gouverneur en exercice\u00a0 (2012-2013) de la Charte&#8230; <a href=\"https:\/\/charte-fontevrault-providentialisme.fr\/index.php\/2013\/08\/28\/avec-la-charte-de-fontevrault-a-fontevraud-labbaye-il-etait-une-foi-compte-rendu-2-des-xxvi-emes-rencontres-2013-de-la-charte\/\">Cliquez pour lire davantage &raquo;<\/a><\/p>\n","protected":false},"author":2,"featured_media":0,"comment_status":"open","ping_status":"open","sticky":false,"template":"","format":"standard","meta":{"footnotes":""},"categories":[12],"tags":[1381,1058,3355,7462,7660,8160,12685,17719,22174],"class_list":["post-5472","post","type-post","status-publish","format-standard","hentry","category-blogs-et-sites-providentialistes","tag-a-pontmain-supplique-a-dieu-pour-le-retour-du-roi","tag-ariane-laballe","tag-claude-laballe","tag-francois-xavier-pachot","tag-frederic-pachot","tag-gisele-martenet","tag-jeanine-le-derff","tag-ordonnance-de-la-charte-de-fontevrault","tag-rencontres-de-fontevrault"],"_links":{"self":[{"href":"https:\/\/charte-fontevrault-providentialisme.fr\/index.php\/wp-json\/wp\/v2\/posts\/5472","targetHints":{"allow":["GET"]}}],"collection":[{"href":"https:\/\/charte-fontevrault-providentialisme.fr\/index.php\/wp-json\/wp\/v2\/posts"}],"about":[{"href":"https:\/\/charte-fontevrault-providentialisme.fr\/index.php\/wp-json\/wp\/v2\/types\/post"}],"author":[{"embeddable":true,"href":"https:\/\/charte-fontevrault-providentialisme.fr\/index.php\/wp-json\/wp\/v2\/users\/2"}],"replies":[{"embeddable":true,"href":"https:\/\/charte-fontevrault-providentialisme.fr\/index.php\/wp-json\/wp\/v2\/comments?post=5472"}],"version-history":[{"count":0,"href":"https:\/\/charte-fontevrault-providentialisme.fr\/index.php\/wp-json\/wp\/v2\/posts\/5472\/revisions"}],"wp:attachment":[{"href":"https:\/\/charte-fontevrault-providentialisme.fr\/index.php\/wp-json\/wp\/v2\/media?parent=5472"}],"wp:term":[{"taxonomy":"category","embeddable":true,"href":"https:\/\/charte-fontevrault-providentialisme.fr\/index.php\/wp-json\/wp\/v2\/categories?post=5472"},{"taxonomy":"post_tag","embeddable":true,"href":"https:\/\/charte-fontevrault-providentialisme.fr\/index.php\/wp-json\/wp\/v2\/tags?post=5472"}],"curies":[{"name":"wp","href":"https:\/\/api.w.org\/{rel}","templated":true}]}}