{"id":5475,"date":"2013-08-29T10:00:24","date_gmt":"2013-08-29T10:00:24","guid":{"rendered":"http:\/\/chartedefontevraultprovidentialisme.wordpress.com\/?p=5475"},"modified":"2013-08-29T10:00:24","modified_gmt":"2013-08-29T10:00:24","slug":"avec-la-charte-de-fontevrault-a-fontevraud-labbaye-il-etait-une-foi-compte-rendu-3-des-xxvi-emes-rencontres-2013-de-la-charte","status":"publish","type":"post","link":"https:\/\/charte-fontevrault-providentialisme.fr\/index.php\/2013\/08\/29\/avec-la-charte-de-fontevrault-a-fontevraud-labbaye-il-etait-une-foi-compte-rendu-3-des-xxvi-emes-rencontres-2013-de-la-charte\/","title":{"rendered":"Avec la Charte de Fontevrault \u00e0 Fontevraud l\u2019Abbaye : Il \u00e9tait une Foi. Compte-rendu (3) des XXVI \u00e8mes Rencontres (2013) de la Charte ."},"content":{"rendered":"<p><a href=\"https:\/\/chartedefontevraultprovidentialisme.files.wordpress.com\/2014\/08\/dsc05257_2.jpg\"><img loading=\"lazy\" decoding=\"async\" class=\"aligncenter size-full wp-image-5476\" src=\"http:\/\/chartedefontevraultprovidentialisme.files.wordpress.com\/2014\/08\/dsc05257_2.jpg\" alt=\"DSC05257_2\" width=\"640\" height=\"427\" srcset=\"https:\/\/charte-fontevrault-providentialisme.fr\/wp-content\/uploads\/2014\/08\/dsc05257_2.jpg 1555w, https:\/\/charte-fontevrault-providentialisme.fr\/wp-content\/uploads\/2014\/08\/dsc05257_2-300x200.jpg 300w, https:\/\/charte-fontevrault-providentialisme.fr\/wp-content\/uploads\/2014\/08\/dsc05257_2-1024x684.jpg 1024w, https:\/\/charte-fontevrault-providentialisme.fr\/wp-content\/uploads\/2014\/08\/dsc05257_2-768x513.jpg 768w, https:\/\/charte-fontevrault-providentialisme.fr\/wp-content\/uploads\/2014\/08\/dsc05257_2-1536x1025.jpg 1536w, https:\/\/charte-fontevrault-providentialisme.fr\/wp-content\/uploads\/2014\/08\/dsc05257_2-624x417.jpg 624w\" sizes=\"auto, (max-width: 640px) 100vw, 640px\" \/><\/a>L&#8217;ordonnance de la Charte Fr\u00e9d\u00e9ric Pachot\u00a0 pr\u00e9sentant aux p\u00e9lerins de la f\u00eate de la Saint Louis , l&#8217;\u00e9tendart\u00a0 d\u00e9ploy\u00e9 aux deux Saints Coeurs de la Charte.<\/p>\n<p><a href=\"https:\/\/chartedefontevraultprovidentialisme.files.wordpress.com\/2014\/08\/dsc05288.jpg\"><img loading=\"lazy\" decoding=\"async\" class=\"aligncenter wp-image-5477 size-full\" src=\"https:\/\/chartedefontevraultprovidentialisme.files.wordpress.com\/2014\/08\/dsc05288.jpg\" alt=\"DSC05288\" width=\"1920\" height=\"1080\" srcset=\"https:\/\/charte-fontevrault-providentialisme.fr\/wp-content\/uploads\/2014\/08\/dsc05288.jpg 1920w, https:\/\/charte-fontevrault-providentialisme.fr\/wp-content\/uploads\/2014\/08\/dsc05288-300x169.jpg 300w, https:\/\/charte-fontevrault-providentialisme.fr\/wp-content\/uploads\/2014\/08\/dsc05288-1024x576.jpg 1024w, https:\/\/charte-fontevrault-providentialisme.fr\/wp-content\/uploads\/2014\/08\/dsc05288-768x432.jpg 768w, https:\/\/charte-fontevrault-providentialisme.fr\/wp-content\/uploads\/2014\/08\/dsc05288-1536x864.jpg 1536w, https:\/\/charte-fontevrault-providentialisme.fr\/wp-content\/uploads\/2014\/08\/dsc05288-624x351.jpg 624w\" sizes=\"auto, (max-width: 1920px) 100vw, 1920px\" \/><\/a>Monsieur l&#8217;Abb\u00e9 de Durat, Aum\u00f4nier g\u00e9n\u00e9ral de la Charte de Fontevrault, c\u00e9l\u00e9brant \u00e0 ce qui fut autrefois le grand autel de l&#8217;abbatiale royale Sainte Marie de Fontevrault, le Saint Sacrifice de la Messe en la forme extraordinaire.<\/p>\n<p><a href=\"https:\/\/chartedefontevraultprovidentialisme.files.wordpress.com\/2013\/08\/dsc05304.jpg\"><img loading=\"lazy\" decoding=\"async\" class=\"aligncenter wp-image-5480 size-full\" src=\"https:\/\/chartedefontevraultprovidentialisme.files.wordpress.com\/2013\/08\/dsc05304.jpg\" alt=\"DSC05304\" width=\"1920\" height=\"1080\" \/><\/a>Ibidem<\/p>\n<p><a href=\"https:\/\/chartedefontevraultprovidentialisme.files.wordpress.com\/2013\/08\/dsc05328_2.jpg\"><img loading=\"lazy\" decoding=\"async\" class=\"aligncenter wp-image-5482 size-full\" src=\"https:\/\/chartedefontevraultprovidentialisme.files.wordpress.com\/2013\/08\/dsc05328_2.jpg\" alt=\"DSC05328_2\" width=\"1092\" height=\"993\" \/><\/a>Le past-Gouverneur (2006-2009) et\u00a0 organiste de la Charte de Fontevrault, Ir\u00e9ne Pincemaille.<\/p>\n","protected":false},"excerpt":{"rendered":"<p>L&#8217;ordonnance de la Charte Fr\u00e9d\u00e9ric Pachot\u00a0 pr\u00e9sentant aux p\u00e9lerins de la f\u00eate de la Saint Louis , l&#8217;\u00e9tendart\u00a0 d\u00e9ploy\u00e9 aux deux Saints Coeurs de la Charte. Monsieur l&#8217;Abb\u00e9 de Durat,&#8230; <a href=\"https:\/\/charte-fontevrault-providentialisme.fr\/index.php\/2013\/08\/29\/avec-la-charte-de-fontevrault-a-fontevraud-labbaye-il-etait-une-foi-compte-rendu-3-des-xxvi-emes-rencontres-2013-de-la-charte\/\">Cliquez pour lire davantage &raquo;<\/a><\/p>\n","protected":false},"author":2,"featured_media":0,"comment_status":"open","ping_status":"open","sticky":false,"template":"","format":"standard","meta":{"footnotes":""},"categories":[12],"tags":[453,6134,6676,7660,11889,16127,17719,17844,22174],"class_list":["post-5475","post","type-post","status-publish","format-standard","hentry","category-blogs-et-sites-providentialistes","tag-abbe-jehan-de-durat-f-aumonier-general-de-la-charte-de-fontevrault","tag-eglise-paroissiale-saint-michel-de-fontevraud","tag-etendart-de-la-charte-de-fontevrault","tag-frederic-pachot","tag-irene-pincemaille","tag-messe-de-la-saint-louis","tag-ordonnance-de-la-charte-de-fontevrault","tag-organiste-de-la-charte-de-fontevrault","tag-rencontres-de-fontevrault"],"_links":{"self":[{"href":"https:\/\/charte-fontevrault-providentialisme.fr\/index.php\/wp-json\/wp\/v2\/posts\/5475","targetHints":{"allow":["GET"]}}],"collection":[{"href":"https:\/\/charte-fontevrault-providentialisme.fr\/index.php\/wp-json\/wp\/v2\/posts"}],"about":[{"href":"https:\/\/charte-fontevrault-providentialisme.fr\/index.php\/wp-json\/wp\/v2\/types\/post"}],"author":[{"embeddable":true,"href":"https:\/\/charte-fontevrault-providentialisme.fr\/index.php\/wp-json\/wp\/v2\/users\/2"}],"replies":[{"embeddable":true,"href":"https:\/\/charte-fontevrault-providentialisme.fr\/index.php\/wp-json\/wp\/v2\/comments?post=5475"}],"version-history":[{"count":0,"href":"https:\/\/charte-fontevrault-providentialisme.fr\/index.php\/wp-json\/wp\/v2\/posts\/5475\/revisions"}],"wp:attachment":[{"href":"https:\/\/charte-fontevrault-providentialisme.fr\/index.php\/wp-json\/wp\/v2\/media?parent=5475"}],"wp:term":[{"taxonomy":"category","embeddable":true,"href":"https:\/\/charte-fontevrault-providentialisme.fr\/index.php\/wp-json\/wp\/v2\/categories?post=5475"},{"taxonomy":"post_tag","embeddable":true,"href":"https:\/\/charte-fontevrault-providentialisme.fr\/index.php\/wp-json\/wp\/v2\/tags?post=5475"}],"curies":[{"name":"wp","href":"https:\/\/api.w.org\/{rel}","templated":true}]}}