{"id":54850,"date":"2023-09-06T10:32:50","date_gmt":"2023-09-06T08:32:50","guid":{"rendered":"https:\/\/charte-fontevrault-providentialisme.fr\/?p=54850"},"modified":"2023-10-10T08:49:40","modified_gmt":"2023-10-10T06:49:40","slug":"septembre-a-d-2023-pourquoi-sommes-nous-sous-la-v-eme-republique","status":"publish","type":"post","link":"https:\/\/charte-fontevrault-providentialisme.fr\/index.php\/2023\/09\/06\/septembre-a-d-2023-pourquoi-sommes-nous-sous-la-v-eme-republique\/","title":{"rendered":"(2) Histoire des R\u00e9publiques. Pourquoi sommes nous sous la V \u00e9me r\u00e9publique?"},"content":{"rendered":"<p><span style=\"font-size: 12pt; color: #008000;\">Pourquoi sommes-nous sous la 5\u00e8me r\u00e9publique ?<\/span><\/p>\n<p><span style=\"font-size: 12pt; color: #008000;\">Nous sommes sous la cinqui\u00e8me r\u00e9publique car il s&#8217;agit de la cinqui\u00e8me Constitution fran\u00e7aise\u00a0 r\u00e9publicaine qui a \u00e9t\u00e9 \u00e9crite et valid\u00e9e par le peuple fran\u00e7ais dans son histoire.<\/span><\/p>\n<p><span style=\"font-size: 12pt; color: #008000;\"><strong><span style=\"color: #800080;\">La premi\u00e8re R\u00e9publique f\u00fbt instaur\u00e9e en 1792<\/span><\/strong>, \u00e0 la suite de la R\u00e9volution Fran\u00e7aise de 1789 et de l&#8217;ex\u00e9cution du Roi de France Louis XVI. A noter que ce laps de temps entre 1789 et 1792 est d\u00fb \u00e0 l&#8217;existence d&#8217;une p\u00e9riode o\u00f9 le peuple fran\u00e7ais essayait de constituer une monarchie parlementaire, \u00e0 l&#8217;instar de l&#8217;Angleterre.<\/span><\/p>\n<p><strong><span style=\"font-size: 12pt; color: #008000;\">La premi\u00e8re R\u00e9publique Fran\u00e7aise prit fin en 1799, par le coup d&#8217;Etat de Napol\u00e9on Bonaparte le 9 et 10 Novembre 1799.<\/span><\/strong><\/p>\n<p><span style=\"font-size: 12pt; color: #008000;\">Apr\u00e8s la p\u00e9riode Napol\u00e9onienne (1800-1814), la Restauration (1814-1830) et la Monarchie de Juillet (1830-1848), <\/span><\/p>\n<p><span style=\"font-size: 12pt; color: #008000;\"><span style=\"color: #800080;\"><strong>la\u00a0 Seconde *(Deuxi\u00e8me)\u00a0 R\u00e9publique est proclam\u00e9e le 25 f\u00e9vrier 1848,<\/strong><\/span> qui proclame le suffrage universel et certaines libert\u00e9s fondamentales (libert\u00e9 de r\u00e9union, libert\u00e9 de la presse, enseignement primaire gratuit et obligatoire,.)<\/span><br \/>\n<strong><span style=\"font-size: 12pt; color: #008000;\">Elle est renvers\u00e9e le 2 D\u00e9cembre 1851 par le coup d&#8217;Etat de Louis-Napol\u00e9on Bonaparte, \u00e9lu pr\u00e9sident de la R\u00e9publique le 10 D\u00e9cembre 1848 par suffrage universel.<\/span><\/strong><\/p>\n<ul>\n<li><span style=\"color: #339966;\">Ainsi nomm\u00e9e parce que l&#8217;on croyait\u00a0 qu&#8217;li n&#8217;y aurait jamais de III \u00e9me r\u00e9publique.<\/span><\/li>\n<\/ul>\n<p><span style=\"font-size: 12pt; color: #008000;\">Louis-Napol\u00e9on Bonaparte instaure le Second Empire (1852-1870) et prend alors le nom de Napol\u00e9on III<\/span><\/p>\n<p><span style=\"font-size: 12pt; color: #800080;\">4 Septembre 1870: L&#8217;Assembl\u00e9e proclame la d\u00e9ch\u00e9ance de Napol\u00e9on III et proclame la<strong> III e R\u00e9publique.<\/strong><\/span><\/p>\n<p><strong><span style=\"font-size: 12pt; color: #008000;\">10 Juillet 1940: En pleine d\u00e9bacle, le Parlement vote et donne les pleins pouvoirs au Mar\u00e9chal P\u00e9tain, ancien h\u00e9ros de la Premi\u00e8re Guerre Mondiale, qui devient chef de l&#8217;Etat. P\u00e9tain instaurera la collaboration avec l&#8217;Allemagne Nazie.<\/span><\/strong><\/p>\n<p><span style=\"font-size: 12pt; color: #008000;\">A la lib\u00e9ration de 1944 suivra un gouvernement provisoire avec pour chef de gouvernement le h\u00e9ros de la R\u00e9sistance fran\u00e7aise, le G\u00e9n\u00e9ral De Gaulle.<\/span><\/p>\n<p><span style=\"font-size: 12pt; color: #008000;\">20 Janvier 1946: De Gaulle d\u00e9missionne suite \u00e0 un d\u00e9saccord sur la future constitution de la IVe R\u00e9publique fran\u00e7aise.<\/span><\/p>\n<p><strong><span style=\"font-size: 12pt; color: #800080;\">13 Octobre 1946: Instauration de la IVe R\u00e9publique Fran\u00e7aise par l&#8217;Assembl\u00e9e Constituante.<\/span><\/strong><\/p>\n<p><span style=\"font-size: 12pt; color: #008000;\">21 Mai 1957: L&#8217;Assembl\u00e9e vote une \u00e9ni\u00e8me chute du gouvernement.<\/span><\/p>\n<p><span style=\"font-size: 12pt; color: #008000;\">1er Juin 1958: De Gaulle nomm\u00e9 \u00e0 la pr\u00e9sidence du Conseil par l&#8217;Assembl\u00e9e et promet une nouvelle constitution.<\/span><\/p>\n<p><span style=\"font-size: 12pt; color: #008000;\"><strong><span style=\"color: #800080;\">4 Octobre 1958: instauration de la cinqui\u00e8me R\u00e9publique Fran\u00e7aise.<\/span><\/strong> De Gaulle devient le premier pr\u00e9sident de la Cinqui\u00e8me R\u00e9publique Fran\u00e7aise.<\/span><\/p>\n<p><strong><span style=\"font-size: 12pt; color: #3366ff;\">https:\/\/www.pourquois.com\/histoire_geo\/pourquoi-sommes-nous-sous-5eme-republique.html<\/span><\/strong><\/p>\n<p><span style=\"color: #993300;\"><strong>Dans la m\u00eame collection , voir :\u00a0<\/strong> \u00a0 \u00a0 \u00a0 \u00a0 \u00a0 \u00a0 \u00a0 \u00a0 \u00a0 \u00a0 \u00a0 \u00a0 \u00a0 \u00a0 \u00a0 \u00a0 \u00a0 \u00a0 \u00a0 \u00a0 \u00a0 \u00a0 \u00a0 \u00a0 \u00a0 \u00a0 \u00a0 \u00a0 \u00a0 \u00a0 \u00a0 \u00a0 \u00a0 \u00a0 \u00a0 \u00a0 \u00a0 \u00a0 \u00a0 \u00a0 \u00a0 \u00a0 \u00a0 \u00a0 \u00a0 \u00a0 \u00a0 \u00a0 <\/span><span style=\"color: #3366ff;\"><span class=\"Apple-converted-space\">\u00a0<\/span>https:\/\/charte-fontevrault-providentialisme.fr\/index.php\/2023\/09\/04\/4-septembre-1870-la-charte-de-fontevrault-inaugure-une-histoire-des-republiques\/<\/span><\/p>\n","protected":false},"excerpt":{"rendered":"<p>Pourquoi sommes-nous sous la 5\u00e8me r\u00e9publique ? Nous sommes sous la cinqui\u00e8me r\u00e9publique car il s&#8217;agit de la cinqui\u00e8me Constitution fran\u00e7aise\u00a0 r\u00e9publicaine qui a \u00e9t\u00e9 \u00e9crite et valid\u00e9e par le&#8230; <a href=\"https:\/\/charte-fontevrault-providentialisme.fr\/index.php\/2023\/09\/06\/septembre-a-d-2023-pourquoi-sommes-nous-sous-la-v-eme-republique\/\">Cliquez pour lire davantage &raquo;<\/a><\/p>\n","protected":false},"author":2,"featured_media":0,"comment_status":"open","ping_status":"open","sticky":false,"template":"","format":"standard","meta":{"footnotes":""},"categories":[21],"tags":[33520,11615,11637,11971,31933,29296],"class_list":["post-54850","post","type-post","status-publish","format-standard","hentry","category-limites-de-la-republique","tag-histoire-des-republiques","tag-iere-republique","tag-iii-eme-republique","tag-iv-eme-republique","tag-seconde-republique","tag-v-eme-republique"],"_links":{"self":[{"href":"https:\/\/charte-fontevrault-providentialisme.fr\/index.php\/wp-json\/wp\/v2\/posts\/54850","targetHints":{"allow":["GET"]}}],"collection":[{"href":"https:\/\/charte-fontevrault-providentialisme.fr\/index.php\/wp-json\/wp\/v2\/posts"}],"about":[{"href":"https:\/\/charte-fontevrault-providentialisme.fr\/index.php\/wp-json\/wp\/v2\/types\/post"}],"author":[{"embeddable":true,"href":"https:\/\/charte-fontevrault-providentialisme.fr\/index.php\/wp-json\/wp\/v2\/users\/2"}],"replies":[{"embeddable":true,"href":"https:\/\/charte-fontevrault-providentialisme.fr\/index.php\/wp-json\/wp\/v2\/comments?post=54850"}],"version-history":[{"count":9,"href":"https:\/\/charte-fontevrault-providentialisme.fr\/index.php\/wp-json\/wp\/v2\/posts\/54850\/revisions"}],"predecessor-version":[{"id":55344,"href":"https:\/\/charte-fontevrault-providentialisme.fr\/index.php\/wp-json\/wp\/v2\/posts\/54850\/revisions\/55344"}],"wp:attachment":[{"href":"https:\/\/charte-fontevrault-providentialisme.fr\/index.php\/wp-json\/wp\/v2\/media?parent=54850"}],"wp:term":[{"taxonomy":"category","embeddable":true,"href":"https:\/\/charte-fontevrault-providentialisme.fr\/index.php\/wp-json\/wp\/v2\/categories?post=54850"},{"taxonomy":"post_tag","embeddable":true,"href":"https:\/\/charte-fontevrault-providentialisme.fr\/index.php\/wp-json\/wp\/v2\/tags?post=54850"}],"curies":[{"name":"wp","href":"https:\/\/api.w.org\/{rel}","templated":true}]}}