{"id":55156,"date":"2023-09-25T10:35:26","date_gmt":"2023-09-25T08:35:26","guid":{"rendered":"https:\/\/charte-fontevrault-providentialisme.fr\/?p=55156"},"modified":"2023-09-25T11:01:25","modified_gmt":"2023-09-25T09:01:25","slug":"migrants-et-refugies-les-papes-jean-paul-ii-francois-se-suivent-mais-ne-se-ressemblent-pas","status":"publish","type":"post","link":"https:\/\/charte-fontevrault-providentialisme.fr\/index.php\/2023\/09\/25\/migrants-et-refugies-les-papes-jean-paul-ii-francois-se-suivent-mais-ne-se-ressemblent-pas\/","title":{"rendered":"Migrants et r\u00e9fugi\u00e9s. Les  Papes ( Jean Paul II , Fran\u00e7ois) se suivent mais ne se ressemblent pas)"},"content":{"rendered":"<p><img loading=\"lazy\" decoding=\"async\" class=\"aligncenter wp-image-55157 size-large\" src=\"https:\/\/charte-fontevrault-providentialisme.fr\/wp-content\/uploads\/2023\/09\/Capture-decran-2023-09-25-a-08.41.54-1024x922.png\" alt=\"\" width=\"625\" height=\"563\" srcset=\"https:\/\/charte-fontevrault-providentialisme.fr\/wp-content\/uploads\/2023\/09\/Capture-decran-2023-09-25-a-08.41.54-1024x922.png 1024w, https:\/\/charte-fontevrault-providentialisme.fr\/wp-content\/uploads\/2023\/09\/Capture-decran-2023-09-25-a-08.41.54-300x270.png 300w, https:\/\/charte-fontevrault-providentialisme.fr\/wp-content\/uploads\/2023\/09\/Capture-decran-2023-09-25-a-08.41.54-768x692.png 768w, https:\/\/charte-fontevrault-providentialisme.fr\/wp-content\/uploads\/2023\/09\/Capture-decran-2023-09-25-a-08.41.54-624x562.png 624w, https:\/\/charte-fontevrault-providentialisme.fr\/wp-content\/uploads\/2023\/09\/Capture-decran-2023-09-25-a-08.41.54-1320x1189.png 1320w, https:\/\/charte-fontevrault-providentialisme.fr\/wp-content\/uploads\/2023\/09\/Capture-decran-2023-09-25-a-08.41.54.png 1528w\" sizes=\"auto, (max-width: 625px) 100vw, 625px\" \/><\/p>\n<h1 class=\"entry-title\"><strong><span style=\"font-size: 14pt;\">VOIR:<\/span><\/strong><span style=\"color: #0000ff;\"><strong><span style=\"font-size: 12pt;\">\u00a0 https:\/\/fr.zenit.org\/2003\/12\/23\/jean-paul-ii-defend-aussi-le-droit-des-refugies-a-ne-pas-emigrer<\/span><\/strong>\/<\/span><\/h1>\n","protected":false},"excerpt":{"rendered":"<p>VOIR:\u00a0 https:\/\/fr.zenit.org\/2003\/12\/23\/jean-paul-ii-defend-aussi-le-droit-des-refugies-a-ne-pas-emigrer\/<\/p>\n","protected":false},"author":2,"featured_media":0,"comment_status":"open","ping_status":"open","sticky":false,"template":"","format":"standard","meta":{"footnotes":""},"categories":[30912],"tags":[33580,33581,33172,31055],"class_list":["post-55156","post","type-post","status-publish","format-standard","hentry","category-action-catholique","tag-https-fr-zenit-org","tag-migrants-et-refugies","tag-pape-francois-1-er-2013-1936","tag-pape-jean-paul-ii-1920-2005"],"_links":{"self":[{"href":"https:\/\/charte-fontevrault-providentialisme.fr\/index.php\/wp-json\/wp\/v2\/posts\/55156","targetHints":{"allow":["GET"]}}],"collection":[{"href":"https:\/\/charte-fontevrault-providentialisme.fr\/index.php\/wp-json\/wp\/v2\/posts"}],"about":[{"href":"https:\/\/charte-fontevrault-providentialisme.fr\/index.php\/wp-json\/wp\/v2\/types\/post"}],"author":[{"embeddable":true,"href":"https:\/\/charte-fontevrault-providentialisme.fr\/index.php\/wp-json\/wp\/v2\/users\/2"}],"replies":[{"embeddable":true,"href":"https:\/\/charte-fontevrault-providentialisme.fr\/index.php\/wp-json\/wp\/v2\/comments?post=55156"}],"version-history":[{"count":1,"href":"https:\/\/charte-fontevrault-providentialisme.fr\/index.php\/wp-json\/wp\/v2\/posts\/55156\/revisions"}],"predecessor-version":[{"id":55158,"href":"https:\/\/charte-fontevrault-providentialisme.fr\/index.php\/wp-json\/wp\/v2\/posts\/55156\/revisions\/55158"}],"wp:attachment":[{"href":"https:\/\/charte-fontevrault-providentialisme.fr\/index.php\/wp-json\/wp\/v2\/media?parent=55156"}],"wp:term":[{"taxonomy":"category","embeddable":true,"href":"https:\/\/charte-fontevrault-providentialisme.fr\/index.php\/wp-json\/wp\/v2\/categories?post=55156"},{"taxonomy":"post_tag","embeddable":true,"href":"https:\/\/charte-fontevrault-providentialisme.fr\/index.php\/wp-json\/wp\/v2\/tags?post=55156"}],"curies":[{"name":"wp","href":"https:\/\/api.w.org\/{rel}","templated":true}]}}