{"id":5692,"date":"2014-09-12T07:41:57","date_gmt":"2014-09-12T07:41:57","guid":{"rendered":"http:\/\/chartedefontevraultprovidentialisme.wordpress.com\/?p=5692"},"modified":"2014-09-12T07:41:57","modified_gmt":"2014-09-12T07:41:57","slug":"francois-ier-la-renaissance-normal-ier-la-decadence","status":"publish","type":"post","link":"https:\/\/charte-fontevrault-providentialisme.fr\/index.php\/2014\/09\/12\/francois-ier-la-renaissance-normal-ier-la-decadence\/","title":{"rendered":"Fran\u00e7ois Ier ; La renaissance. Normal Ier; la d\u00e9cadence."},"content":{"rendered":"<p>Fran\u00e7ois 1er<\/p>\n<p>12 septembre 1494 \u00e0 Cognac &#8211; 31 mars 1547 \u00e0 Rambouillet<\/p>\n<p>Fran\u00e7ois, comte d&#8217;Angoul\u00eame, devient roi de France le 1er janvier 1515, sous le nom de Fran\u00e7ois 1er. Le lendemain de ses 21 ans, il remporte sur les Suisses la bataille de Marignan. La suite de ses aventures italiennes est moins glorieuse et lui vaut une humiliante capture \u00e0 Pavie.<\/p>\n<p>Peu affect\u00e9 par ses d\u00e9boires militaires, Fran\u00e7ois 1er d\u00e9veloppe une vie de cour brillante, inspir\u00e9e des fastes de l&#8217;Italie. Sous son r\u00e8gne s&#8217;\u00e9panouit la premi\u00e8re Renaissance fran\u00e7aise&#8230;<\/p>\n<p><a href=\"https:\/\/www.facebook.com\/groups\/lalicornetlelys\/permalink\/822606664436349\/\">https:\/\/www.facebook.com\/groups\/lalicornetlelys\/permalink\/822606664436349\/<\/a><\/p>\n<p>&nbsp;<\/p>\n","protected":false},"excerpt":{"rendered":"<p>Fran\u00e7ois 1er 12 septembre 1494 \u00e0 Cognac &#8211; 31 mars 1547 \u00e0 Rambouillet Fran\u00e7ois, comte d&#8217;Angoul\u00eame, devient roi de France le 1er janvier 1515, sous le nom de Fran\u00e7ois 1er&#8230;. <a href=\"https:\/\/charte-fontevrault-providentialisme.fr\/index.php\/2014\/09\/12\/francois-ier-la-renaissance-normal-ier-la-decadence\/\">Cliquez pour lire davantage &raquo;<\/a><\/p>\n","protected":false},"author":2,"featured_media":0,"comment_status":"open","ping_status":"open","sticky":false,"template":"","format":"standard","meta":{"footnotes":""},"categories":[4,22],"tags":[7348,7399,22093],"class_list":["post-5692","post","type-post","status-publish","format-standard","hentry","category-action-royaliste","category-rois-et-reines-de-france","tag-francois-1er","tag-francois-hollande","tag-renaissance"],"_links":{"self":[{"href":"https:\/\/charte-fontevrault-providentialisme.fr\/index.php\/wp-json\/wp\/v2\/posts\/5692","targetHints":{"allow":["GET"]}}],"collection":[{"href":"https:\/\/charte-fontevrault-providentialisme.fr\/index.php\/wp-json\/wp\/v2\/posts"}],"about":[{"href":"https:\/\/charte-fontevrault-providentialisme.fr\/index.php\/wp-json\/wp\/v2\/types\/post"}],"author":[{"embeddable":true,"href":"https:\/\/charte-fontevrault-providentialisme.fr\/index.php\/wp-json\/wp\/v2\/users\/2"}],"replies":[{"embeddable":true,"href":"https:\/\/charte-fontevrault-providentialisme.fr\/index.php\/wp-json\/wp\/v2\/comments?post=5692"}],"version-history":[{"count":0,"href":"https:\/\/charte-fontevrault-providentialisme.fr\/index.php\/wp-json\/wp\/v2\/posts\/5692\/revisions"}],"wp:attachment":[{"href":"https:\/\/charte-fontevrault-providentialisme.fr\/index.php\/wp-json\/wp\/v2\/media?parent=5692"}],"wp:term":[{"taxonomy":"category","embeddable":true,"href":"https:\/\/charte-fontevrault-providentialisme.fr\/index.php\/wp-json\/wp\/v2\/categories?post=5692"},{"taxonomy":"post_tag","embeddable":true,"href":"https:\/\/charte-fontevrault-providentialisme.fr\/index.php\/wp-json\/wp\/v2\/tags?post=5692"}],"curies":[{"name":"wp","href":"https:\/\/api.w.org\/{rel}","templated":true}]}}