{"id":57474,"date":"2024-02-05T10:32:54","date_gmt":"2024-02-05T09:32:54","guid":{"rendered":"https:\/\/charte-fontevrault-providentialisme.fr\/?p=57474"},"modified":"2024-02-05T10:06:32","modified_gmt":"2024-02-05T09:06:32","slug":"un-bon-debut-la-republique-francaise-se-passe-tres-bien-dun-certain-nombre-de-ministres-alors-si-lon-continuait","status":"publish","type":"post","link":"https:\/\/charte-fontevrault-providentialisme.fr\/index.php\/2024\/02\/05\/un-bon-debut-la-republique-francaise-se-passe-tres-bien-dun-certain-nombre-de-ministres-alors-si-lon-continuait\/","title":{"rendered":"Un bon d\u00e9but ! La  R\u00e9publique fran\u00e7aise se passe tr\u00e9s bien  d&#8217;un certain nombre de ministres. Alors si l&#8217;on continuait ? Que pourrait-on supprimer aussi&#8230;"},"content":{"rendered":"<p><span style=\"font-size: 12pt; color: #008000;\">\u00a0 \u00a0 \u00a0 Composition du Gouvernement (14 membres)\u00a0 \u00a0(D\u00e9cr\u00eat du 11 janvier 2024) <\/span><a href=\"https:\/\/www.gouvernement.fr\/composition-du-gouvernement\">https:\/\/www.gouvernement.fr\/composition-du-gouvernemen<span style=\"font-size: 12pt;\">t<\/span><\/a><\/p>\n<div id=\"attachment_57482\" style=\"width: 635px\" class=\"wp-caption alignright\"><img loading=\"lazy\" decoding=\"async\" aria-describedby=\"caption-attachment-57482\" class=\"wp-image-57482 size-large\" src=\"https:\/\/charte-fontevrault-providentialisme.fr\/wp-content\/uploads\/2024\/02\/Capture-decran-2024-02-05-a-10.00.32-1024x546.png\" alt=\"\" width=\"625\" height=\"333\" srcset=\"https:\/\/charte-fontevrault-providentialisme.fr\/wp-content\/uploads\/2024\/02\/Capture-decran-2024-02-05-a-10.00.32-1024x546.png 1024w, https:\/\/charte-fontevrault-providentialisme.fr\/wp-content\/uploads\/2024\/02\/Capture-decran-2024-02-05-a-10.00.32-300x160.png 300w, https:\/\/charte-fontevrault-providentialisme.fr\/wp-content\/uploads\/2024\/02\/Capture-decran-2024-02-05-a-10.00.32-768x409.png 768w, https:\/\/charte-fontevrault-providentialisme.fr\/wp-content\/uploads\/2024\/02\/Capture-decran-2024-02-05-a-10.00.32-624x332.png 624w, https:\/\/charte-fontevrault-providentialisme.fr\/wp-content\/uploads\/2024\/02\/Capture-decran-2024-02-05-a-10.00.32.png 1280w\" sizes=\"auto, (max-width: 625px) 100vw, 625px\" \/><p id=\"caption-attachment-57482\" class=\"wp-caption-text\"><a href=\"https:\/\/www.europe1.fr\/politique\/gouvernement-attal-decouvrez-la-liste-des-ministres-nommes-avec-les-nouveaux-entrants-4224621\"><span style=\"font-size: 12pt;\">https:\/\/www.europe1.fr\/politique\/gouvernement-attal-decouvrez-la-liste-des-ministres-nommes-avec-les-nouveaux-entrants-4224621<\/span><\/a><\/p><\/div>\n<p><span style=\"font-size: 12pt; color: #008000;\">\u00a0 \u00a0 \u00a0 <strong>Le nombre total de ministres<\/strong> est drastiquement r\u00e9duit, <strong>passant de 42 \u00e0 14,<\/strong> ce qui en fait le gouvernement le plus petit de la <abbr class=\"abbr\" title=\"Cinqui\u00e8me\">V<sup>e<\/sup><\/abbr> R\u00e9publique.<strong> L\u2019\u00c9lys\u00e9e explique cette r\u00e9duction par une recherche d&#8217;efficacit\u00e9 et d&#8217;agilit\u00e9.<\/strong><\/span><\/p>\n<p><span style=\"font-size: 12pt; color: #008000;\"><a href=\"https:\/\/fr.wikipedia.org\/wiki\/Gouvernement_Gabriel_Attal#:~:text=Le%20gouvernement%20Gabriel%20Attal%20est,de%20la%20Ve%20R%C3%A9publique\">https:\/\/fr.wikipedia.org\/wiki\/Gouvernement_Gabriel_Attal#:~:text=Le%20gouvernement%20Gabriel%20Attal%20est,de%20la%20Ve%20R%C3%A9publique<\/a>.<\/span><\/p>\n","protected":false},"excerpt":{"rendered":"<p>\u00a0 \u00a0 \u00a0 Composition du Gouvernement (14 membres)\u00a0 \u00a0(D\u00e9cr\u00eat du 11 janvier 2024) https:\/\/www.gouvernement.fr\/composition-du-gouvernement \u00a0 \u00a0 \u00a0 Le nombre total de ministres est drastiquement r\u00e9duit, passant de 42 \u00e0 14,&#8230; <a href=\"https:\/\/charte-fontevrault-providentialisme.fr\/index.php\/2024\/02\/05\/un-bon-debut-la-republique-francaise-se-passe-tres-bien-dun-certain-nombre-de-ministres-alors-si-lon-continuait\/\">Cliquez pour lire davantage &raquo;<\/a><\/p>\n","protected":false},"author":2,"featured_media":0,"comment_status":"open","ping_status":"open","sticky":false,"template":"","format":"standard","meta":{"footnotes":""},"categories":[21,1],"tags":[6487,34006,11018,33514,33645],"class_list":["post-57474","post","type-post","status-publish","format-standard","hentry","category-limites-de-la-republique","category-non-classe","tag-encyclopedie-wikipedia","tag-gouvernement-gabriel-attal-1989-2024","tag-https-www-europe1-fr","tag-https-www-gouvernement-fr","tag-president-de-la-republique-francaise-e-macron1977-2017"],"_links":{"self":[{"href":"https:\/\/charte-fontevrault-providentialisme.fr\/index.php\/wp-json\/wp\/v2\/posts\/57474","targetHints":{"allow":["GET"]}}],"collection":[{"href":"https:\/\/charte-fontevrault-providentialisme.fr\/index.php\/wp-json\/wp\/v2\/posts"}],"about":[{"href":"https:\/\/charte-fontevrault-providentialisme.fr\/index.php\/wp-json\/wp\/v2\/types\/post"}],"author":[{"embeddable":true,"href":"https:\/\/charte-fontevrault-providentialisme.fr\/index.php\/wp-json\/wp\/v2\/users\/2"}],"replies":[{"embeddable":true,"href":"https:\/\/charte-fontevrault-providentialisme.fr\/index.php\/wp-json\/wp\/v2\/comments?post=57474"}],"version-history":[{"count":9,"href":"https:\/\/charte-fontevrault-providentialisme.fr\/index.php\/wp-json\/wp\/v2\/posts\/57474\/revisions"}],"predecessor-version":[{"id":57484,"href":"https:\/\/charte-fontevrault-providentialisme.fr\/index.php\/wp-json\/wp\/v2\/posts\/57474\/revisions\/57484"}],"wp:attachment":[{"href":"https:\/\/charte-fontevrault-providentialisme.fr\/index.php\/wp-json\/wp\/v2\/media?parent=57474"}],"wp:term":[{"taxonomy":"category","embeddable":true,"href":"https:\/\/charte-fontevrault-providentialisme.fr\/index.php\/wp-json\/wp\/v2\/categories?post=57474"},{"taxonomy":"post_tag","embeddable":true,"href":"https:\/\/charte-fontevrault-providentialisme.fr\/index.php\/wp-json\/wp\/v2\/tags?post=57474"}],"curies":[{"name":"wp","href":"https:\/\/api.w.org\/{rel}","templated":true}]}}