{"id":57493,"date":"2024-02-06T15:00:42","date_gmt":"2024-02-06T14:00:42","guid":{"rendered":"https:\/\/charte-fontevrault-providentialisme.fr\/?p=57493"},"modified":"2024-02-08T13:29:45","modified_gmt":"2024-02-08T12:29:45","slug":"57493","status":"publish","type":"post","link":"https:\/\/charte-fontevrault-providentialisme.fr\/index.php\/2024\/02\/06\/57493\/","title":{"rendered":"D\u00e9couvrez la Lettre de &#8220;V\u00e9rit\u00e9 pour la Vend\u00e9e&#8221;et sa  qu\u00eate du M\u00e9moricide"},"content":{"rendered":"<p>&nbsp;<\/p>\n<div id=\"attachment_57491\" style=\"width: 635px\" class=\"wp-caption alignright\"><img loading=\"lazy\" decoding=\"async\" aria-describedby=\"caption-attachment-57491\" class=\"wp-image-57491 size-large\" src=\"https:\/\/charte-fontevrault-providentialisme.fr\/wp-content\/uploads\/2024\/02\/Capture-decran-2024-02-06-a-08.59.35-972x1024.png\" alt=\"\" width=\"625\" height=\"658\" srcset=\"https:\/\/charte-fontevrault-providentialisme.fr\/wp-content\/uploads\/2024\/02\/Capture-decran-2024-02-06-a-08.59.35-972x1024.png 972w, https:\/\/charte-fontevrault-providentialisme.fr\/wp-content\/uploads\/2024\/02\/Capture-decran-2024-02-06-a-08.59.35-285x300.png 285w, https:\/\/charte-fontevrault-providentialisme.fr\/wp-content\/uploads\/2024\/02\/Capture-decran-2024-02-06-a-08.59.35-768x809.png 768w, https:\/\/charte-fontevrault-providentialisme.fr\/wp-content\/uploads\/2024\/02\/Capture-decran-2024-02-06-a-08.59.35-1459x1536.png 1459w, https:\/\/charte-fontevrault-providentialisme.fr\/wp-content\/uploads\/2024\/02\/Capture-decran-2024-02-06-a-08.59.35-624x657.png 624w, https:\/\/charte-fontevrault-providentialisme.fr\/wp-content\/uploads\/2024\/02\/Capture-decran-2024-02-06-a-08.59.35-1320x1390.png 1320w, https:\/\/charte-fontevrault-providentialisme.fr\/wp-content\/uploads\/2024\/02\/Capture-decran-2024-02-06-a-08.59.35.png 1808w\" sizes=\"auto, (max-width: 625px) 100vw, 625px\" \/><p id=\"caption-attachment-57491\" class=\"wp-caption-text\">*****<span style=\"font-size: 12pt;\"><strong>\u00a0A suivre en s&#8217;dressant \u00e0 : Guy Francheteau<\/strong> abs :<\/span> <a href=\"http:\/\/verite.vende@mailo.com .\"><span style=\"font-size: 12pt;\">verite.vende@mailo.com . ****<\/span><\/a><\/p><\/div>\n","protected":false},"excerpt":{"rendered":"<p>&nbsp;<\/p>\n","protected":false},"author":2,"featured_media":0,"comment_status":"open","ping_status":"open","sticky":false,"template":"","format":"standard","meta":{"footnotes":""},"categories":[21],"tags":[1258,8626,16037],"class_list":["post-57493","post","type-post","status-publish","format-standard","hentry","category-limites-de-la-republique","tag-association-verite-pour-la-vendee","tag-guy-francheteau","tag-memoricide-vendeen"],"_links":{"self":[{"href":"https:\/\/charte-fontevrault-providentialisme.fr\/index.php\/wp-json\/wp\/v2\/posts\/57493","targetHints":{"allow":["GET"]}}],"collection":[{"href":"https:\/\/charte-fontevrault-providentialisme.fr\/index.php\/wp-json\/wp\/v2\/posts"}],"about":[{"href":"https:\/\/charte-fontevrault-providentialisme.fr\/index.php\/wp-json\/wp\/v2\/types\/post"}],"author":[{"embeddable":true,"href":"https:\/\/charte-fontevrault-providentialisme.fr\/index.php\/wp-json\/wp\/v2\/users\/2"}],"replies":[{"embeddable":true,"href":"https:\/\/charte-fontevrault-providentialisme.fr\/index.php\/wp-json\/wp\/v2\/comments?post=57493"}],"version-history":[{"count":5,"href":"https:\/\/charte-fontevrault-providentialisme.fr\/index.php\/wp-json\/wp\/v2\/posts\/57493\/revisions"}],"predecessor-version":[{"id":57542,"href":"https:\/\/charte-fontevrault-providentialisme.fr\/index.php\/wp-json\/wp\/v2\/posts\/57493\/revisions\/57542"}],"wp:attachment":[{"href":"https:\/\/charte-fontevrault-providentialisme.fr\/index.php\/wp-json\/wp\/v2\/media?parent=57493"}],"wp:term":[{"taxonomy":"category","embeddable":true,"href":"https:\/\/charte-fontevrault-providentialisme.fr\/index.php\/wp-json\/wp\/v2\/categories?post=57493"},{"taxonomy":"post_tag","embeddable":true,"href":"https:\/\/charte-fontevrault-providentialisme.fr\/index.php\/wp-json\/wp\/v2\/tags?post=57493"}],"curies":[{"name":"wp","href":"https:\/\/api.w.org\/{rel}","templated":true}]}}