{"id":57566,"date":"2024-02-10T16:30:17","date_gmt":"2024-02-10T15:30:17","guid":{"rendered":"https:\/\/charte-fontevrault-providentialisme.fr\/?p=57566"},"modified":"2024-02-10T16:28:45","modified_gmt":"2024-02-10T15:28:45","slug":"que-dieu-nous-donne-le-plus-tot-possible-un-roi-de-france-a-la-magnifique-famille","status":"publish","type":"post","link":"https:\/\/charte-fontevrault-providentialisme.fr\/index.php\/2024\/02\/10\/que-dieu-nous-donne-le-plus-tot-possible-un-roi-de-france-a-la-magnifique-famille\/","title":{"rendered":"Que Dieu nous donne le plus t\u00f4t possible un roi de France \u00e0 la magnifique famille."},"content":{"rendered":"<p><iframe loading=\"lazy\" title=\"Is very cool And beautiful\ud83d\udc96 #princess_leonor #leonor_de_borb\u00f3n\" width=\"625\" height=\"352\" src=\"https:\/\/www.youtube.com\/embed\/7eRvOXqbRXE?feature=oembed\" frameborder=\"0\" allow=\"accelerometer; autoplay; clipboard-write; encrypted-media; gyroscope; picture-in-picture; web-share\" referrerpolicy=\"strict-origin-when-cross-origin\" allowfullscreen><\/iframe><\/p>\n<p><span style=\"color: #ff6600;\">Merci \u00e0 Claudine Valenti, Secretaire g\u00e9n\u00e9rale de la Charte de Fontevrault, de ce magnifique emploi.<\/span><\/p>\n","protected":false},"excerpt":{"rendered":"<p>Merci \u00e0 Claudine Valenti, Secretaire g\u00e9n\u00e9rale de la Charte de Fontevrault, de ce magnifique emploi.<\/p>\n","protected":false},"author":2,"featured_media":0,"comment_status":"open","ping_status":"open","sticky":false,"template":"","format":"standard","meta":{"footnotes":""},"categories":[32761],"tags":[3377,34098],"class_list":["post-57566","post","type-post","status-publish","format-standard","hentry","category-royalismes-etrangers","tag-claudine-valenti-cja-f-h-secretaire-generale-de-la-charte-de-fontevrault","tag-infante-leonor-de-borbon-y-ortiz-2005"],"_links":{"self":[{"href":"https:\/\/charte-fontevrault-providentialisme.fr\/index.php\/wp-json\/wp\/v2\/posts\/57566","targetHints":{"allow":["GET"]}}],"collection":[{"href":"https:\/\/charte-fontevrault-providentialisme.fr\/index.php\/wp-json\/wp\/v2\/posts"}],"about":[{"href":"https:\/\/charte-fontevrault-providentialisme.fr\/index.php\/wp-json\/wp\/v2\/types\/post"}],"author":[{"embeddable":true,"href":"https:\/\/charte-fontevrault-providentialisme.fr\/index.php\/wp-json\/wp\/v2\/users\/2"}],"replies":[{"embeddable":true,"href":"https:\/\/charte-fontevrault-providentialisme.fr\/index.php\/wp-json\/wp\/v2\/comments?post=57566"}],"version-history":[{"count":1,"href":"https:\/\/charte-fontevrault-providentialisme.fr\/index.php\/wp-json\/wp\/v2\/posts\/57566\/revisions"}],"predecessor-version":[{"id":57567,"href":"https:\/\/charte-fontevrault-providentialisme.fr\/index.php\/wp-json\/wp\/v2\/posts\/57566\/revisions\/57567"}],"wp:attachment":[{"href":"https:\/\/charte-fontevrault-providentialisme.fr\/index.php\/wp-json\/wp\/v2\/media?parent=57566"}],"wp:term":[{"taxonomy":"category","embeddable":true,"href":"https:\/\/charte-fontevrault-providentialisme.fr\/index.php\/wp-json\/wp\/v2\/categories?post=57566"},{"taxonomy":"post_tag","embeddable":true,"href":"https:\/\/charte-fontevrault-providentialisme.fr\/index.php\/wp-json\/wp\/v2\/tags?post=57566"}],"curies":[{"name":"wp","href":"https:\/\/api.w.org\/{rel}","templated":true}]}}