{"id":57709,"date":"2024-02-21T15:00:26","date_gmt":"2024-02-21T14:00:26","guid":{"rendered":"https:\/\/charte-fontevrault-providentialisme.fr\/?p=57709"},"modified":"2024-02-21T09:36:56","modified_gmt":"2024-02-21T08:36:56","slug":"57709","status":"publish","type":"post","link":"https:\/\/charte-fontevrault-providentialisme.fr\/index.php\/2024\/02\/21\/57709\/","title":{"rendered":"Une Ecrivaine, journaliste tunisienne : &#8220;Il y a des jours o\u00f9 je regrette d&#8217;\u00eatre n\u00e9e arabe&#8221;"},"content":{"rendered":"<p><img loading=\"lazy\" decoding=\"async\" class=\"alignright size-full wp-image-57710\" src=\"https:\/\/charte-fontevrault-providentialisme.fr\/wp-content\/uploads\/2024\/02\/Capture-decran-2024-02-21-a-09.21.20.png\" alt=\"\" width=\"820\" height=\"550\" srcset=\"https:\/\/charte-fontevrault-providentialisme.fr\/wp-content\/uploads\/2024\/02\/Capture-decran-2024-02-21-a-09.21.20.png 820w, https:\/\/charte-fontevrault-providentialisme.fr\/wp-content\/uploads\/2024\/02\/Capture-decran-2024-02-21-a-09.21.20-300x201.png 300w, https:\/\/charte-fontevrault-providentialisme.fr\/wp-content\/uploads\/2024\/02\/Capture-decran-2024-02-21-a-09.21.20-768x515.png 768w, https:\/\/charte-fontevrault-providentialisme.fr\/wp-content\/uploads\/2024\/02\/Capture-decran-2024-02-21-a-09.21.20-624x419.png 624w\" sizes=\"auto, (max-width: 820px) 100vw, 820px\" \/><\/p>\n<p>&nbsp;<\/p>\n<p><span style=\"font-size: 12pt; color: #008000;\">Ecrivaine, journaliste tunisienne, docteur en litt\u00e9rature fran\u00e7aise et compar\u00e9e de la Sorbonne, a publi\u00e9 cet article ras-le-bol dans Jeune Afrique:<\/span><\/p>\n<p><span style=\"font-size: 12pt; color: #008000;\">&#8220;Il y a des jours o\u00f9 je regrette d&#8217;\u00eatre n\u00e9e arabe.Les jours o\u00f9 je me r\u00e9veille devant le spectacle de gueules hirsutes pr\u00eates \u00e0\u00a0massacrer au nom d&#8217;Allah et o\u00f9 je m&#8217;endors avec le bruit des explosions diffus\u00e9es sur fond de versets coraniques.<\/span><br \/>\n<span style=\"font-size: 12pt; color: #008000;\">\u2014 Les jours o\u00f9 je regarde les cadavres joncher les rues de Bagdad ou de Beyrouth par la faute des kamikazes; O\u00f9 des cheikhs manchots et aveugles s\u2019arrogent le droit d\u2019\u00e9mettre des fatwas parce qu\u2019ils sont pleins comme des outres de haine et de sang; o\u00f9 je vois des petites filles, les unes courir prot\u00e9ger de leur corps leur m\u00e8re qu\u2019on lapide, et les autres rev\u00eatir la robe de mari\u00e9e \u00e0 l\u2019\u00e2ge de 9 ans.\u2014 Et puis ces jours o\u00f9 j\u2019entends des mamans chr\u00e9tiennes confier en sanglotant que leur prog\u00e9niture convertie \u00e0 l\u2019islam refuse de les toucher sous pr\u00e9texte qu\u2019elles sont impures.<\/span><br \/>\n<span style=\"font-size: 12pt; color: #008000;\">\u2014Quand j\u2019entends pleurer ce p\u00e8re musulman parce qu\u2019il ne sait pas pourquoi son gar\u00e7on est all\u00e9 se faire tuer en Syrie.<\/span><br \/>\n<span style=\"font-size: 12pt; color: #008000;\">\u2014 \u00c0 l\u2019heure o\u00f9 celui-ci parade dans les faubourgs d\u2019Alep, kalachnikov en bandouli\u00e8re, en attendant de se repa\u00eetre d\u2019une gamine venue de la banlieue de Tunis ou de Londres, \u00e0 qui l\u2019on a fait croire que le viol est un laissez-passer pour le paradis.<\/span><br \/>\n<span style=\"font-size: 12pt; color: #008000;\">\u2014 Ces jours o\u00f9 je vois les Bill Gates d\u00e9penser leur argent pour les petits Africains et les Fran\u00e7ois Pinault pour les artistes de leur continent, tandis que les cheikhs du Golfe dilapident leur fortune dans les casinos et les maisons de charme (bordels) et qu\u2019il ne vient pas \u00e0 l\u2019id\u00e9e des nababs du Maghreb de penser au ch\u00f4meur qui cr\u00e8ve la faim, au po\u00e8te qui vit en clandestin, \u00e0 l\u2019artiste qui n\u2019a pas de quoi s\u2019acheter un pinceau.<\/span><br \/>\n<span style=\"font-size: 12pt; color: #008000;\">\u2014 Et tous ces croyants qui se prennent pour les inventeurs de la poudre alors qu\u2019ils ne savent pas nouer une cravate, et je ne parle pas de leur incapacit\u00e9 \u00e0 fabriquer une tablette ou une voiture.<\/span><br \/>\n<span style=\"font-size: 12pt; color: #008000;\">Les m\u00eames qui d\u00e9nombrent les miracles de la science dans le Coran et sont d\u00e9nu\u00e9s du plus petit savoir capable de faire reculer les maladies<\/span><br \/>\n<span style=\"font-size: 12pt; color: #008000;\">\u2014 Ces pr\u00eacheurs pleins d&#8217;arrogance qui vomissent l&#8217;Occident, bien qu&#8217;ils ne puissent se passer de ses portables, de ses m\u00e9dicaments, de ses progr\u00e8s en tous genres<\/span><br \/>\n<span style=\"font-size: 12pt; color: #008000;\">\u2014 Et la cacophonie de ces &#8220;r\u00e9volutions&#8221; qui tombent entre des mains obscurantistes comme le fruit de l&#8217;arbre.\u2014Ces islamistes qui parlent de d\u00e9mocratie et n&#8217;en croient pas un mot, qui clament le respect des femmes et les traitent en esclaves.<\/span><br \/>\n<span style=\"font-size: 12pt; color: #008000;\">\u2014 Et ces gourdes qui se voilent et se courbent au lieu de flairer le pi\u00e8ge, qui revendiquent le statut de co\u00e9pouse, de compl\u00e9mentaire, de moins que rien<\/span><br \/>\n<span style=\"font-size: 12pt; color: #008000;\">\u2014 Et ces &#8220;niqab\u00e9es&#8221; qui, en Europe, prennent un malin plaisir \u00e0 choquer le bon Gaulois ou le bon Belge comme si c\u2019\u00e9tait une prouesse de sortir en scaphandrier ! Comme si c\u2019\u00e9tait une mani\u00e8re de grandir l\u2019islam que de le pr\u00e9senter dans ses atours les plus r\u00e9trogrades.<\/span><\/p>\n<p><span style=\"font-size: 12pt; color: #008000;\">Ces jours, enfin, o\u00f9 je cherche le salut et ne le trouve nulle part, m\u00eame pas aupr\u00e8s d\u2019une \u00e9lite intellectuelle arabe qui s\u00e9vit sur les antennes et ignore le terrain, qui vitup\u00e8re le jour et finit dans les bars la nuit, qui parle principes et se vend pour une poign\u00e9e de dollars, qui fait du bruit et qui ne sert \u00e0 rien !<\/span><\/p>\n<p><span style=\"font-size: 12pt; color: #008000;\">Voil\u00e0, c&#8217;\u00e9tait mon quart d&#8217;heure de col\u00e8re contre les miens&#8230;<\/span><br \/>\n<span style=\"font-size: 12pt; color: #008000;\">Souhaitons que l&#8217;Occident ouvre les yeux&#8230;.&#8221;<\/span><\/p>\n<p><span style=\"color: #ff6600; font-size: 12pt;\">Fawzia Zouari\u00a0 \u00a0 \u00a0 \u00a0 \u00a0 \u00a0 \u00a0 \u00a0 \u00a0 \u00a0 \u00a0 \u00a0 \u00a0 \u00a0 \u00a0 \u00a0 \u00a0 \u00a0 \u00a0 \u00a0 \u00a0 \u00a0 \u00a0 \u00a0 \u00a0 \u00a0 <\/span><a href=\"https:\/\/www.jeuneafrique.com\/133421\/politique\/jour-de-col-re\/\"><span style=\"font-size: 12pt;\">https:\/\/www.jeuneafrique.com\/133421\/politique\/jour-de-col-<\/span>re\/<\/a><\/p>\n<p><span style=\"font-size: 12pt; color: #000000;\"><span style=\"color: #008000;\"><b>Fawzia Zouari<\/b> (<a style=\"color: #008000;\" title=\"Arabe\" href=\"https:\/\/fr.wikipedia.org\/wiki\/Arabe\">arabe<\/a>\u00a0: <span class=\"lang-ar\" dir=\"rtl\" lang=\"ar\">\u0641\u0648\u0632\u064a\u0629 \u0627\u0644\u0632\u0648\u0627\u0631\u064a<\/span>), n\u00e9e le <time class=\"nowrap bday\" datetime=\"1955-09-10\" data-sort-value=\"1955-09-10\">10 septembre 1955<\/time><sup id=\"cite_ref-1\" class=\"reference\"><\/sup> \u00e0 <a style=\"color: #008000;\" title=\"Dahmani\" href=\"https:\/\/fr.wikipedia.org\/wiki\/Dahmani\">Dahmani<\/a>(;Tunisie) est une <a style=\"color: #008000;\" title=\"Femme de lettres\" href=\"https:\/\/fr.wikipedia.org\/wiki\/Femme_de_lettres\">\u00e9crivaine<\/a> et <a style=\"color: #008000;\" title=\"Journaliste\" href=\"https:\/\/fr.wikipedia.org\/wiki\/Journaliste\">journaliste<\/a> <a style=\"color: #008000;\" title=\"France\" href=\"https:\/\/fr.wikipedia.org\/wiki\/France\">franco<\/a>&#8211;<a style=\"color: #008000;\" title=\"Tunisie\" href=\"https:\/\/fr.wikipedia.org\/wiki\/Tunisie\">tunisienne <\/a><\/span><span style=\"color: #008000;\">( Notice Wikip\u00e9dia)<\/span><\/span><\/p>\n<p>&nbsp;<\/p>\n<p>&nbsp;<\/p>\n","protected":false},"excerpt":{"rendered":"<p>&nbsp; Ecrivaine, journaliste tunisienne, docteur en litt\u00e9rature fran\u00e7aise et compar\u00e9e de la Sorbonne, a publi\u00e9 cet article ras-le-bol dans Jeune Afrique: &#8220;Il y a des jours o\u00f9 je regrette d&#8217;\u00eatre&#8230; <a href=\"https:\/\/charte-fontevrault-providentialisme.fr\/index.php\/2024\/02\/21\/57709\/\">Cliquez pour lire davantage &raquo;<\/a><\/p>\n","protected":false},"author":2,"featured_media":0,"comment_status":"open","ping_status":"open","sticky":false,"template":"","format":"standard","meta":{"footnotes":""},"categories":[1,26],"tags":[6487,34133,34134],"class_list":["post-57709","post","type-post","status-publish","format-standard","hentry","category-non-classe","category-societe-traditionnelle","tag-encyclopedie-wikipedia","tag-fawzia-zouari","tag-https-www-jeuneafrique-com-133421-politique-jour-de-col-re"],"_links":{"self":[{"href":"https:\/\/charte-fontevrault-providentialisme.fr\/index.php\/wp-json\/wp\/v2\/posts\/57709","targetHints":{"allow":["GET"]}}],"collection":[{"href":"https:\/\/charte-fontevrault-providentialisme.fr\/index.php\/wp-json\/wp\/v2\/posts"}],"about":[{"href":"https:\/\/charte-fontevrault-providentialisme.fr\/index.php\/wp-json\/wp\/v2\/types\/post"}],"author":[{"embeddable":true,"href":"https:\/\/charte-fontevrault-providentialisme.fr\/index.php\/wp-json\/wp\/v2\/users\/2"}],"replies":[{"embeddable":true,"href":"https:\/\/charte-fontevrault-providentialisme.fr\/index.php\/wp-json\/wp\/v2\/comments?post=57709"}],"version-history":[{"count":6,"href":"https:\/\/charte-fontevrault-providentialisme.fr\/index.php\/wp-json\/wp\/v2\/posts\/57709\/revisions"}],"predecessor-version":[{"id":57716,"href":"https:\/\/charte-fontevrault-providentialisme.fr\/index.php\/wp-json\/wp\/v2\/posts\/57709\/revisions\/57716"}],"wp:attachment":[{"href":"https:\/\/charte-fontevrault-providentialisme.fr\/index.php\/wp-json\/wp\/v2\/media?parent=57709"}],"wp:term":[{"taxonomy":"category","embeddable":true,"href":"https:\/\/charte-fontevrault-providentialisme.fr\/index.php\/wp-json\/wp\/v2\/categories?post=57709"},{"taxonomy":"post_tag","embeddable":true,"href":"https:\/\/charte-fontevrault-providentialisme.fr\/index.php\/wp-json\/wp\/v2\/tags?post=57709"}],"curies":[{"name":"wp","href":"https:\/\/api.w.org\/{rel}","templated":true}]}}