{"id":5776,"date":"2014-09-03T09:29:48","date_gmt":"2014-09-03T09:29:48","guid":{"rendered":"http:\/\/chartedefontevraultprovidentialisme.wordpress.com\/?p=5776"},"modified":"2014-09-03T09:29:48","modified_gmt":"2014-09-03T09:29:48","slug":"compte-rendu-3-des-rencontres-fontevristes-du-25-aout-2014","status":"publish","type":"post","link":"https:\/\/charte-fontevrault-providentialisme.fr\/index.php\/2014\/09\/03\/compte-rendu-3-des-rencontres-fontevristes-du-25-aout-2014\/","title":{"rendered":"Compte-rendu (3) des RENCONTRES FONTEVRISTES du 25 ao\u00fbt 2014."},"content":{"rendered":"<div id=\"attachment_5779\" style=\"width: 2570px\" class=\"wp-caption aligncenter\"><a href=\"http:\/\/chartedefontevraultprovidentialisme.files.wordpress.com\/2014\/09\/p1080810.jpg\"><img loading=\"lazy\" decoding=\"async\" aria-describedby=\"caption-attachment-5779\" class=\"wp-image-5779 size-full\" src=\"http:\/\/chartedefontevraultprovidentialisme.files.wordpress.com\/2014\/09\/p1080810.jpg\" alt=\"P1080810\" width=\"2560\" height=\"1920\" srcset=\"https:\/\/charte-fontevrault-providentialisme.fr\/wp-content\/uploads\/2014\/09\/p1080810.jpg 2560w, https:\/\/charte-fontevrault-providentialisme.fr\/wp-content\/uploads\/2014\/09\/p1080810-300x225.jpg 300w, https:\/\/charte-fontevrault-providentialisme.fr\/wp-content\/uploads\/2014\/09\/p1080810-1024x768.jpg 1024w, https:\/\/charte-fontevrault-providentialisme.fr\/wp-content\/uploads\/2014\/09\/p1080810-768x576.jpg 768w, https:\/\/charte-fontevrault-providentialisme.fr\/wp-content\/uploads\/2014\/09\/p1080810-1536x1152.jpg 1536w, https:\/\/charte-fontevrault-providentialisme.fr\/wp-content\/uploads\/2014\/09\/p1080810-2048x1536.jpg 2048w, https:\/\/charte-fontevrault-providentialisme.fr\/wp-content\/uploads\/2014\/09\/p1080810-624x468.jpg 624w, https:\/\/charte-fontevrault-providentialisme.fr\/wp-content\/uploads\/2014\/09\/p1080810-240x180.jpg 240w\" sizes=\"auto, (max-width: 2560px) 100vw, 2560px\" \/><\/a><p id=\"caption-attachment-5779\" class=\"wp-caption-text\">Lundi 25 ao\u00fbt 2014. 10H50 . Recueillement devant le monument aux morts de Fontevraud l&#8217;Abbaye (49500)<\/p><\/div>\n<p><span style=\"color:#008000;\">Vous identifierez\u00a0 facilement dans ce groupe\u00a0 en partie renouvell\u00e9 depuis l&#8217;ann\u00e9e derni\u00e8re :<\/span><\/p>\n<ul>\n<li><span style=\"color:#008000;\">Recueillie et les yeux pench\u00e9s; Madame Le DERFF , gouverneur en exercice (2012-2015) de la Charte de Fontevrault<\/span><\/li>\n<li><span style=\"color:#008000;\">\u00a0A ses c\u00f4t\u00e9s avec un imper\u00a0 couleur mastic, Claude LABALLE, Gouverneur nomm\u00e9 (2015-2018) de la Charte<\/span><\/li>\n<li><span style=\"color:#008000;\">\u00a0portant le drapeau, notre ordonnance Fr\u00e9d\u00e9ric PACHOT.<\/span><\/li>\n<li><span style=\"color:#008000;\">Alain TEXIER, CJA, rappelant le sacrifice de tant des\u00a0 h\u00e9ros et de saints: &#8220;<em>Celui qui croyait au Ciel et celui qui n&#8217;y croyait pas<\/em>&#8220;. Louis Aragon ( <em>La rose et le r\u00e9s\u00e9da<\/em>)<\/span>\n<div id=\"attachment_5778\" style=\"width: 2570px\" class=\"wp-caption aligncenter\"><a href=\"http:\/\/chartedefontevraultprovidentialisme.files.wordpress.com\/2014\/09\/p1080816.jpg\"><img loading=\"lazy\" decoding=\"async\" aria-describedby=\"caption-attachment-5778\" class=\"wp-image-5778 size-full\" src=\"http:\/\/chartedefontevraultprovidentialisme.files.wordpress.com\/2014\/09\/p1080816.jpg\" alt=\"P1080816\" width=\"2560\" height=\"1920\" srcset=\"https:\/\/charte-fontevrault-providentialisme.fr\/wp-content\/uploads\/2014\/09\/p1080816.jpg 2560w, https:\/\/charte-fontevrault-providentialisme.fr\/wp-content\/uploads\/2014\/09\/p1080816-300x225.jpg 300w, https:\/\/charte-fontevrault-providentialisme.fr\/wp-content\/uploads\/2014\/09\/p1080816-1024x768.jpg 1024w, https:\/\/charte-fontevrault-providentialisme.fr\/wp-content\/uploads\/2014\/09\/p1080816-768x576.jpg 768w, https:\/\/charte-fontevrault-providentialisme.fr\/wp-content\/uploads\/2014\/09\/p1080816-1536x1152.jpg 1536w, https:\/\/charte-fontevrault-providentialisme.fr\/wp-content\/uploads\/2014\/09\/p1080816-2048x1536.jpg 2048w, https:\/\/charte-fontevrault-providentialisme.fr\/wp-content\/uploads\/2014\/09\/p1080816-624x468.jpg 624w, https:\/\/charte-fontevrault-providentialisme.fr\/wp-content\/uploads\/2014\/09\/p1080816-240x180.jpg 240w\" sizes=\"auto, (max-width: 2560px) 100vw, 2560px\" \/><\/a><p id=\"caption-attachment-5778\" class=\"wp-caption-text\">Procession priante au drapeau dans l&#8217;All\u00e9e sainte Catherine conduisant \u00e0 l&#8217;\u00e9glise paroissiale Saint Michel de Fontevraud<\/p><\/div>\n<p><span style=\"color:#008000;\">Vous noterez le\u00a0 chapelet\u00a0 fermement\u00a0 tenue en mains par le Gouverneur en exercice, Madame Le DERFF ; notre\u00a0 grande orante, Gis\u00e9le Martenet,\u00a0 ayant\u00a0 \u00e9t\u00e9 retard\u00e9e dans sa route\u00a0 vers Fontevraud l&#8217;Abbaye.\u00a0\u00a0\u00a0\u00a0\u00a0\u00a0\u00a0\u00a0\u00a0\u00a0\u00a0\u00a0\u00a0\u00a0\u00a0\u00a0\u00a0\u00a0\u00a0\u00a0\u00a0\u00a0\u00a0\u00a0\u00a0\u00a0\u00a0\u00a0\u00a0\u00a0\u00a0\u00a0\u00a0\u00a0\u00a0\u00a0 Comment ne pas penser en voyant notre Gouverneur en pri\u00e8res \u00e0 la chanson tant de\u00a0 fois chant\u00e9e\u00a0 dans nos veill\u00e9es chouannes : <\/span><\/li>\n<li><span style=\"color:#008000;\">Prends ton fusil Gr\u00e9goire \/Prends ta gourde pour boire\/<span style=\"text-decoration:underline;\">Prends ta vierge d&#8217;ivoire<\/span> \/ Nos messieurs sont partis\/ Pour chasser la perdrix<br \/>\n<\/span><\/li>\n<\/ul>\n<p><span style=\"color:#008000;\"><em>\u00a0\u00a0\u00a0\u00a0\u00a0 Pour d&#8217;autres \u00e9l\u00e9ments de\u00a0 compte-rendu de cette journ\u00e9e, merci d&#8217;activer les liens ci-apr\u00e9s.<\/em><\/span><\/p>\n<ul>\n<li><a href=\"http:\/\/chartedefontevraultprovidentialisme.wordpress.com\/2014\/08\/28\/compte-rendu-1-des-rencontres-fontevristes-du-25-aout-2014-lettre-dabbaye\/\">http:\/\/chartedefontevraultprovidentialisme.wordpress.com\/2014\/08\/28\/compte-rendu-1-des-rencontres-fontevristes-du-25-aout-2014-lettre-dabbaye\/<\/a><\/li>\n<li><a href=\"http:\/\/chartedefontevraultprovidentialisme.wordpress.com\/2014\/08\/30\/compte-rendu-2-des-rencontres-fontevristes-du-25-aout-2014-le-mariage-annonce-entre-le-roi-et-la-france\/\">http:\/\/chartedefontevraultprovidentialisme.wordpress.com\/2014\/08\/30\/compte-rendu-2-des-rencontres-fontevristes-du-25-aout-2014-le-mariage-annonce-entre-le-roi-et-la-france\/<\/a><\/li>\n<\/ul>\n","protected":false},"excerpt":{"rendered":"<p>Vous identifierez\u00a0 facilement dans ce groupe\u00a0 en partie renouvell\u00e9 depuis l&#8217;ann\u00e9e derni\u00e8re : Recueillie et les yeux pench\u00e9s; Madame Le DERFF , gouverneur en exercice (2012-2015) de la Charte de&#8230; <a href=\"https:\/\/charte-fontevrault-providentialisme.fr\/index.php\/2014\/09\/03\/compte-rendu-3-des-rencontres-fontevristes-du-25-aout-2014\/\">Cliquez pour lire davantage &raquo;<\/a><\/p>\n","protected":false},"author":2,"featured_media":0,"comment_status":"open","ping_status":"open","sticky":false,"template":"","format":"standard","meta":{"footnotes":""},"categories":[4,12],"tags":[674,3330,3355,7660,8160,8395,12685,13394,14482,16845,20304,22174],"class_list":["post-5776","post","type-post","status-publish","format-standard","hentry","category-action-royaliste","category-blogs-et-sites-providentialistes","tag-alain-texier","tag-cja","tag-claude-laballe","tag-frederic-pachot","tag-gisele-martenet","tag-grande-orante","tag-jeanine-le-derff","tag-la-rose-et-le-reseda","tag-louis-aragon","tag-monument-aux-morts","tag-presidents-et-gouverneurs-de-la-charte","tag-rencontres-de-fontevrault"],"_links":{"self":[{"href":"https:\/\/charte-fontevrault-providentialisme.fr\/index.php\/wp-json\/wp\/v2\/posts\/5776","targetHints":{"allow":["GET"]}}],"collection":[{"href":"https:\/\/charte-fontevrault-providentialisme.fr\/index.php\/wp-json\/wp\/v2\/posts"}],"about":[{"href":"https:\/\/charte-fontevrault-providentialisme.fr\/index.php\/wp-json\/wp\/v2\/types\/post"}],"author":[{"embeddable":true,"href":"https:\/\/charte-fontevrault-providentialisme.fr\/index.php\/wp-json\/wp\/v2\/users\/2"}],"replies":[{"embeddable":true,"href":"https:\/\/charte-fontevrault-providentialisme.fr\/index.php\/wp-json\/wp\/v2\/comments?post=5776"}],"version-history":[{"count":0,"href":"https:\/\/charte-fontevrault-providentialisme.fr\/index.php\/wp-json\/wp\/v2\/posts\/5776\/revisions"}],"wp:attachment":[{"href":"https:\/\/charte-fontevrault-providentialisme.fr\/index.php\/wp-json\/wp\/v2\/media?parent=5776"}],"wp:term":[{"taxonomy":"category","embeddable":true,"href":"https:\/\/charte-fontevrault-providentialisme.fr\/index.php\/wp-json\/wp\/v2\/categories?post=5776"},{"taxonomy":"post_tag","embeddable":true,"href":"https:\/\/charte-fontevrault-providentialisme.fr\/index.php\/wp-json\/wp\/v2\/tags?post=5776"}],"curies":[{"name":"wp","href":"https:\/\/api.w.org\/{rel}","templated":true}]}}